{"id":21988,"date":"2020-03-28T04:53:35","date_gmt":"2020-03-28T03:53:35","guid":{"rendered":"http:\/\/sven-ove.nu\/?p=21988"},"modified":"2020-03-28T09:29:18","modified_gmt":"2020-03-28T08:29:18","slug":"21988","status":"publish","type":"post","link":"https:\/\/sven-ove.nu\/?p=21988","title":{"rendered":"V\u00e4lkommen i v\u00e5rt vardagsrum, Anders Tegnell"},"content":{"rendered":"<p><a href=\"https:\/\/sven-ove.nu\/wp-content\/uploads\/2019\/12\/Grankram.jpg\"><img loading=\"lazy\" decoding=\"async\" class=\"size-large wp-image-21574 alignnone\" src=\"https:\/\/sven-ove.nu\/wp-content\/uploads\/2019\/12\/Grankram-1024x1024.jpg\" alt=\"\" width=\"660\" height=\"660\" srcset=\"https:\/\/sven-ove.nu\/wp-content\/uploads\/2019\/12\/Grankram-1024x1024.jpg 1024w, https:\/\/sven-ove.nu\/wp-content\/uploads\/2019\/12\/Grankram-150x150.jpg 150w, https:\/\/sven-ove.nu\/wp-content\/uploads\/2019\/12\/Grankram-300x300.jpg 300w, https:\/\/sven-ove.nu\/wp-content\/uploads\/2019\/12\/Grankram-768x768.jpg 768w, https:\/\/sven-ove.nu\/wp-content\/uploads\/2019\/12\/Grankram.jpg 1280w\" sizes=\"auto, (max-width: 660px) 100vw, 660px\" \/><\/a><\/p>\n<p>Skriv dagbok om coronatiden, sa jag till en skrivintresserad ung man. Bra id\u00e9 sa han. G\u00f6r det du ocks\u00e5 morfar, s\u00e5 kan jag f\u00e5 \u00e4rva din dagbok sen.<\/p>\n<p>Mitt barnbarn L f\u00f6rstod precis hur jag menade. Detaljer, k\u00e4nslor, hur pandemin p\u00e5verkar v\u00e5ra liv. Det \u00e4r s\u00e5dant vi beh\u00f6ver dokumentera och f\u00f6ra vidare f\u00f6r att folk ska kunna dra l\u00e4rdom av minnena i framtiden.<\/p>\n<p>S\u00e5 jag skriver. Klipper coronask\u00e4mt fr\u00e5n Facebook och r\u00e5d fr\u00e5n Folkh\u00e4lsomyndigheten och klistrar in. Plitar ner egna k\u00e4nslor och episoder. Hur jag pl\u00f6tsligt l\u00e5ter bli att tr\u00e4ffa folk i flera veckor. Smyger som en skabbr\u00e4v mellan hyllorna p\u00e5 biblioteket i v\u00e4ntan p\u00e5 att mamman med barnet vid s\u00f6kdatorn och utl\u00e5ningsautomaten ska g\u00e5 d\u00e4rifr\u00e5n, s\u00e5 jag t\u00f6rs g\u00e5 fram. Hoppar ut i skogen n\u00e4r vi m\u00f6ter ett brett s\u00e4llskap i milbanan bortanf\u00f6r \u00c4ngbr\u00e5ten.<\/p>\n<p>De andas ut hela tiden, t\u00e4nk hur folk \u00e4r.<\/p>\n<p><strong>Inte personligen<br \/>\n<\/strong>I en tidning jag prenumererar p\u00e5 g\u00f6r de enk\u00e4t om viruset. Elma, 18 \u00e5r, fr\u00e5n Stockholm blir intervjuad. Hon r\u00f6r sig obekymrat p\u00e5 stan tillsammans med tv\u00e5 av sina v\u00e4ninnor.<\/p>\n<p style=\"padding-left: 40px;\"><em>\u201dIngen av oss eller v\u00e5ra familjer \u00e4r sjuka, d\u00e4rf\u00f6r k\u00e4nns det h\u00e4r med corona ganska l\u00e5ngt borta. Det \u00e4r ingenting som p\u00e5verkar oss p\u00e5 ett personligt plan, s\u00e4ger Elma.\u201d<\/em><\/p>\n<p>Jag hade en arbetskamrat en g\u00e5ng som kallades Elma. Elsa Lindskog, en tuff men under ytan varmhj\u00e4rtad kvinnlig pionj\u00e4r bland v\u00e4rml\u00e4ndska journalister, l\u00e4nge en av f\u00e5 kvinnor i branschen. Jag kommer att t\u00e4nka p\u00e5 henne. V\u00e5r Elma skulle ha blivit r\u00e4tt f\u00f6rbaskad p\u00e5 unga Elma men ocks\u00e5 tyckt synd om henne.<\/p>\n<p>H\u00e4ng med lite, skulle hon m\u00f6jligen ha t\u00e4nkt. L\u00e4s tidningarna, se p\u00e5 nyheterna. Var r\u00e4dd om dig lilla v\u00e4n. Se till att myndigheterna skaffar beredskapslager. Se till att l\u00e4karna v\u00e4ljer dig. Det \u00e4r \u00e5tminstone vad den h\u00e4r bl\u00f6dige men under ytan tuffe exreportern t\u00e4nker. Allt medan Sverige sjunker djupare in i sin karant\u00e4n.<\/p>\n<p><strong>All tid, ingen ro<br \/>\n<\/strong>Vi som inte jobbar inom sjukv\u00e5rden eller med myndigheternas dagliga presskonferenser har hur mycket tid som helst men ingen ro att fylla den med n\u00e5got. Mer \u00e4n just myndigheternas presskonferenser.<\/p>\n<p>Jag skrev i ett tidigare inl\u00e4gg att dessa myndigheter <a href=\"https:\/\/sven-ove.nu\/?p=21870\"><span style=\"color: #0000ff;\">sk\u00f6tte informationen d\u00e5ligt<\/span><\/a>. De mumlade, hostade, harklade och fumlade. Det st\u00e5r jag f\u00f6r. D\u00e5, n\u00e4r jag efterlyste en m\u00e4nniska med tr\u00f6ja som f\u00f6rm\u00e5r tr\u00f6sta oss. En s\u00e5dan d\u00e4r som brukar tr\u00e4da fram vid varje stor kris. V\u00e5r tids Lottie Knutson.<\/p>\n<p>Han har tr\u00e4tt fram nu. Han har till och med b\u00f6rjat b\u00e4ra tr\u00f6ja. V\u00e4lkommen i mitt vardagsrum, Anders Tegnell.<\/p>\n<p>Bra information \u00e4r n\u00e4st b\u00e4sta medicinen.<\/p>\n<p><em><span style=\"color: #ff6600;\"><strong>###<\/strong><\/span> Ordet <span style=\"color: #0000ff;\"><a style=\"color: #0000ff;\" href=\"http:\/\/www.isof.se\/om-oss\/vara-bloggar\/sprakradsbloggen\/inlagg-sprakrad\/2020-03-26-ord-i-coronans-spar-karantan.html\">karant\u00e4n<\/a><\/span> kommer av 40 dagar.<br \/>\n<\/em><em><span style=\"color: #ff6600;\"><strong>###<\/strong><\/span> Det har funnits i svenska spr\u00e5ket sedan 1687 och kom via franska\u00a0quarantaine\u00a0(fyrtio\u00adtal, fyr\u00adtio dagar, karant\u00e4n), ursprungligen fr\u00e5n italienskan. 40 dagar var sp\u00e4rrtiden f\u00f6r dem som misst\u00e4nktes vara pestsmittade p\u00e5 1400-talet.<br \/>\n<\/em><em><span style=\"color: #ff6600;\"><strong>###<\/strong> <\/span>Fyrtio dagar? D\u00e5 k\u00e4nner dom inte v\u00e5r corona. Hon \u00e4r tuffare \u00e4n s\u00e5.<\/em><\/p>\n<p><span style=\"color: #0000ff;\"><a style=\"color: #0000ff;\" href=\"https:\/\/sven-ove.nu\/\">Hem<\/a><\/span>\u00a0|\u00a0<a href=\"https:\/\/sven-ove.nu\/?page_id=170\"><span style=\"color: #0000ff;\">Om mig<\/span><\/a>\u00a0|\u00a0<span style=\"color: #0000ff;\"><a style=\"color: #0000ff;\" href=\"https:\/\/sven-ove.nu\/?page_id=1385\">Skriva &amp; prata<\/a>\u00a0<\/span>|\u00a0<span style=\"color: #0000ff;\"><a style=\"color: #0000ff;\" href=\"https:\/\/sven-ove.nu\/?page_id=100\">Politik<\/a><\/span>\u00a0|\u00a0<span style=\"color: #0000ff;\"><a style=\"color: #0000ff;\" href=\"https:\/\/sven-ove.nu\/?page_id=102\">L\u00f6pa<\/a><\/span>\u00a0|\u00a0<span style=\"color: #0000ff;\"><a style=\"color: #0000ff;\" href=\"https:\/\/sven-ove.nu\/?page_id=108\">Viktor Root<\/a><\/span><br \/>\n<em>Inl\u00e4gg nr 2 054. (c) Sven-Ove Svensson (men dela g\u00e4rna)<\/em><\/p>\n","protected":false},"excerpt":{"rendered":"<p>Skriv dagbok om coronatiden, sa jag till en skrivintresserad ung man. Bra id\u00e9 sa han. G\u00f6r det du ocks\u00e5 morfar, s\u00e5 kan jag f\u00e5 \u00e4rva din dagbok sen. Mitt barnbarn L f\u00f6rstod precis hur jag menade. Detaljer, k\u00e4nslor, hur pandemin p\u00e5verkar v\u00e5ra liv. Det \u00e4r s\u00e5dant vi beh\u00f6ver dokumentera och f\u00f6ra vidare f\u00f6r att folk &hellip; <a href=\"https:\/\/sven-ove.nu\/?p=21988\" class=\"more-link\">Forts\u00e4tt l\u00e4sa <span class=\"screen-reader-text\">V\u00e4lkommen i v\u00e5rt vardagsrum, Anders Tegnell<\/span><\/a><\/p>\n","protected":false},"author":1,"featured_media":0,"comment_status":"closed","ping_status":"open","sticky":false,"template":"","format":"standard","meta":{"_crdt_document":"","_monsterinsights_skip_tracking":false,"_monsterinsights_sitenote_active":false,"_monsterinsights_sitenote_note":"","_monsterinsights_sitenote_category":0,"footnotes":""},"categories":[28,4],"tags":[24,18,15,17],"class_list":["post-21988","post","type-post","status-publish","format-standard","hentry","category-kreativt-folk","category-skrivande","tag-karlek","tag-lardomar","tag-mediedjungeln","tag-solidaritet"],"_links":{"self":[{"href":"https:\/\/sven-ove.nu\/index.php?rest_route=\/wp\/v2\/posts\/21988","targetHints":{"allow":["GET"]}}],"collection":[{"href":"https:\/\/sven-ove.nu\/index.php?rest_route=\/wp\/v2\/posts"}],"about":[{"href":"https:\/\/sven-ove.nu\/index.php?rest_route=\/wp\/v2\/types\/post"}],"author":[{"embeddable":true,"href":"https:\/\/sven-ove.nu\/index.php?rest_route=\/wp\/v2\/users\/1"}],"replies":[{"embeddable":true,"href":"https:\/\/sven-ove.nu\/index.php?rest_route=%2Fwp%2Fv2%2Fcomments&post=21988"}],"version-history":[{"count":6,"href":"https:\/\/sven-ove.nu\/index.php?rest_route=\/wp\/v2\/posts\/21988\/revisions"}],"predecessor-version":[{"id":21994,"href":"https:\/\/sven-ove.nu\/index.php?rest_route=\/wp\/v2\/posts\/21988\/revisions\/21994"}],"wp:attachment":[{"href":"https:\/\/sven-ove.nu\/index.php?rest_route=%2Fwp%2Fv2%2Fmedia&parent=21988"}],"wp:term":[{"taxonomy":"category","embeddable":true,"href":"https:\/\/sven-ove.nu\/index.php?rest_route=%2Fwp%2Fv2%2Fcategories&post=21988"},{"taxonomy":"post_tag","embeddable":true,"href":"https:\/\/sven-ove.nu\/index.php?rest_route=%2Fwp%2Fv2%2Ftags&post=21988"}],"curies":[{"name":"wp","href":"https:\/\/api.w.org\/{rel}","templated":true}]}}