{"id":21995,"date":"2020-03-29T04:43:54","date_gmt":"2020-03-29T03:43:54","guid":{"rendered":"http:\/\/sven-ove.nu\/?p=21995"},"modified":"2020-03-28T16:38:06","modified_gmt":"2020-03-28T15:38:06","slug":"21995","status":"publish","type":"post","link":"https:\/\/sven-ove.nu\/?p=21995","title":{"rendered":"Det \u00e4r inte doktorn som best\u00e4mmer vem som ska f\u00e5 leva"},"content":{"rendered":"<p><a href=\"https:\/\/sven-ove.nu\/wp-content\/uploads\/2020\/03\/Skarf.jpg\"><img loading=\"lazy\" decoding=\"async\" class=\"size-large wp-image-21999 alignnone\" src=\"https:\/\/sven-ove.nu\/wp-content\/uploads\/2020\/03\/Skarf-954x1024.jpg\" alt=\"\" width=\"660\" height=\"708\" srcset=\"https:\/\/sven-ove.nu\/wp-content\/uploads\/2020\/03\/Skarf-954x1024.jpg 954w, https:\/\/sven-ove.nu\/wp-content\/uploads\/2020\/03\/Skarf-279x300.jpg 279w, https:\/\/sven-ove.nu\/wp-content\/uploads\/2020\/03\/Skarf-768x825.jpg 768w, https:\/\/sven-ove.nu\/wp-content\/uploads\/2020\/03\/Skarf.jpg 1192w\" sizes=\"auto, (max-width: 660px) 100vw, 660px\" \/><\/a><\/p>\n<blockquote><p>En och annan k\u00f6ksbordsexpert i \u00e4mnet corona \u00e4r uppr\u00f6rd \u00f6ver att sjukv\u00e5rden kan beh\u00f6va prioritera mellan vilka som ska f\u00e5 intensivv\u00e5rd. Jag kan meddela att den prioriteringen har skett i alla tider, n\u00e4r det varit n\u00f6dv\u00e4ndigt.<\/p><\/blockquote>\n<p>Det skedde i v\u00e4rsta fallen, n\u00e4r vi valde vart vi skulle skicka ambulans d\u00e5 jag jobbade p\u00e5 SOS-centralen.<\/p>\n<p>Det sker p\u00e5 skadeplatsen vid stora olyckor.<\/p>\n<p>Det sker p\u00e5 sjukhusen n\u00e4r patienterna kommer dit, s\u00e5dana g\u00e5nger.<\/p>\n<p>Det sker n\u00e4r v\u00e5ra politiker beslutar om sjukv\u00e5rdens budgetar, organisation och beredskap. Inklusive beredskapslager.<\/p>\n<p>Det \u00e4r inte i f\u00f6rsta hand doktorn som best\u00e4mmer vem som ska f\u00e5 leva.<\/p>\n<p>Det \u00e4r politikern.<\/p>\n<p><span style=\"color: #0000ff;\"><a style=\"color: #0000ff;\" href=\"https:\/\/sven-ove.nu\/\">Hem<\/a><\/span>\u00a0|\u00a0<a href=\"https:\/\/sven-ove.nu\/?page_id=170\"><span style=\"color: #0000ff;\">Om mig<\/span><\/a>\u00a0|\u00a0<span style=\"color: #0000ff;\"><a style=\"color: #0000ff;\" href=\"https:\/\/sven-ove.nu\/?page_id=1385\">Skriva &amp; prata<\/a><\/span>\u00a0|\u00a0<span style=\"color: #0000ff;\"><a style=\"color: #0000ff;\" href=\"https:\/\/sven-ove.nu\/?page_id=100\">Politik<\/a><\/span>\u00a0|\u00a0<span style=\"color: #0000ff;\"><a style=\"color: #0000ff;\" href=\"https:\/\/sven-ove.nu\/?page_id=102\">L\u00f6pa<\/a><\/span>\u00a0|\u00a0<span style=\"color: #0000ff;\"><a style=\"color: #0000ff;\" href=\"https:\/\/sven-ove.nu\/?page_id=108\">Viktor Root<\/a><\/span><br \/>\nInl\u00e4gg nr 2 055. (c) Sven-Ove Svensson (men dela g\u00e4rna)<\/p>\n","protected":false},"excerpt":{"rendered":"<p>En och annan k\u00f6ksbordsexpert i \u00e4mnet corona \u00e4r uppr\u00f6rd \u00f6ver att sjukv\u00e5rden kan beh\u00f6va prioritera mellan vilka som ska f\u00e5 intensivv\u00e5rd. Jag kan meddela att den prioriteringen har skett i alla tider, n\u00e4r det varit n\u00f6dv\u00e4ndigt. Det skedde i v\u00e4rsta fallen, n\u00e4r vi valde vart vi skulle skicka ambulans d\u00e5 jag jobbade p\u00e5 SOS-centralen. Det &hellip; <a href=\"https:\/\/sven-ove.nu\/?p=21995\" class=\"more-link\">Forts\u00e4tt l\u00e4sa <span class=\"screen-reader-text\">Det \u00e4r inte doktorn som best\u00e4mmer vem som ska f\u00e5 leva<\/span><\/a><\/p>\n","protected":false},"author":1,"featured_media":0,"comment_status":"closed","ping_status":"open","sticky":false,"template":"","format":"standard","meta":{"_crdt_document":"","_monsterinsights_skip_tracking":false,"_monsterinsights_sitenote_active":false,"_monsterinsights_sitenote_note":"","_monsterinsights_sitenote_category":0,"footnotes":""},"categories":[9],"tags":[8,18,15,17,13],"class_list":["post-21995","post","type-post","status-publish","format-standard","hentry","category-politik","tag-historia","tag-lardomar","tag-mediedjungeln","tag-solidaritet","tag-utrustning"],"_links":{"self":[{"href":"https:\/\/sven-ove.nu\/index.php?rest_route=\/wp\/v2\/posts\/21995","targetHints":{"allow":["GET"]}}],"collection":[{"href":"https:\/\/sven-ove.nu\/index.php?rest_route=\/wp\/v2\/posts"}],"about":[{"href":"https:\/\/sven-ove.nu\/index.php?rest_route=\/wp\/v2\/types\/post"}],"author":[{"embeddable":true,"href":"https:\/\/sven-ove.nu\/index.php?rest_route=\/wp\/v2\/users\/1"}],"replies":[{"embeddable":true,"href":"https:\/\/sven-ove.nu\/index.php?rest_route=%2Fwp%2Fv2%2Fcomments&post=21995"}],"version-history":[{"count":7,"href":"https:\/\/sven-ove.nu\/index.php?rest_route=\/wp\/v2\/posts\/21995\/revisions"}],"predecessor-version":[{"id":22003,"href":"https:\/\/sven-ove.nu\/index.php?rest_route=\/wp\/v2\/posts\/21995\/revisions\/22003"}],"wp:attachment":[{"href":"https:\/\/sven-ove.nu\/index.php?rest_route=%2Fwp%2Fv2%2Fmedia&parent=21995"}],"wp:term":[{"taxonomy":"category","embeddable":true,"href":"https:\/\/sven-ove.nu\/index.php?rest_route=%2Fwp%2Fv2%2Fcategories&post=21995"},{"taxonomy":"post_tag","embeddable":true,"href":"https:\/\/sven-ove.nu\/index.php?rest_route=%2Fwp%2Fv2%2Ftags&post=21995"}],"curies":[{"name":"wp","href":"https:\/\/api.w.org\/{rel}","templated":true}]}}