{"id":22019,"date":"2020-04-09T04:31:57","date_gmt":"2020-04-09T03:31:57","guid":{"rendered":"http:\/\/sven-ove.nu\/?p=22019"},"modified":"2020-04-08T18:41:02","modified_gmt":"2020-04-08T17:41:02","slug":"22019","status":"publish","type":"post","link":"https:\/\/sven-ove.nu\/?p=22019","title":{"rendered":"N\u00e5gon har jobbat hemma f\u00f6r l\u00e4nge"},"content":{"rendered":"<p><a href=\"https:\/\/sven-ove.nu\/wp-content\/uploads\/2020\/04\/Tal-till-nationen.jpg\"><img loading=\"lazy\" decoding=\"async\" class=\"size-large wp-image-22021 alignnone\" src=\"https:\/\/sven-ove.nu\/wp-content\/uploads\/2020\/04\/Tal-till-nationen-1024x708.jpg\" alt=\"\" width=\"660\" height=\"456\" srcset=\"https:\/\/sven-ove.nu\/wp-content\/uploads\/2020\/04\/Tal-till-nationen-1024x708.jpg 1024w, https:\/\/sven-ove.nu\/wp-content\/uploads\/2020\/04\/Tal-till-nationen-300x207.jpg 300w, https:\/\/sven-ove.nu\/wp-content\/uploads\/2020\/04\/Tal-till-nationen-768x531.jpg 768w, https:\/\/sven-ove.nu\/wp-content\/uploads\/2020\/04\/Tal-till-nationen.jpg 1280w\" sizes=\"auto, (max-width: 660px) 100vw, 660px\" \/><\/a><\/p>\n<p>Influensan \u00e4r en klassfr\u00e5ga. Inte bara &#8211; men det ocks\u00e5. Fattigt tr\u00e5ngbott folk drabbas oftare. Folk som inte kan jobba hemma drabbas oftare.<\/p>\n<p>Den ekonomiska krisen \u00e4r likadan. Alla har inte r\u00e5d att sjukskriva sig. Alla har inte tre m\u00e5naders buffert.<\/p>\n<p><strong>Yrkesskada som larmoperat\u00f6r<br \/>\n<\/strong>Kanske \u00e4r det en yrkessjukdom som gammal SOS-operat\u00f6r och r\u00e4ddningsverkare. Kanske \u00e4ven fr\u00e5n alla \u00e5r som journalist och nyhetsn\u00f6rd. Jag var hur som helst tidig med att f\u00f6resl\u00e5 att diverse \u00e5rsm\u00f6ten och sammankomster skulle st\u00e4llas in.<\/p>\n<p>S\u00e5 blev det. Jag tror det var klokt.<\/p>\n<p>Fast visst \u00e4r det l\u00e4ttare f\u00f6r oss introverta att h\u00e5lla social distans. En dag g\u00e5r jag f\u00f6r skojs skull in p\u00e5 kontot och tittar n\u00e4r jag senast handlade med kortet. Svar: det var n\u00e4r den k\u00e4ra v\u00e4nnen och jag \u00e5t fl\u00e4skfil\u00e9 p\u00e5 fin restaurang nere i byn.<\/p>\n<p>Om aftonen den 20 februari.<\/p>\n<p><strong>De od\u00f6dliga<br \/>\n<\/strong>Som jag ser det finns det riskgrupp A och riskgrupp B. Grupp A \u00e4r de som \u00e4r 70+ och n\u00e5gra till. Grupp B \u00e4r de som tror att de \u00e4r od\u00f6dliga och som under tiden de allts\u00e5 inte d\u00f6r aldrig skulle kunna smitta n\u00e5gon som \u00c4R d\u00f6dlig.<\/p>\n<p>Aldrig. Inte de.<\/p>\n<p>Det d\u00e4r kommer ett visst virus att r\u00e4tta till. All \u00e4kta kunskaps ursprung \u00e4r direkt erfarenhet, var det n\u00e5gon som sa. \u00c4ven uteserveringarnas t\u00e4ttsittare kommer att uppt\u00e4cka att de har v\u00e4nner som b\u00f6rjar hosta och f\u00e5r sv\u00e5rt att andas.<\/p>\n<p>Om coronan till allt el\u00e4nde n\u00e4rmar sig dem.<\/p>\n<p><strong>Ser dem p\u00e5 Facebook<br \/>\n<\/strong>Sj\u00e4lva har vi klarat oss fr\u00e5n s\u00e5dana rapporter i v\u00e5r n\u00e4rhet. V\u00e4rmland \u00e4r minst drabbat per capita, l\u00e4ser jag. Hittills. Fast p\u00e5 Facebook ser jag dock hur v\u00e4nner har f\u00e5tt el\u00e4ndet. Krya p\u00e5 er, go&#8217;v\u00e4nner!<\/p>\n<p>Dessemellan l\u00e4ser jag om folk som anm\u00e4ler sig som volont\u00e4rer, goda medm\u00e4nniskor som handlar och g\u00e5r andra \u00e4renden. Solidaritet.\u00a0Krisen pr\u00f6var oss. Somliga v\u00e4xer, det g\u00e4ller b\u00e5de politiker och ovalda.<\/p>\n<p>Men en klassjuka \u00e4r hon, coronan.<\/p>\n<p><em><strong><span style=\"color: #ff6600;\">###<\/span><\/strong> Minnesgoda l\u00e4sare minns f\u00f6rmodligen att jag inte \u00e4r n\u00e5gon spr\u00e5kpolis.<\/em><br \/>\n<em><span style=\"color: #ff6600;\"><strong>###<\/strong><\/span> Inte v\u00e4rst.<\/em><br \/>\n<em><span style=\"color: #ff6600;\"><strong>###<\/strong><\/span> I g\u00e5r s\u00e5g jag rubriken som n\u00e4stan \u00e4ndrade p\u00e5 det: <\/em><strong><em>\u201dF\u00f6r\u00e4ldrakritik mot danska upp\u00f6ppningen\u201d.<\/em><\/strong><\/p>\n<p><em>N\u00e5gon har jobbat hemma f\u00f6r l\u00e4nge.<\/em><\/p>\n<p><span style=\"color: #0000ff;\"><a style=\"color: #0000ff;\" href=\"https:\/\/sven-ove.nu\/\">Hem<\/a><\/span>\u00a0|\u00a0<a href=\"https:\/\/sven-ove.nu\/?page_id=170\"><span style=\"color: #0000ff;\">Om mig<\/span><\/a>\u00a0|<span style=\"color: #0000ff;\">\u00a0<a style=\"color: #0000ff;\" href=\"https:\/\/sven-ove.nu\/?page_id=1385\">Skriva &amp; prata<\/a><\/span>\u00a0|\u00a0<span style=\"color: #0000ff;\"><a style=\"color: #0000ff;\" href=\"https:\/\/sven-ove.nu\/?page_id=100\">Politik<\/a><\/span>\u00a0|\u00a0<span style=\"color: #0000ff;\"><a style=\"color: #0000ff;\" href=\"https:\/\/sven-ove.nu\/?page_id=102\">L\u00f6pa<\/a><\/span>\u00a0|\u00a0<span style=\"color: #0000ff;\"><a style=\"color: #0000ff;\" href=\"https:\/\/sven-ove.nu\/?page_id=108\">Viktor Root<\/a><\/span><br \/>\n<em>Inl\u00e4gg nr 2 057. (c) Sven-Ove Svensson (men dela g\u00e4rna) <\/em><\/p>\n","protected":false},"excerpt":{"rendered":"<p>Influensan \u00e4r en klassfr\u00e5ga. Inte bara &#8211; men det ocks\u00e5. Fattigt tr\u00e5ngbott folk drabbas oftare. Folk som inte kan jobba hemma drabbas oftare. Den ekonomiska krisen \u00e4r likadan. Alla har inte r\u00e5d att sjukskriva sig. Alla har inte tre m\u00e5naders buffert. Yrkesskada som larmoperat\u00f6r Kanske \u00e4r det en yrkessjukdom som gammal SOS-operat\u00f6r och r\u00e4ddningsverkare. Kanske &hellip; <a href=\"https:\/\/sven-ove.nu\/?p=22019\" class=\"more-link\">Forts\u00e4tt l\u00e4sa <span class=\"screen-reader-text\">N\u00e5gon har jobbat hemma f\u00f6r l\u00e4nge<\/span><\/a><\/p>\n","protected":false},"author":1,"featured_media":0,"comment_status":"closed","ping_status":"open","sticky":false,"template":"","format":"standard","meta":{"_crdt_document":"","_monsterinsights_skip_tracking":false,"_monsterinsights_sitenote_active":false,"_monsterinsights_sitenote_note":"","_monsterinsights_sitenote_category":0,"footnotes":""},"categories":[9,4],"tags":[3,16,8,18,14,15,17],"class_list":["post-22019","post","type-post","status-publish","format-standard","hentry","category-politik","category-skrivande","tag-arbete","tag-dumheter","tag-historia","tag-lardomar","tag-lasning","tag-mediedjungeln","tag-solidaritet"],"_links":{"self":[{"href":"https:\/\/sven-ove.nu\/index.php?rest_route=\/wp\/v2\/posts\/22019","targetHints":{"allow":["GET"]}}],"collection":[{"href":"https:\/\/sven-ove.nu\/index.php?rest_route=\/wp\/v2\/posts"}],"about":[{"href":"https:\/\/sven-ove.nu\/index.php?rest_route=\/wp\/v2\/types\/post"}],"author":[{"embeddable":true,"href":"https:\/\/sven-ove.nu\/index.php?rest_route=\/wp\/v2\/users\/1"}],"replies":[{"embeddable":true,"href":"https:\/\/sven-ove.nu\/index.php?rest_route=%2Fwp%2Fv2%2Fcomments&post=22019"}],"version-history":[{"count":10,"href":"https:\/\/sven-ove.nu\/index.php?rest_route=\/wp\/v2\/posts\/22019\/revisions"}],"predecessor-version":[{"id":22030,"href":"https:\/\/sven-ove.nu\/index.php?rest_route=\/wp\/v2\/posts\/22019\/revisions\/22030"}],"wp:attachment":[{"href":"https:\/\/sven-ove.nu\/index.php?rest_route=%2Fwp%2Fv2%2Fmedia&parent=22019"}],"wp:term":[{"taxonomy":"category","embeddable":true,"href":"https:\/\/sven-ove.nu\/index.php?rest_route=%2Fwp%2Fv2%2Fcategories&post=22019"},{"taxonomy":"post_tag","embeddable":true,"href":"https:\/\/sven-ove.nu\/index.php?rest_route=%2Fwp%2Fv2%2Ftags&post=22019"}],"curies":[{"name":"wp","href":"https:\/\/api.w.org\/{rel}","templated":true}]}}