{"id":22031,"date":"2020-04-13T04:40:05","date_gmt":"2020-04-13T03:40:05","guid":{"rendered":"http:\/\/sven-ove.nu\/?p=22031"},"modified":"2020-04-12T23:15:01","modified_gmt":"2020-04-12T22:15:01","slug":"lilla-fotokursen-for-ettriga","status":"publish","type":"post","link":"https:\/\/sven-ove.nu\/?p=22031","title":{"rendered":"Lilla fotokursen f\u00f6r ettriga"},"content":{"rendered":"<p><a href=\"https:\/\/sven-ove.nu\/wp-content\/uploads\/2020\/04\/Ska\u0308rmavbild-2020-04-13-kl.-00.10.09.png\"><img loading=\"lazy\" decoding=\"async\" class=\"size-full wp-image-22043 alignnone\" src=\"https:\/\/sven-ove.nu\/wp-content\/uploads\/2020\/04\/Ska\u0308rmavbild-2020-04-13-kl.-00.10.09.png\" alt=\"\" width=\"823\" height=\"220\" srcset=\"https:\/\/sven-ove.nu\/wp-content\/uploads\/2020\/04\/Ska\u0308rmavbild-2020-04-13-kl.-00.10.09.png 823w, https:\/\/sven-ove.nu\/wp-content\/uploads\/2020\/04\/Ska\u0308rmavbild-2020-04-13-kl.-00.10.09-300x80.png 300w, https:\/\/sven-ove.nu\/wp-content\/uploads\/2020\/04\/Ska\u0308rmavbild-2020-04-13-kl.-00.10.09-768x205.png 768w\" sizes=\"auto, (max-width: 823px) 100vw, 823px\" \/><\/a><\/p>\n<blockquote><p>Dagens inl\u00e4gg har en sensmoral. S\u00e4lj dig aldrig till Mammon och inte till n\u00e5gon annan djefvul heller. Det straffar sig.<\/p><\/blockquote>\n<p>S\u00e5h\u00e4r \u00e4r det. Just n\u00e4r coronan kom till trakten fick jag min kallelse fr\u00e5n sjukv\u00e5rden. \u201dKom till hudmottagningen, nu \u00e4r det dags.\u201d N\u00e5gonting i den stilen stod det. Hudf\u00f6r\u00e4ndring p\u00e5 ryggen. Jag for till stan, intygade i entr\u00e9n att jag inte hade hosta, feber eller snuva och sl\u00e4pptes in. En trevlig doktor bed\u00f6vade, skar och sydde tre stygn. Sedan s\u00e5g han mig djupt i mitt f\u00f6re detta h\u00e5rf\u00e4ste och ordinerade salva, solskyddsfaktor 50 och en vacker solhatt.<\/p>\n<p>Han sa s\u00e5. En vacker solhatt.<\/p>\n<p>Nu \u00e4r jag s\u00e5dan skapt att jag lyder doktorer. Efter en afton p\u00e5 n\u00e4tet hittar jag den. Vacker solhatt, 224 kronor. Lycklig g\u00e5r jag till brevl\u00e5dan tre dagar senare och h\u00e4mtar kartongen. Provar, blir k\u00e4r vid f\u00f6rsta p\u00e5tagningen, trivs.<\/p>\n<p>Det ligger ett reklamblad i kartongen ocks\u00e5: &#8211; L\u00e4gg ut bild och r\u00e4tt hashtag p\u00e5 Instagram s\u00e5 kanske du blir den som f\u00e5r din hatt gratis.<\/p>\n<p>P\u00e5 s\u00e5 vis.<\/p>\n<p>Fnittrig ber jag den k\u00e4ra v\u00e4nnen om hj\u00e4lp. Min solhatt ska f\u00e5 sina 15 minuter av ber\u00f6mmelse.<br \/>\n&#8211; Kan du ta en bild av mig och hatten? Bakifr\u00e5n. Det \u00e4r hatten som \u00e4r huvudsaken.<br \/>\n&#8211; Hattar brukar vara det.<br \/>\n&#8211; Ja ja, kn\u00e4pp nu.<\/p>\n<p>Sedan b\u00f6rjar en \u00e4ktenskaplig cirkus, tr\u00e4dg\u00e5rden runt. Ju l\u00e4ngre tid det tar, desto mer stressad blir jag. Nej, inte riktigt s\u00e5 mycket byggnad i bakgrunden. Nej, f\u00f6rs\u00f6k f\u00e5 med mer hatt och g\u00f6r bakgrunden renare. Nej v\u00e4nta, bilden beh\u00f6ver att det h\u00e4nder n\u00e5t. Mer kratta. Mer hatt och kratta!<\/p>\n<p>Jag \u00e4r stressad f\u00f6r att grannarna ska se mig. Inte ser vi hur bilden ska bli n\u00e4r vi tar den heller, sol p\u00e5 sk\u00e4rmen g\u00f6r att inget syns h\u00e4r utomhus. Till sist muttrar jag, ja jag gn\u00e4ller h\u00f6gljutt faktiskt. St\u00e5r d\u00e4r p\u00e5 kn\u00e4 med en krattj\u00e4kel i n\u00e4ven och sk\u00e4ller p\u00e5 henne jag \u00e4lskar.<\/p>\n<p>Den bilden blir bra. Den tar vi. Tack! Fort in nu.<\/p>\n<p style=\"padding-left: 40px;\"><span style=\"color: #ff6600;\">***<\/span><\/p>\n<p>Tv\u00e5 dagar senare ser jag vad jag har missat. Det \u00e4r d\u00e5 jag uppt\u00e4cker hur bra hennes f\u00f6rsta foto blev, det som jag sk\u00e4llde p\u00e5. D\u00e4r \u00e4r solhatten, d\u00e4r \u00e4r krattan, d\u00e4r \u00e4r lekstugan. Allt. Bilden \u00e4r perfekt. Hela fotot vibrerar av l\u00e4ngtan i coronans m\u00e5nad. Hon har tagit \u00e5rets bild och jag s\u00e5g den inte.<\/p>\n<p>Ser du inte hur gubben med krattan riktigt suktar efter ett slut p\u00e5 pension\u00e4rskarant\u00e4nen, l\u00e4ngtar efter liv i tr\u00e4dg\u00e5rden igen, vill att vi \u00e5ter ska bli tre generationer, inte en?<\/p>\n<p>Urs\u00e4kta, har jag sagt vilken lyh\u00f6rd och fin bild du tog?<br \/>\nDen \u00e4r underbar.<\/p>\n<p><a href=\"https:\/\/sven-ove.nu\/wp-content\/uploads\/2020\/04\/La\u0308ngtan-va\u030aren-2020.jpg\"><img loading=\"lazy\" decoding=\"async\" class=\"size-large wp-image-22041 alignnone\" src=\"https:\/\/sven-ove.nu\/wp-content\/uploads\/2020\/04\/La\u0308ngtan-va\u030aren-2020-1024x1024.jpg\" alt=\"\" width=\"660\" height=\"660\" srcset=\"https:\/\/sven-ove.nu\/wp-content\/uploads\/2020\/04\/La\u0308ngtan-va\u030aren-2020-1024x1024.jpg 1024w, https:\/\/sven-ove.nu\/wp-content\/uploads\/2020\/04\/La\u0308ngtan-va\u030aren-2020-300x300.jpg 300w, https:\/\/sven-ove.nu\/wp-content\/uploads\/2020\/04\/La\u0308ngtan-va\u030aren-2020-150x150.jpg 150w, https:\/\/sven-ove.nu\/wp-content\/uploads\/2020\/04\/La\u0308ngtan-va\u030aren-2020-768x768.jpg 768w, https:\/\/sven-ove.nu\/wp-content\/uploads\/2020\/04\/La\u0308ngtan-va\u030aren-2020.jpg 1280w\" sizes=\"auto, (max-width: 660px) 100vw, 660px\" \/><\/a><\/p>\n<p style=\"padding-left: 40px;\"><em>L\u00e4ngtan v\u00e5ren 2020. (Foto: Inger Nilsson).<\/em><\/p>\n<p><span style=\"color: #0000ff;\"><a style=\"color: #0000ff;\" href=\"https:\/\/sven-ove.nu\/\">Hem<\/a><\/span>\u00a0|\u00a0<span style=\"color: #0000ff;\"><a style=\"color: #0000ff;\" href=\"https:\/\/sven-ove.nu\/?page_id=170\">Om mig<\/a><\/span>\u00a0|\u00a0<span style=\"color: #0000ff;\"><a style=\"color: #0000ff;\" href=\"https:\/\/sven-ove.nu\/?page_id=1385\">Skriva &amp; prata<\/a><\/span>\u00a0|\u00a0<span style=\"color: #0000ff;\"><a style=\"color: #0000ff;\" href=\"https:\/\/sven-ove.nu\/?page_id=100\">Politik<\/a><\/span>\u00a0|\u00a0<span style=\"color: #0000ff;\"><a style=\"color: #0000ff;\" href=\"https:\/\/sven-ove.nu\/?page_id=102\">L\u00f6pa<\/a><\/span>\u00a0|\u00a0<span style=\"color: #0000ff;\"><a style=\"color: #0000ff;\" href=\"https:\/\/sven-ove.nu\/?page_id=108\">Viktor Root<\/a><\/span><br \/>\n<em>Inl\u00e4gg nr 2 058. (c) Sven-Ove Svensson (men dela g\u00e4rna) <\/em><\/p>\n","protected":false},"excerpt":{"rendered":"<p>Dagens inl\u00e4gg har en sensmoral. S\u00e4lj dig aldrig till Mammon och inte till n\u00e5gon annan djefvul heller. Det straffar sig. S\u00e5h\u00e4r \u00e4r det. Just n\u00e4r coronan kom till trakten fick jag min kallelse fr\u00e5n sjukv\u00e5rden. \u201dKom till hudmottagningen, nu \u00e4r det dags.\u201d N\u00e5gonting i den stilen stod det. Hudf\u00f6r\u00e4ndring p\u00e5 ryggen. Jag for till stan, &hellip; <a href=\"https:\/\/sven-ove.nu\/?p=22031\" class=\"more-link\">Forts\u00e4tt l\u00e4sa <span class=\"screen-reader-text\">Lilla fotokursen f\u00f6r ettriga<\/span><\/a><\/p>\n","protected":false},"author":1,"featured_media":0,"comment_status":"closed","ping_status":"open","sticky":false,"template":"","format":"standard","meta":{"_crdt_document":"","_monsterinsights_skip_tracking":false,"_monsterinsights_sitenote_active":false,"_monsterinsights_sitenote_note":"","_monsterinsights_sitenote_category":0,"footnotes":""},"categories":[10,28],"tags":[24],"class_list":["post-22031","post","type-post","status-publish","format-standard","hentry","category-familjen","category-kreativt-folk","tag-karlek"],"_links":{"self":[{"href":"https:\/\/sven-ove.nu\/index.php?rest_route=\/wp\/v2\/posts\/22031","targetHints":{"allow":["GET"]}}],"collection":[{"href":"https:\/\/sven-ove.nu\/index.php?rest_route=\/wp\/v2\/posts"}],"about":[{"href":"https:\/\/sven-ove.nu\/index.php?rest_route=\/wp\/v2\/types\/post"}],"author":[{"embeddable":true,"href":"https:\/\/sven-ove.nu\/index.php?rest_route=\/wp\/v2\/users\/1"}],"replies":[{"embeddable":true,"href":"https:\/\/sven-ove.nu\/index.php?rest_route=%2Fwp%2Fv2%2Fcomments&post=22031"}],"version-history":[{"count":11,"href":"https:\/\/sven-ove.nu\/index.php?rest_route=\/wp\/v2\/posts\/22031\/revisions"}],"predecessor-version":[{"id":22045,"href":"https:\/\/sven-ove.nu\/index.php?rest_route=\/wp\/v2\/posts\/22031\/revisions\/22045"}],"wp:attachment":[{"href":"https:\/\/sven-ove.nu\/index.php?rest_route=%2Fwp%2Fv2%2Fmedia&parent=22031"}],"wp:term":[{"taxonomy":"category","embeddable":true,"href":"https:\/\/sven-ove.nu\/index.php?rest_route=%2Fwp%2Fv2%2Fcategories&post=22031"},{"taxonomy":"post_tag","embeddable":true,"href":"https:\/\/sven-ove.nu\/index.php?rest_route=%2Fwp%2Fv2%2Ftags&post=22031"}],"curies":[{"name":"wp","href":"https:\/\/api.w.org\/{rel}","templated":true}]}}