{"id":22049,"date":"2020-04-20T08:36:58","date_gmt":"2020-04-20T07:36:58","guid":{"rendered":"http:\/\/sven-ove.nu\/?p=22049"},"modified":"2020-04-20T08:36:58","modified_gmt":"2020-04-20T07:36:58","slug":"fem-ar-som-praglat-mig","status":"publish","type":"post","link":"https:\/\/sven-ove.nu\/?p=22049","title":{"rendered":"Fem \u00e5r som pr\u00e4glat mig"},"content":{"rendered":"<p class=\"p1\">\u00c5ren 1978-1983 bodde vi i Sunne. Det var lyckliga \u00e5r (d\u00e4r med) som pr\u00e4glat mig p\u00e5 minst tv\u00e5 s\u00e4tt.<\/p>\n<p class=\"p1\">Nu har kommunen bett mig blogga p\u00e5 Sunnebloggen i tv\u00e5 veckor. Kul! H\u00e4r \u00e4r f\u00f6rsta inl\u00e4gget:<br \/>\n<strong><span style=\"color: #0000ff;\"><a style=\"color: #0000ff;\" href=\"http:\/\/sunnebloggen.blogspot.com\/2020\/04\/sunne-det-ar-val-fint.html\">&#8211; Sunne, det \u00e4r v\u00e4l fint?<\/a><\/span><\/strong><\/p>\n<p><span style=\"color: #0000ff;\"><a style=\"color: #0000ff;\" href=\"https:\/\/sven-ove.nu\/\">Hem<\/a><\/span>\u00a0|\u00a0<span style=\"color: #0000ff;\"><a style=\"color: #0000ff;\" href=\"https:\/\/sven-ove.nu\/?page_id=170\">Om mig<\/a>\u00a0<\/span>|\u00a0<span style=\"color: #0000ff;\"><a style=\"color: #0000ff;\" href=\"https:\/\/sven-ove.nu\/?page_id=1385\">Skriva &amp; prata<\/a>\u00a0<\/span>|\u00a0<span style=\"color: #0000ff;\"><a style=\"color: #0000ff;\" href=\"https:\/\/sven-ove.nu\/?page_id=100\">Politik<\/a><\/span>\u00a0|\u00a0<span style=\"color: #0000ff;\"><a style=\"color: #0000ff;\" href=\"https:\/\/sven-ove.nu\/?page_id=102\">L\u00f6pa<\/a><\/span>\u00a0|\u00a0<span style=\"color: #0000ff;\"><a style=\"color: #0000ff;\" href=\"https:\/\/sven-ove.nu\/?page_id=108\">Viktor Root<\/a><\/span><br \/>\n<em>Inl\u00e4gg nr 2 059. (c) Sven-Ove Svensson (men dela g\u00e4rna)<\/em><\/p>\n","protected":false},"excerpt":{"rendered":"<p>\u00c5ren 1978-1983 bodde vi i Sunne. Det var lyckliga \u00e5r (d\u00e4r med) som pr\u00e4glat mig p\u00e5 minst tv\u00e5 s\u00e4tt. Nu har kommunen bett mig blogga p\u00e5 Sunnebloggen i tv\u00e5 veckor. Kul! H\u00e4r \u00e4r f\u00f6rsta inl\u00e4gget: &#8211; Sunne, det \u00e4r v\u00e4l fint? Hem\u00a0|\u00a0Om mig\u00a0|\u00a0Skriva &amp; prata\u00a0|\u00a0Politik\u00a0|\u00a0L\u00f6pa\u00a0|\u00a0Viktor Root Inl\u00e4gg nr 2 059. (c) Sven-Ove Svensson (men dela &hellip; <a href=\"https:\/\/sven-ove.nu\/?p=22049\" class=\"more-link\">Forts\u00e4tt l\u00e4sa <span class=\"screen-reader-text\">Fem \u00e5r som pr\u00e4glat mig<\/span><\/a><\/p>\n","protected":false},"author":1,"featured_media":0,"comment_status":"closed","ping_status":"open","sticky":false,"template":"","format":"standard","meta":{"_crdt_document":"","_monsterinsights_skip_tracking":false,"_monsterinsights_sitenote_active":false,"_monsterinsights_sitenote_note":"","_monsterinsights_sitenote_category":0,"footnotes":""},"categories":[10,4],"tags":[8,24,25],"class_list":["post-22049","post","type-post","status-publish","format-standard","hentry","category-familjen","category-skrivande","tag-historia","tag-karlek","tag-kartan"],"_links":{"self":[{"href":"https:\/\/sven-ove.nu\/index.php?rest_route=\/wp\/v2\/posts\/22049","targetHints":{"allow":["GET"]}}],"collection":[{"href":"https:\/\/sven-ove.nu\/index.php?rest_route=\/wp\/v2\/posts"}],"about":[{"href":"https:\/\/sven-ove.nu\/index.php?rest_route=\/wp\/v2\/types\/post"}],"author":[{"embeddable":true,"href":"https:\/\/sven-ove.nu\/index.php?rest_route=\/wp\/v2\/users\/1"}],"replies":[{"embeddable":true,"href":"https:\/\/sven-ove.nu\/index.php?rest_route=%2Fwp%2Fv2%2Fcomments&post=22049"}],"version-history":[{"count":4,"href":"https:\/\/sven-ove.nu\/index.php?rest_route=\/wp\/v2\/posts\/22049\/revisions"}],"predecessor-version":[{"id":22053,"href":"https:\/\/sven-ove.nu\/index.php?rest_route=\/wp\/v2\/posts\/22049\/revisions\/22053"}],"wp:attachment":[{"href":"https:\/\/sven-ove.nu\/index.php?rest_route=%2Fwp%2Fv2%2Fmedia&parent=22049"}],"wp:term":[{"taxonomy":"category","embeddable":true,"href":"https:\/\/sven-ove.nu\/index.php?rest_route=%2Fwp%2Fv2%2Fcategories&post=22049"},{"taxonomy":"post_tag","embeddable":true,"href":"https:\/\/sven-ove.nu\/index.php?rest_route=%2Fwp%2Fv2%2Ftags&post=22049"}],"curies":[{"name":"wp","href":"https:\/\/api.w.org\/{rel}","templated":true}]}}