{"id":22062,"date":"2020-04-26T04:44:13","date_gmt":"2020-04-26T03:44:13","guid":{"rendered":"http:\/\/sven-ove.nu\/?p=22062"},"modified":"2020-04-26T08:11:32","modified_gmt":"2020-04-26T07:11:32","slug":"liten-serios-hjalpreda-for-semester-i-coronatider","status":"publish","type":"post","link":"https:\/\/sven-ove.nu\/?p=22062","title":{"rendered":"Liten seri\u00f6s hj\u00e4lpreda f\u00f6r semester i coronatider"},"content":{"rendered":"<p><a href=\"https:\/\/sven-ove.nu\/wp-content\/uploads\/2020\/04\/Ettta\u0308lt-1.jpg\"><img loading=\"lazy\" decoding=\"async\" class=\"size-full wp-image-22068 alignnone\" src=\"https:\/\/sven-ove.nu\/wp-content\/uploads\/2020\/04\/Ettta\u0308lt-1.jpg\" alt=\"\" width=\"814\" height=\"323\" srcset=\"https:\/\/sven-ove.nu\/wp-content\/uploads\/2020\/04\/Ettta\u0308lt-1.jpg 814w, https:\/\/sven-ove.nu\/wp-content\/uploads\/2020\/04\/Ettta\u0308lt-1-300x119.jpg 300w, https:\/\/sven-ove.nu\/wp-content\/uploads\/2020\/04\/Ettta\u0308lt-1-768x305.jpg 768w\" sizes=\"auto, (max-width: 814px) 100vw, 814px\" \/><\/a><\/p>\n<p><strong>Kravspecifikation<br \/>\n<\/strong>Det ska vara trevligt men billigt. G\u00e4rna friskv\u00e5rd men inte smittsamt. Inom Sverige, gr\u00e4nserna \u00e4r st\u00e4ngda. Minst tv\u00e5 meter fr\u00e5n andra \u00e4n den k\u00e4ra v\u00e4nnen. Vi f\u00e5r inte r\u00e5ka hamna i grupp. Det ska ske i sommar.<\/p>\n<p><strong>F\u00f6rslag<br \/>\n<\/strong><em>1. Bilutflykt.<\/em> Tanka p\u00e5 sm\u00e5timmarna eller argsint eller i glesbygd. Hur bor vi?<\/p>\n<p><em>2. Flerdagars cykeltur.<\/em> M\u00e5ste ske p\u00e5 cykelbana d\u00e4r samtliga andra cyklister har vett att inte \u00e5ka i bredd n\u00e4r vi m\u00f6ts eller k\u00f6r om varandra. \u00c4n mindre f\u00e5r de fl\u00e5sa, hosta eller brista ut i gapskratt just d\u00e5. V\u00e5rens erfarenheter tyder p\u00e5 att det kan bli sv\u00e5rt att hitta en s\u00e5dan bana. Vi vill v\u00e4l inte cykla p\u00e5 n\u00e4tterna? Hur bor vi?<\/p>\n<p><em>3. Vandring i vild och vacker natur, flerdagstur.<\/em> Kan fungera. Fast d\u00e5 m\u00e5ste vi k\u00f6pa l\u00e4tt t\u00e4lt, l\u00e4tt liggunderlag och l\u00e4tt sovs\u00e4ck. Helst en vettig ryggs\u00e4ck ocks\u00e5. Hur mycket orkar den h\u00e4r forna diskbr\u00e5cksryggen b\u00e4ra nuf\u00f6rtiden?<\/p>\n<p><em>4. Vandring i vild och vacker natur, dagsturer.<\/em> T\u00e4lta n\u00e4ra bilen, dagsturer med l\u00e4tt packning. Finns m\u00e5nga st\u00e4llen i fj\u00e4llen och p\u00e5 annat h\u00e5ll d\u00e4r det skulle fungera.<\/p>\n<p>Hmmm.<br \/>\nNu br\u00e4nns det.<\/p>\n<p><em>Packningslistor: <span style=\"color: #0000ff;\"><a style=\"color: #0000ff;\" href=\"https:\/\/www.svenskaturistforeningen.se\/guider-tips\/packlistor\/packlista-vandring\/\">STF:s packlistor<\/a><\/span><\/em><\/p>\n<p><strong>Budget<br \/>\n<\/strong>Hur m\u00e5nga n\u00e4tter p\u00e5 hotell, vandrarhem, B&amp;B eller campingplats hade det kr\u00e4vts f\u00f6r att f\u00e5 ihop till ink\u00f6pen ovan? Grejorna f\u00e5r vi ju kvar. Hur mycket hade en charterresa kostat? Jo, jag vet, vi ska inte flyga mer.<\/p>\n<p>T\u00e4nk p\u00e5 saken.<\/p>\n<p>De \u00e4r r\u00e4tt snygga, de d\u00e4r t\u00e4lten. V\u00e5rt gamla cykelt\u00e4lt \u00e4r trasigt. Fyrmanst\u00e4ltet som \u00e4nnu h\u00e5ller ihop \u00e4r fr\u00e5n 1961.<\/p>\n<p>\u00c4r vi redo att g\u00e5 till beslut?<\/p>\n<p><strong>Ink\u00f6p<br \/>\n<\/strong>Hur i hundan k\u00f6per vi t\u00e4lt och liggunderlag p\u00e5 distans n\u00e4r vi beh\u00f6ver r\u00e5dg\u00f6ra, se och k\u00e4nna efter?<\/p>\n<p>Hmmm.<\/p>\n<p><span style=\"color: #ff9900;\"><strong><em>### <\/em><\/strong><\/span><em>Somliga h\u00e4vdar att vi \u00e4r \u201dpension\u00e4rer\u201d. Sj\u00e4lva ser vi oss som komplediga och har d\u00e4rmed all r\u00e4tt till semester.<br \/>\n<\/em><span style=\"color: #ff9900;\"><strong><em>### <\/em><\/strong><\/span><em>Eller ska jag k\u00f6pa l\u00f6parskor i st\u00e4llet?<\/em><\/p>\n<p><em><span style=\"color: #0000ff;\"><a style=\"color: #0000ff;\" href=\"https:\/\/sven-ove.nu\/\">Hem<\/a><\/span>\u00a0|\u00a0<a href=\"https:\/\/sven-ove.nu\/?page_id=170\"><span style=\"color: #0000ff;\">Om mig<\/span><\/a>\u00a0|\u00a0 <span style=\"color: #0000ff;\"><a style=\"color: #0000ff;\" href=\"http:\/\/sunnebloggen.blogspot.com\/\">Jag forts\u00e4tter att skriva p\u00e5 Sunnebloggen<\/a><\/span><br \/>\nInl\u00e4gg nr 2 061. (c) Sven-Ove Svensson (men dela g\u00e4rna) <\/em><\/p>\n","protected":false},"excerpt":{"rendered":"<p>Kravspecifikation Det ska vara trevligt men billigt. G\u00e4rna friskv\u00e5rd men inte smittsamt. Inom Sverige, gr\u00e4nserna \u00e4r st\u00e4ngda. Minst tv\u00e5 meter fr\u00e5n andra \u00e4n den k\u00e4ra v\u00e4nnen. Vi f\u00e5r inte r\u00e5ka hamna i grupp. Det ska ske i sommar. F\u00f6rslag 1. Bilutflykt. Tanka p\u00e5 sm\u00e5timmarna eller argsint eller i glesbygd. Hur bor vi? 2. Flerdagars cykeltur. &hellip; <a href=\"https:\/\/sven-ove.nu\/?p=22062\" class=\"more-link\">Forts\u00e4tt l\u00e4sa <span class=\"screen-reader-text\">Liten seri\u00f6s hj\u00e4lpreda f\u00f6r semester i coronatider<\/span><\/a><\/p>\n","protected":false},"author":1,"featured_media":0,"comment_status":"closed","ping_status":"open","sticky":false,"template":"","format":"standard","meta":{"_crdt_document":"","_monsterinsights_skip_tracking":false,"_monsterinsights_sitenote_active":false,"_monsterinsights_sitenote_note":"","_monsterinsights_sitenote_category":0,"footnotes":""},"categories":[10,6],"tags":[17],"class_list":["post-22062","post","type-post","status-publish","format-standard","hentry","category-familjen","category-natur","tag-solidaritet"],"_links":{"self":[{"href":"https:\/\/sven-ove.nu\/index.php?rest_route=\/wp\/v2\/posts\/22062","targetHints":{"allow":["GET"]}}],"collection":[{"href":"https:\/\/sven-ove.nu\/index.php?rest_route=\/wp\/v2\/posts"}],"about":[{"href":"https:\/\/sven-ove.nu\/index.php?rest_route=\/wp\/v2\/types\/post"}],"author":[{"embeddable":true,"href":"https:\/\/sven-ove.nu\/index.php?rest_route=\/wp\/v2\/users\/1"}],"replies":[{"embeddable":true,"href":"https:\/\/sven-ove.nu\/index.php?rest_route=%2Fwp%2Fv2%2Fcomments&post=22062"}],"version-history":[{"count":9,"href":"https:\/\/sven-ove.nu\/index.php?rest_route=\/wp\/v2\/posts\/22062\/revisions"}],"predecessor-version":[{"id":22073,"href":"https:\/\/sven-ove.nu\/index.php?rest_route=\/wp\/v2\/posts\/22062\/revisions\/22073"}],"wp:attachment":[{"href":"https:\/\/sven-ove.nu\/index.php?rest_route=%2Fwp%2Fv2%2Fmedia&parent=22062"}],"wp:term":[{"taxonomy":"category","embeddable":true,"href":"https:\/\/sven-ove.nu\/index.php?rest_route=%2Fwp%2Fv2%2Fcategories&post=22062"},{"taxonomy":"post_tag","embeddable":true,"href":"https:\/\/sven-ove.nu\/index.php?rest_route=%2Fwp%2Fv2%2Ftags&post=22062"}],"curies":[{"name":"wp","href":"https:\/\/api.w.org\/{rel}","templated":true}]}}