{"id":22113,"date":"2020-05-04T04:30:34","date_gmt":"2020-05-04T03:30:34","guid":{"rendered":"http:\/\/sven-ove.nu\/?p=22113"},"modified":"2020-05-03T18:41:09","modified_gmt":"2020-05-03T17:41:09","slug":"semester-i-bla-rummet-med-bosse-elmore-och-olle","status":"publish","type":"post","link":"https:\/\/sven-ove.nu\/?p=22113","title":{"rendered":"Semester i bl\u00e5 rummet med Bosse, Elmore och Olle"},"content":{"rendered":"<p><a href=\"https:\/\/sven-ove.nu\/wp-content\/uploads\/2020\/05\/Gro\u0308n-bjo\u0308rk.jpg\"><img loading=\"lazy\" decoding=\"async\" class=\"size-large wp-image-22117 alignnone\" src=\"https:\/\/sven-ove.nu\/wp-content\/uploads\/2020\/05\/Gro\u0308n-bjo\u0308rk-1024x664.jpg\" alt=\"\" width=\"660\" height=\"428\" srcset=\"https:\/\/sven-ove.nu\/wp-content\/uploads\/2020\/05\/Gro\u0308n-bjo\u0308rk-1024x664.jpg 1024w, https:\/\/sven-ove.nu\/wp-content\/uploads\/2020\/05\/Gro\u0308n-bjo\u0308rk-300x195.jpg 300w, https:\/\/sven-ove.nu\/wp-content\/uploads\/2020\/05\/Gro\u0308n-bjo\u0308rk-768x498.jpg 768w, https:\/\/sven-ove.nu\/wp-content\/uploads\/2020\/05\/Gro\u0308n-bjo\u0308rk.jpg 1280w\" sizes=\"auto, (max-width: 660px) 100vw, 660px\" \/><\/a><\/p>\n<blockquote><p>T\u00e4ltprojektet \u00e4r inst\u00e4llt. Som det ser ut nu \u00e4r det inte l\u00e4mpligt att resa runt inom Sverige heller i sommar. D\u00e5 respekterar vi det.<\/p>\n<p>Vi f\u00e5r g\u00f6ra som vi gjort en och annan l\u00f6rdag i v\u00e5rt liv. Flytta ner till bl\u00e5 rummet. Den g\u00e4sts\u00e4ngen \u00e4r husets sk\u00f6naste. Kanske tar vi med oss Bosse ocks\u00e5.<\/p><\/blockquote>\n<p>Semester!<\/p>\n<p>Jag anar att du inte k\u00e4nner Bosse. Du kanske tror att han kommer att bli femte hjulet under vagnen. Inte alls, inte v\u00e5ran Bosse. Saken \u00e4r den att han \u00e4r en b\u00e4rbar h\u00f6gtalare. Bosse gillar blues och gitarrhj\u00e4ltar fr\u00e5n 60-talet i senare inspelningar samt visor och kamps\u00e5nger och allt m\u00f6jligt.<\/p>\n<p>Barbro H\u00f6rberg har han hittat igen. \u201dJa hej&#8230;\u201d \u00e4r en nyuppt\u00e4ckt l\u00e5t. Ulf Lundells \u201dTranorna kommer\u201d. \u201dKosters klippor\u201d med Totta N\u00e4slund och Josefin Nilsson. Allman Brothers konsert p\u00e5 Filmore East 1971. \u201dDust my broom\u201d med Elmore James f\u00f6rst\u00e5s, den f\u00e5r vi aldrig gl\u00f6mma.<\/p>\n<p>B\u00f6cker ska vi ha med p\u00e5 semestern. \u201dOsebol\u201d av Marit Kapla, den hittar jag nya finst\u00e4llen i hela tiden. Werner Aspenstr\u00f6m tror jag vi tar. Hur var det han skrev om fj\u00e4rilen i isstacken?<\/p>\n<p>Det fina med l\u00e4sning \u00e4r att jag s\u00e5 ofta har en favorit. Olle Hammarlund tipsade bibliotekarien i Sunne om f\u00f6r 40 \u00e5r sedan, honom har jag nyss hittat i hyllan igen. \u201dOm konsten att cykla\u201d i \u201dResan till paradiset\u201d fr\u00e5n 1969, \u00e4r det den b\u00e4sta ess\u00e4 jag n\u00e5gonsin har l\u00e4st?<\/p>\n<p>Just nu \u00e4r den det.<br \/>\nOlle tar vi med.<\/p>\n<p>Kan vi inte \u00e4ta tunnbr\u00f6d med r\u00e4kost som f\u00f6rr om \u00e5ren n\u00e4r vi t\u00e4ltade? Sedan g\u00e5r vi ut ibland och cyklar en bit. Vi kan ha kaffe i termos och hembakta bullar. Jag l\u00e4ser kartan som en roman.<br \/>\n&#8211; Jo du vet, Grossbolstorp heter s\u00e5 d\u00e4rf\u00f6r att&#8230;<\/p>\n<p>S\u00e5 g\u00f6r vi. N\u00e4r vi kommer hem dricker vi Pommac i badkaret, \u00e4ter f\u00e4rska egna hallon, l\u00e4ser Vi-tidningen och spelar sudoku. Dom sv\u00e5ra sidorna.<\/p>\n<p>&#8211; Bosse! Spela n\u00e5t fint. Har du Tom Petty? Eller \u201dR\u00e4ttvikarnas g\u00e5ngl\u00e5t\u201d med Kebnekaise? Sen vill vi h\u00f6ra skrothandlare Valfrid Lindeman.<\/p>\n<p>Goa hallon f\u00f6rresten. Ing\u00e5r p\u00e5t\u00e5r?<\/p>\n<p><span style=\"color: #0000ff;\"><a style=\"color: #0000ff;\" href=\"https:\/\/sven-ove.nu\/\">Hem<\/a><\/span>\u00a0|\u00a0<span style=\"color: #0000ff;\"><a style=\"color: #0000ff;\" href=\"https:\/\/sven-ove.nu\/?page_id=170\">Om mig<\/a>\u00a0<\/span>|\u00a0<span style=\"color: #0000ff;\"><a style=\"color: #0000ff;\" href=\"https:\/\/sven-ove.nu\/?page_id=1385\">Skriva &amp; prata<\/a><\/span>\u00a0|\u00a0<span style=\"color: #0000ff;\"><a style=\"color: #0000ff;\" href=\"https:\/\/sven-ove.nu\/?page_id=100\">Politik<\/a><\/span>\u00a0|\u00a0<span style=\"color: #0000ff;\"><a style=\"color: #0000ff;\" href=\"https:\/\/sven-ove.nu\/?page_id=102\">L\u00f6pa<\/a><\/span>\u00a0|\u00a0<span style=\"color: #0000ff;\"><a style=\"color: #0000ff;\" href=\"https:\/\/sven-ove.nu\/?page_id=108\">Viktor Root<\/a><\/span><br \/>\n<em>Inl\u00e4gg nr 2 066. (c) Sven-Ove Svensson (men dela g\u00e4rna)<\/em><\/p>\n","protected":false},"excerpt":{"rendered":"<p>T\u00e4ltprojektet \u00e4r inst\u00e4llt. Som det ser ut nu \u00e4r det inte l\u00e4mpligt att resa runt inom Sverige heller i sommar. D\u00e5 respekterar vi det. Vi f\u00e5r g\u00f6ra som vi gjort en och annan l\u00f6rdag i v\u00e5rt liv. Flytta ner till bl\u00e5 rummet. Den g\u00e4sts\u00e4ngen \u00e4r husets sk\u00f6naste. Kanske tar vi med oss Bosse ocks\u00e5. Semester! &hellip; <a href=\"https:\/\/sven-ove.nu\/?p=22113\" class=\"more-link\">Forts\u00e4tt l\u00e4sa <span class=\"screen-reader-text\">Semester i bl\u00e5 rummet med Bosse, Elmore och Olle<\/span><\/a><\/p>\n","protected":false},"author":1,"featured_media":0,"comment_status":"closed","ping_status":"open","sticky":false,"template":"","format":"standard","meta":{"_crdt_document":"","_monsterinsights_skip_tracking":false,"_monsterinsights_sitenote_active":false,"_monsterinsights_sitenote_note":"","_monsterinsights_sitenote_category":0,"footnotes":""},"categories":[10,6],"tags":[24,18,14,20,17,13],"class_list":["post-22113","post","type-post","status-publish","format-standard","hentry","category-familjen","category-natur","tag-karlek","tag-lardomar","tag-lasning","tag-rad","tag-solidaritet","tag-utrustning"],"_links":{"self":[{"href":"https:\/\/sven-ove.nu\/index.php?rest_route=\/wp\/v2\/posts\/22113","targetHints":{"allow":["GET"]}}],"collection":[{"href":"https:\/\/sven-ove.nu\/index.php?rest_route=\/wp\/v2\/posts"}],"about":[{"href":"https:\/\/sven-ove.nu\/index.php?rest_route=\/wp\/v2\/types\/post"}],"author":[{"embeddable":true,"href":"https:\/\/sven-ove.nu\/index.php?rest_route=\/wp\/v2\/users\/1"}],"replies":[{"embeddable":true,"href":"https:\/\/sven-ove.nu\/index.php?rest_route=%2Fwp%2Fv2%2Fcomments&post=22113"}],"version-history":[{"count":4,"href":"https:\/\/sven-ove.nu\/index.php?rest_route=\/wp\/v2\/posts\/22113\/revisions"}],"predecessor-version":[{"id":22118,"href":"https:\/\/sven-ove.nu\/index.php?rest_route=\/wp\/v2\/posts\/22113\/revisions\/22118"}],"wp:attachment":[{"href":"https:\/\/sven-ove.nu\/index.php?rest_route=%2Fwp%2Fv2%2Fmedia&parent=22113"}],"wp:term":[{"taxonomy":"category","embeddable":true,"href":"https:\/\/sven-ove.nu\/index.php?rest_route=%2Fwp%2Fv2%2Fcategories&post=22113"},{"taxonomy":"post_tag","embeddable":true,"href":"https:\/\/sven-ove.nu\/index.php?rest_route=%2Fwp%2Fv2%2Ftags&post=22113"}],"curies":[{"name":"wp","href":"https:\/\/api.w.org\/{rel}","templated":true}]}}