{"id":22141,"date":"2020-05-10T04:02:15","date_gmt":"2020-05-10T03:02:15","guid":{"rendered":"http:\/\/sven-ove.nu\/?p=22141"},"modified":"2020-05-09T23:00:30","modified_gmt":"2020-05-09T22:00:30","slug":"i-dessa-tider","status":"publish","type":"post","link":"https:\/\/sven-ove.nu\/?p=22141","title":{"rendered":"&#8221;I dessa tider&#8221;"},"content":{"rendered":"<p><a href=\"https:\/\/sven-ove.nu\/wp-content\/uploads\/2020\/05\/Linus2020.jpg\"><img loading=\"lazy\" decoding=\"async\" class=\"size-full wp-image-22152 alignnone\" src=\"https:\/\/sven-ove.nu\/wp-content\/uploads\/2020\/05\/Linus2020.jpg\" alt=\"\" width=\"417\" height=\"321\" srcset=\"https:\/\/sven-ove.nu\/wp-content\/uploads\/2020\/05\/Linus2020.jpg 417w, https:\/\/sven-ove.nu\/wp-content\/uploads\/2020\/05\/Linus2020-300x231.jpg 300w\" sizes=\"auto, (max-width: 417px) 100vw, 417px\" \/><\/a><\/p>\n<p>I onsdags efterlyste jag ett alternativ till de slitna uttrycken &#8221;i dessa tider&#8221; och &#8221;coronatider&#8221;.<\/p>\n<p>Tj\u00e4nstvilliga v\u00e4nner p\u00e5 Facebook bidrog med f\u00f6ljande ord:<\/p>\n<p><em>I den tid som nu \u00e4r, f\u00f6r st\u00fbnna, j\u00e4mt nu, nu, m\u00e4rkliga omst\u00e4ndigheter, n\u00e4r det nu \u00e4r som det \u00e4r, I tockna omst\u00e4ndigheter som nu, i d\u00e4tta l\u00e4ge, virustider, pandemitider, kristider, riskabla tider, smittof\u00f6rande, bacillf\u00f6rande, smittfarlig, infekti\u00f6s, kontagi\u00f6s, kontamin\u00f6s, virulent, epidemisk, miasmatisk, smittande, smittosam, virulenta tidevarv, denna miasmatiska tidsepok, denna epidemiska epok, period ist\u00e4llet f\u00f6r tider och epok&#8230;. det signalerar mer att det finns ett avslut, m\u00e5ltiden tycker jag ofta \u00e4r den b\u00e4sta tiden, svammeltider, i den hysteriska samtiden, nuf\u00f6rtia, J\u00e4mmtnu, i dessa tider av eftert\u00e4nksamhet, just nu, tegnellska, nu f\u00f6r tia, orostider, pandemiti, \u00e5thelvete-tider, under r\u00e5dande omst\u00e4ndigheter, nu, i den tid vi lever, nutiden, i virusens tid, anno domini, just nu, e j\u00e4spalt ti, lik f-bannat \u00e4r v\u00e5r tid nu, n\u00e4r coronahelvetet h\u00e4rjar, v\u00e5ren 2020, v\u00e5r, dagens coronal\u00e4ge, i pandemins tidevarv.<\/em><\/p>\n<p>Jag \u00e4r innerligt tacksam f\u00f6r alla f\u00f6rslag. Det \u00e4r utm\u00e4rkta uttryck, v\u00e4l anv\u00e4ndbara i sina r\u00e4tta sammanhang. Problemet \u00e4r bara att &#8211; f\u00f6r mig &#8211; har inget av dem samma spr\u00e5kliga sp\u00e4nst och samtidigt samma oroliga underton. Inte som de tv\u00e5 uttrycken vi redan anv\u00e4nt f\u00f6r mycket.<\/p>\n<p>Men det \u00e4r ju jag det.<br \/>\nEn \u00e4r v\u00e4l som en \u00e4r i dessa tider.<\/p>\n<p><span style=\"color: #0000ff;\"><a style=\"color: #0000ff;\" href=\"https:\/\/sven-ove.nu\/\">Hem<\/a><\/span>\u00a0|\u00a0<a href=\"https:\/\/sven-ove.nu\/?page_id=170\"><span style=\"color: #0000ff;\">Om mig<\/span><\/a>\u00a0|\u00a0<span style=\"color: #0000ff;\"><a style=\"color: #0000ff;\" href=\"https:\/\/sven-ove.nu\/?page_id=1385\">Skriva &amp; prata<\/a><\/span>\u00a0|\u00a0<span style=\"color: #0000ff;\"><a style=\"color: #0000ff;\" href=\"https:\/\/sven-ove.nu\/?page_id=100\">Politik<\/a><\/span>\u00a0|\u00a0<span style=\"color: #0000ff;\"><a style=\"color: #0000ff;\" href=\"https:\/\/sven-ove.nu\/?page_id=102\">L\u00f6pa<\/a><\/span>\u00a0|\u00a0<span style=\"color: #0000ff;\"><a style=\"color: #0000ff;\" href=\"https:\/\/sven-ove.nu\/?page_id=108\">Viktor Root<\/a><\/span><br \/>\n<em>Inl\u00e4gg nr 2 068. (c) Sven-Ove Svensson (men dela g\u00e4rna) <\/em><\/p>\n","protected":false},"excerpt":{"rendered":"<p>I onsdags efterlyste jag ett alternativ till de slitna uttrycken &#8221;i dessa tider&#8221; och &#8221;coronatider&#8221;. Tj\u00e4nstvilliga v\u00e4nner p\u00e5 Facebook bidrog med f\u00f6ljande ord: I den tid som nu \u00e4r, f\u00f6r st\u00fbnna, j\u00e4mt nu, nu, m\u00e4rkliga omst\u00e4ndigheter, n\u00e4r det nu \u00e4r som det \u00e4r, I tockna omst\u00e4ndigheter som nu, i d\u00e4tta l\u00e4ge, virustider, pandemitider, kristider, riskabla &hellip; <a href=\"https:\/\/sven-ove.nu\/?p=22141\" class=\"more-link\">Forts\u00e4tt l\u00e4sa <span class=\"screen-reader-text\">&#8221;I dessa tider&#8221;<\/span><\/a><\/p>\n","protected":false},"author":1,"featured_media":0,"comment_status":"closed","ping_status":"open","sticky":false,"template":"","format":"standard","meta":{"_crdt_document":"","_monsterinsights_skip_tracking":false,"_monsterinsights_sitenote_active":false,"_monsterinsights_sitenote_note":"","_monsterinsights_sitenote_category":0,"footnotes":""},"categories":[28,4],"tags":[14,21,20],"class_list":["post-22141","post","type-post","status-publish","format-standard","hentry","category-kreativt-folk","category-skrivande","tag-lasning","tag-ord","tag-rad"],"_links":{"self":[{"href":"https:\/\/sven-ove.nu\/index.php?rest_route=\/wp\/v2\/posts\/22141","targetHints":{"allow":["GET"]}}],"collection":[{"href":"https:\/\/sven-ove.nu\/index.php?rest_route=\/wp\/v2\/posts"}],"about":[{"href":"https:\/\/sven-ove.nu\/index.php?rest_route=\/wp\/v2\/types\/post"}],"author":[{"embeddable":true,"href":"https:\/\/sven-ove.nu\/index.php?rest_route=\/wp\/v2\/users\/1"}],"replies":[{"embeddable":true,"href":"https:\/\/sven-ove.nu\/index.php?rest_route=%2Fwp%2Fv2%2Fcomments&post=22141"}],"version-history":[{"count":16,"href":"https:\/\/sven-ove.nu\/index.php?rest_route=\/wp\/v2\/posts\/22141\/revisions"}],"predecessor-version":[{"id":22143,"href":"https:\/\/sven-ove.nu\/index.php?rest_route=\/wp\/v2\/posts\/22141\/revisions\/22143"}],"wp:attachment":[{"href":"https:\/\/sven-ove.nu\/index.php?rest_route=%2Fwp%2Fv2%2Fmedia&parent=22141"}],"wp:term":[{"taxonomy":"category","embeddable":true,"href":"https:\/\/sven-ove.nu\/index.php?rest_route=%2Fwp%2Fv2%2Fcategories&post=22141"},{"taxonomy":"post_tag","embeddable":true,"href":"https:\/\/sven-ove.nu\/index.php?rest_route=%2Fwp%2Fv2%2Ftags&post=22141"}],"curies":[{"name":"wp","href":"https:\/\/api.w.org\/{rel}","templated":true}]}}