{"id":22383,"date":"2020-07-26T04:30:47","date_gmt":"2020-07-26T03:30:47","guid":{"rendered":"http:\/\/sven-ove.nu\/?p=22383"},"modified":"2020-07-25T22:45:06","modified_gmt":"2020-07-25T21:45:06","slug":"nar-orden-leker","status":"publish","type":"post","link":"https:\/\/sven-ove.nu\/?p=22383","title":{"rendered":"N\u00e4r orden leker"},"content":{"rendered":"<p style=\"text-align: right;\"><strong><a href=\"https:\/\/sven-ove.nu\/wp-content\/uploads\/2020\/07\/Fjaril-uppochner.jpg\"><img loading=\"lazy\" decoding=\"async\" class=\"size-full wp-image-22387 alignnone\" src=\"https:\/\/sven-ove.nu\/wp-content\/uploads\/2020\/07\/Fjaril-uppochner.jpg\" alt=\"\" width=\"765\" height=\"765\" srcset=\"https:\/\/sven-ove.nu\/wp-content\/uploads\/2020\/07\/Fjaril-uppochner.jpg 765w, https:\/\/sven-ove.nu\/wp-content\/uploads\/2020\/07\/Fjaril-uppochner-300x300.jpg 300w, https:\/\/sven-ove.nu\/wp-content\/uploads\/2020\/07\/Fjaril-uppochner-150x150.jpg 150w\" sizes=\"auto, (max-width: 765px) 100vw, 765px\" \/><\/a><\/strong><span style=\"color: #808080;\">Foto: Sven-Ove Svensson<\/span><\/p>\n<blockquote><p><span style=\"color: #000000;\">P\u00e5 pappas tid m\u00e5ste de l\u00e4ra sig blom- och djurnamn p\u00e5 latin i skolan. \u201dTussilago farfara\u201d med flera.<\/span><\/p><\/blockquote>\n<p><span style=\"color: #000000;\">D\u00e5 hittade han p\u00e5 en broderlig ramsa som han uttalade som om det vore ett blomnamn. I det h\u00e4r fallet med betoning p\u00e5 a-na i mitten:<\/span><br \/>\n<span style=\"color: #000000;\">\u201dBritafis luktarilla\u201d.<\/span><\/p>\n<p><span style=\"color: #000000;\">Nog vet jag var lusten att leka med ord kommer ifr\u00e5n.<\/span><\/p>\n<p><span style=\"color: #000000;\">Det l\u00e5ter ju precis som en blomma.<strong>\u00a0<\/strong><\/span><\/p>\n<p><span style=\"color: #0000ff;\"><a style=\"color: #0000ff;\" href=\"https:\/\/sven-ove.nu\/\">Hem<\/a><\/span>\u00a0|\u00a0<span style=\"color: #0000ff;\"><a style=\"color: #0000ff;\" href=\"https:\/\/sven-ove.nu\/?page_id=170\">Om mig<\/a><\/span>\u00a0|\u00a0<span style=\"color: #0000ff;\"><a style=\"color: #0000ff;\" href=\"https:\/\/sven-ove.nu\/?page_id=1385\">Skriva &amp; prata<\/a>\u00a0<\/span>|\u00a0<span style=\"color: #0000ff;\"><a style=\"color: #0000ff;\" href=\"https:\/\/sven-ove.nu\/?page_id=100\">Politik<\/a><\/span>\u00a0|\u00a0<span style=\"color: #0000ff;\"><a style=\"color: #0000ff;\" href=\"https:\/\/sven-ove.nu\/?page_id=102\">L\u00f6pa<\/a><\/span>\u00a0|\u00a0<span style=\"color: #0000ff;\"><a style=\"color: #0000ff;\" href=\"https:\/\/sven-ove.nu\/?page_id=108\">Viktor Root<\/a><br \/>\n<\/span><em>Inl\u00e4gg nr 2 085. (c) Sven-Ove Svensson (men dela g\u00e4rna).<\/em><\/p>\n","protected":false},"excerpt":{"rendered":"<p>Foto: Sven-Ove Svensson P\u00e5 pappas tid m\u00e5ste de l\u00e4ra sig blom- och djurnamn p\u00e5 latin i skolan. \u201dTussilago farfara\u201d med flera. D\u00e5 hittade han p\u00e5 en broderlig ramsa som han uttalade som om det vore ett blomnamn. I det h\u00e4r fallet med betoning p\u00e5 a-na i mitten: \u201dBritafis luktarilla\u201d. Nog vet jag var lusten att &hellip; <a href=\"https:\/\/sven-ove.nu\/?p=22383\" class=\"more-link\">Forts\u00e4tt l\u00e4sa <span class=\"screen-reader-text\">N\u00e4r orden leker<\/span><\/a><\/p>\n","protected":false},"author":1,"featured_media":0,"comment_status":"closed","ping_status":"open","sticky":false,"template":"","format":"standard","meta":{"_crdt_document":"","_monsterinsights_skip_tracking":false,"_monsterinsights_sitenote_active":false,"_monsterinsights_sitenote_note":"","_monsterinsights_sitenote_category":0,"footnotes":""},"categories":[10,28],"tags":[8,21],"class_list":["post-22383","post","type-post","status-publish","format-standard","hentry","category-familjen","category-kreativt-folk","tag-historia","tag-ord"],"_links":{"self":[{"href":"https:\/\/sven-ove.nu\/index.php?rest_route=\/wp\/v2\/posts\/22383","targetHints":{"allow":["GET"]}}],"collection":[{"href":"https:\/\/sven-ove.nu\/index.php?rest_route=\/wp\/v2\/posts"}],"about":[{"href":"https:\/\/sven-ove.nu\/index.php?rest_route=\/wp\/v2\/types\/post"}],"author":[{"embeddable":true,"href":"https:\/\/sven-ove.nu\/index.php?rest_route=\/wp\/v2\/users\/1"}],"replies":[{"embeddable":true,"href":"https:\/\/sven-ove.nu\/index.php?rest_route=%2Fwp%2Fv2%2Fcomments&post=22383"}],"version-history":[{"count":14,"href":"https:\/\/sven-ove.nu\/index.php?rest_route=\/wp\/v2\/posts\/22383\/revisions"}],"predecessor-version":[{"id":22398,"href":"https:\/\/sven-ove.nu\/index.php?rest_route=\/wp\/v2\/posts\/22383\/revisions\/22398"}],"wp:attachment":[{"href":"https:\/\/sven-ove.nu\/index.php?rest_route=%2Fwp%2Fv2%2Fmedia&parent=22383"}],"wp:term":[{"taxonomy":"category","embeddable":true,"href":"https:\/\/sven-ove.nu\/index.php?rest_route=%2Fwp%2Fv2%2Fcategories&post=22383"},{"taxonomy":"post_tag","embeddable":true,"href":"https:\/\/sven-ove.nu\/index.php?rest_route=%2Fwp%2Fv2%2Ftags&post=22383"}],"curies":[{"name":"wp","href":"https:\/\/api.w.org\/{rel}","templated":true}]}}