{"id":22399,"date":"2020-07-27T04:50:08","date_gmt":"2020-07-27T03:50:08","guid":{"rendered":"http:\/\/sven-ove.nu\/?p=22399"},"modified":"2020-07-27T07:06:22","modified_gmt":"2020-07-27T06:06:22","slug":"jag-vill-kramas","status":"publish","type":"post","link":"https:\/\/sven-ove.nu\/?p=22399","title":{"rendered":"Jag vill kramas"},"content":{"rendered":"<p><a href=\"https:\/\/sven-ove.nu\/wp-content\/uploads\/2020\/07\/Instangd-fjaril.jpg\"><img loading=\"lazy\" decoding=\"async\" class=\"size-large wp-image-22404 alignnone\" src=\"https:\/\/sven-ove.nu\/wp-content\/uploads\/2020\/07\/Instangd-fjaril-1017x1024.jpg\" alt=\"\" width=\"660\" height=\"665\" srcset=\"https:\/\/sven-ove.nu\/wp-content\/uploads\/2020\/07\/Instangd-fjaril-1017x1024.jpg 1017w, https:\/\/sven-ove.nu\/wp-content\/uploads\/2020\/07\/Instangd-fjaril-298x300.jpg 298w, https:\/\/sven-ove.nu\/wp-content\/uploads\/2020\/07\/Instangd-fjaril-150x150.jpg 150w, https:\/\/sven-ove.nu\/wp-content\/uploads\/2020\/07\/Instangd-fjaril-768x773.jpg 768w, https:\/\/sven-ove.nu\/wp-content\/uploads\/2020\/07\/Instangd-fjaril.jpg 1271w\" sizes=\"auto, (max-width: 660px) 100vw, 660px\" \/><\/a><\/p>\n<blockquote><p>Du tror ju inte att du ska hamna i karant\u00e4n.<br \/>\nK\u00e4ra n\u00e5n vad tid vi har f\u00e5tt.<\/p><\/blockquote>\n<p><em><strong>F\u00f6rr:<\/strong><br \/>\n<\/em>Krama barn och barnbarn. Diskutera politik och slikt med gubbar varje m\u00e5ndag f\u00f6rmiddag. G\u00e5 p\u00e5 hemlig vandring med andra kloka gubbar varje torsdagf\u00f6rmiddag. Springa med fj\u00e4rilsv\u00e4nnen. \u00c4ta r\u00e4ksm\u00f6rg\u00e5s i M\u00f6lnbacka bygdeg\u00e5rd p\u00e5 onsdagar. Sitta p\u00e5 jury- och styrelsem\u00f6ten, bemanna f\u00f6reningskansli, g\u00e5 p\u00e5 f\u00f6redrag och utst\u00e4llningar, st\u00e5 p\u00e5 scenen och (o)roa, tr\u00e4ngas p\u00e5 stan n\u00e5gon g\u00e5ng, krama gamla arbetskamrater som en m\u00f6ter.<\/p>\n<p>S\u00e5nt tog tid.<\/p>\n<p><em><strong>I dag:<\/strong><br \/>\n<\/em>Nu har jag all tid i v\u00e4rlden.<br \/>\nJag vill inte ha tid.<\/p>\n<p>Jag vill kramas.<\/p>\n<p><span style=\"color: #0000ff;\"><a style=\"color: #0000ff;\" href=\"https:\/\/sven-ove.nu\/\">Hem<\/a><\/span>\u00a0|\u00a0<span style=\"color: #0000ff;\"><a style=\"color: #0000ff;\" href=\"https:\/\/sven-ove.nu\/?page_id=170\">Om mig<\/a>\u00a0<\/span>|\u00a0<span style=\"color: #0000ff;\"><a style=\"color: #0000ff;\" href=\"https:\/\/sven-ove.nu\/?page_id=1385\">Skriva &amp; prata<\/a>\u00a0<\/span>|\u00a0<span style=\"color: #0000ff;\"><a style=\"color: #0000ff;\" href=\"https:\/\/sven-ove.nu\/?page_id=100\">Politik<\/a><\/span>\u00a0|\u00a0<span style=\"color: #0000ff;\"><a style=\"color: #0000ff;\" href=\"https:\/\/sven-ove.nu\/?page_id=102\">L\u00f6pa<\/a><\/span>\u00a0|\u00a0<span style=\"color: #0000ff;\"><a style=\"color: #0000ff;\" href=\"https:\/\/sven-ove.nu\/?page_id=108\">Viktor Root<\/a><\/span><br \/>\n<em>Inl\u00e4gg nr 2 086. (c) Sven-Ove Svensson (men dela g\u00e4rna).<\/em><\/p>\n","protected":false},"excerpt":{"rendered":"<p>Du tror ju inte att du ska hamna i karant\u00e4n. K\u00e4ra n\u00e5n vad tid vi har f\u00e5tt. F\u00f6rr: Krama barn och barnbarn. Diskutera politik och slikt med gubbar varje m\u00e5ndag f\u00f6rmiddag. G\u00e5 p\u00e5 hemlig vandring med andra kloka gubbar varje torsdagf\u00f6rmiddag. Springa med fj\u00e4rilsv\u00e4nnen. \u00c4ta r\u00e4ksm\u00f6rg\u00e5s i M\u00f6lnbacka bygdeg\u00e5rd p\u00e5 onsdagar. Sitta p\u00e5 jury- och &hellip; <a href=\"https:\/\/sven-ove.nu\/?p=22399\" class=\"more-link\">Forts\u00e4tt l\u00e4sa <span class=\"screen-reader-text\">Jag vill kramas<\/span><\/a><\/p>\n","protected":false},"author":1,"featured_media":0,"comment_status":"closed","ping_status":"open","sticky":false,"template":"","format":"standard","meta":{"_crdt_document":"","_monsterinsights_skip_tracking":false,"_monsterinsights_sitenote_active":false,"_monsterinsights_sitenote_note":"","_monsterinsights_sitenote_category":0,"footnotes":""},"categories":[5,6],"tags":[8,24,17],"class_list":["post-22399","post","type-post","status-publish","format-standard","hentry","category-lopning","category-natur","tag-historia","tag-karlek","tag-solidaritet"],"_links":{"self":[{"href":"https:\/\/sven-ove.nu\/index.php?rest_route=\/wp\/v2\/posts\/22399","targetHints":{"allow":["GET"]}}],"collection":[{"href":"https:\/\/sven-ove.nu\/index.php?rest_route=\/wp\/v2\/posts"}],"about":[{"href":"https:\/\/sven-ove.nu\/index.php?rest_route=\/wp\/v2\/types\/post"}],"author":[{"embeddable":true,"href":"https:\/\/sven-ove.nu\/index.php?rest_route=\/wp\/v2\/users\/1"}],"replies":[{"embeddable":true,"href":"https:\/\/sven-ove.nu\/index.php?rest_route=%2Fwp%2Fv2%2Fcomments&post=22399"}],"version-history":[{"count":6,"href":"https:\/\/sven-ove.nu\/index.php?rest_route=\/wp\/v2\/posts\/22399\/revisions"}],"predecessor-version":[{"id":22406,"href":"https:\/\/sven-ove.nu\/index.php?rest_route=\/wp\/v2\/posts\/22399\/revisions\/22406"}],"wp:attachment":[{"href":"https:\/\/sven-ove.nu\/index.php?rest_route=%2Fwp%2Fv2%2Fmedia&parent=22399"}],"wp:term":[{"taxonomy":"category","embeddable":true,"href":"https:\/\/sven-ove.nu\/index.php?rest_route=%2Fwp%2Fv2%2Fcategories&post=22399"},{"taxonomy":"post_tag","embeddable":true,"href":"https:\/\/sven-ove.nu\/index.php?rest_route=%2Fwp%2Fv2%2Ftags&post=22399"}],"curies":[{"name":"wp","href":"https:\/\/api.w.org\/{rel}","templated":true}]}}