{"id":22408,"date":"2020-08-05T05:00:39","date_gmt":"2020-08-05T04:00:39","guid":{"rendered":"http:\/\/sven-ove.nu\/?p=22408"},"modified":"2020-08-05T12:25:07","modified_gmt":"2020-08-05T11:25:07","slug":"dod-och-skadespel","status":"publish","type":"post","link":"https:\/\/sven-ove.nu\/?p=22408","title":{"rendered":"&#8221;D\u00f6d och sk\u00e5despel&#8221;"},"content":{"rendered":"<p><a href=\"https:\/\/sven-ove.nu\/wp-content\/uploads\/2020\/08\/Sjon.jpg\"><img loading=\"lazy\" decoding=\"async\" class=\"size-large wp-image-22422 alignnone\" src=\"https:\/\/sven-ove.nu\/wp-content\/uploads\/2020\/08\/Sjon-768x1024.jpg\" alt=\"\" width=\"660\" height=\"880\" srcset=\"https:\/\/sven-ove.nu\/wp-content\/uploads\/2020\/08\/Sjon-768x1024.jpg 768w, https:\/\/sven-ove.nu\/wp-content\/uploads\/2020\/08\/Sjon-225x300.jpg 225w, https:\/\/sven-ove.nu\/wp-content\/uploads\/2020\/08\/Sjon.jpg 960w\" sizes=\"auto, (max-width: 660px) 100vw, 660px\" \/><\/a><\/p>\n<blockquote><p>Jag k\u00e4nner stor sympati med kulturarbetare som vill ut och spela, sjunga eller spela teater igen. Liksom med folk som vill se dem tillbaka p\u00e5 scenen.<\/p>\n<p>Vem vill inte det?<\/p><\/blockquote>\n<p>\u00c4nd\u00e5 f\u00f6rv\u00e5nar det mig n\u00e4r annars kloka m\u00e4nniskor j\u00e4mf\u00f6r fulla flygplan med tomma teatersalonger eller trubadurscener med Gek\u00e5s i Ullared. Allt utifr\u00e5n baktanken att \u201df\u00e5r Ullared s\u00e5 borde vi ocks\u00e5 f\u00e5\u201d.<\/p>\n<p>Borde vi inte t\u00e4nka precis tv\u00e4rt om? Covid-19 \u00e4r en f\u00f6rf\u00e4rlig pandemi och d\u00e5 \u00e4r det kanske flyget och Ullared man borde begr\u00e4nsa, inte be om \u00f6ppna teatersalonger f\u00f6r fler \u00e4n 50.<\/p>\n<p>Jag f\u00f6rst\u00e5r att kulturens folk \u00e4r ot\u00e5liga. Vem har inte f\u00e5tt upptr\u00e4danden inst\u00e4llda. Men det \u00e4r en smittsam och d\u00f6dlig sjuka som rullar runt v\u00e5rt klot.<\/p>\n<p>\u201dD\u00f6d och sk\u00e5despel\u201d \u00e4r inte min paroll. Jag v\u00e4ljer livet.<\/p>\n<p class=\"p1\"><em><span style=\"color: #ff6600;\"><strong>###<\/strong> <\/span>Kanske finns det en kompromiss som inte \u00e4r smittsam?<\/em><br \/>\n<em><span style=\"color: #ff6600;\"><strong>###<\/strong><\/span> Kanske kunde man g\u00f6ra i teatersalongerna som i aff\u00e4rerna? Ta in fler \u00e4n 50 d\u00e4r lokalen \u00e4r stor nog, fortfarande, med l-\u00e5-n-g lucka mellan m\u00e4nniskorna. St\u00f6rre salong, st\u00f6rre publik. Mindre salong f\u00e4rre \u00e5sk\u00e5dare. Handsprit.<\/em><br \/>\n<em><strong><span style=\"color: #ff6600;\">###<\/span><\/strong> Kanske.<\/em><\/p>\n<p><span style=\"color: #0000ff;\"><a style=\"color: #0000ff;\" href=\"https:\/\/sven-ove.nu\/\">Hem<\/a><\/span>\u00a0|\u00a0<a href=\"https:\/\/sven-ove.nu\/?page_id=170\"><span style=\"color: #0000ff;\">Om mig<\/span><\/a>\u00a0|\u00a0<span style=\"color: #0000ff;\"><a style=\"color: #0000ff;\" href=\"https:\/\/sven-ove.nu\/?page_id=1385\">Skriva &amp; prata<\/a>\u00a0<\/span>|\u00a0<span style=\"color: #0000ff;\"><a style=\"color: #0000ff;\" href=\"https:\/\/sven-ove.nu\/?page_id=100\">Politik<\/a><\/span>\u00a0|\u00a0<span style=\"color: #0000ff;\"><a style=\"color: #0000ff;\" href=\"https:\/\/sven-ove.nu\/?page_id=102\">L\u00f6pa<\/a><\/span>\u00a0|\u00a0<span style=\"color: #0000ff;\"><a style=\"color: #0000ff;\" href=\"https:\/\/sven-ove.nu\/?page_id=108\">Viktor Root<\/a><\/span><br \/>\n<em>Inl\u00e4gg nr 2 087. (c) Sven-Ove Svensson (men dela g\u00e4rna).<\/em><\/p>\n","protected":false},"excerpt":{"rendered":"<p>Jag k\u00e4nner stor sympati med kulturarbetare som vill ut och spela, sjunga eller spela teater igen. Liksom med folk som vill se dem tillbaka p\u00e5 scenen. Vem vill inte det? \u00c4nd\u00e5 f\u00f6rv\u00e5nar det mig n\u00e4r annars kloka m\u00e4nniskor j\u00e4mf\u00f6r fulla flygplan med tomma teatersalonger eller trubadurscener med Gek\u00e5s i Ullared. Allt utifr\u00e5n baktanken att \u201df\u00e5r &hellip; <a href=\"https:\/\/sven-ove.nu\/?p=22408\" class=\"more-link\">Forts\u00e4tt l\u00e4sa <span class=\"screen-reader-text\">&#8221;D\u00f6d och sk\u00e5despel&#8221;<\/span><\/a><\/p>\n","protected":false},"author":1,"featured_media":0,"comment_status":"closed","ping_status":"open","sticky":false,"template":"","format":"standard","meta":{"_crdt_document":"","_monsterinsights_skip_tracking":false,"_monsterinsights_sitenote_active":false,"_monsterinsights_sitenote_note":"","_monsterinsights_sitenote_category":0,"footnotes":""},"categories":[28],"tags":[17],"class_list":["post-22408","post","type-post","status-publish","format-standard","hentry","category-kreativt-folk","tag-solidaritet"],"_links":{"self":[{"href":"https:\/\/sven-ove.nu\/index.php?rest_route=\/wp\/v2\/posts\/22408","targetHints":{"allow":["GET"]}}],"collection":[{"href":"https:\/\/sven-ove.nu\/index.php?rest_route=\/wp\/v2\/posts"}],"about":[{"href":"https:\/\/sven-ove.nu\/index.php?rest_route=\/wp\/v2\/types\/post"}],"author":[{"embeddable":true,"href":"https:\/\/sven-ove.nu\/index.php?rest_route=\/wp\/v2\/users\/1"}],"replies":[{"embeddable":true,"href":"https:\/\/sven-ove.nu\/index.php?rest_route=%2Fwp%2Fv2%2Fcomments&post=22408"}],"version-history":[{"count":12,"href":"https:\/\/sven-ove.nu\/index.php?rest_route=\/wp\/v2\/posts\/22408\/revisions"}],"predecessor-version":[{"id":22428,"href":"https:\/\/sven-ove.nu\/index.php?rest_route=\/wp\/v2\/posts\/22408\/revisions\/22428"}],"wp:attachment":[{"href":"https:\/\/sven-ove.nu\/index.php?rest_route=%2Fwp%2Fv2%2Fmedia&parent=22408"}],"wp:term":[{"taxonomy":"category","embeddable":true,"href":"https:\/\/sven-ove.nu\/index.php?rest_route=%2Fwp%2Fv2%2Fcategories&post=22408"},{"taxonomy":"post_tag","embeddable":true,"href":"https:\/\/sven-ove.nu\/index.php?rest_route=%2Fwp%2Fv2%2Ftags&post=22408"}],"curies":[{"name":"wp","href":"https:\/\/api.w.org\/{rel}","templated":true}]}}