{"id":22415,"date":"2020-08-06T04:33:37","date_gmt":"2020-08-06T03:33:37","guid":{"rendered":"http:\/\/sven-ove.nu\/?p=22415"},"modified":"2020-08-06T05:09:15","modified_gmt":"2020-08-06T04:09:15","slug":"dags-att-starta-om","status":"publish","type":"post","link":"https:\/\/sven-ove.nu\/?p=22415","title":{"rendered":"Dags att starta om?"},"content":{"rendered":"<p><a href=\"https:\/\/sven-ove.nu\/wp-content\/uploads\/2020\/08\/Coronateserna.jpg\"><img loading=\"lazy\" decoding=\"async\" class=\"size-large wp-image-22416 alignnone\" src=\"https:\/\/sven-ove.nu\/wp-content\/uploads\/2020\/08\/Coronateserna-732x1024.jpg\" alt=\"\" width=\"660\" height=\"923\" srcset=\"https:\/\/sven-ove.nu\/wp-content\/uploads\/2020\/08\/Coronateserna-732x1024.jpg 732w, https:\/\/sven-ove.nu\/wp-content\/uploads\/2020\/08\/Coronateserna-214x300.jpg 214w, https:\/\/sven-ove.nu\/wp-content\/uploads\/2020\/08\/Coronateserna-768x1074.jpg 768w, https:\/\/sven-ove.nu\/wp-content\/uploads\/2020\/08\/Coronateserna.jpg 915w\" sizes=\"auto, (max-width: 660px) 100vw, 660px\" \/><\/a><\/p>\n<blockquote><p>I g\u00e5r kom den med posten. Den h\u00e4r v\u00e4ntar jag mig mycket av. Rasmus Landstr\u00f6m: Coronateserna &#8211; 52 teser om krisen och hur vi startar om samh\u00e4llet.<\/p><\/blockquote>\n<p>\u201dN\u00e4r staten nu lanserar krispaket efter krispaket &#8211; varf\u00f6r inte tvinga de rikaste att vara med och finansiera?\u201d.<\/p>\n<p>Har arbetarr\u00f6relsen \u201dett spr\u00e5k bortom det dagspolitiska k\u00e4bblet &#8211; minns den hur man lockar fram de ljusaste dr\u00f6mmarna ur de m\u00f6rkaste underg\u00e5ngsvisionerna? Eller \u00e4r allt som \u00e5terst\u00e5r en slags kvartalsreformism?\u201d.<\/p>\n<p>\u201dF\u00f6r att parafrasera Palme: Coronaviruset \u00e4r naturens verk &#8211; men samh\u00e4llet \u00e4r m\u00e4nniskans verk. Om n\u00e5got \u00e4r fel \u00e4ndrar vi p\u00e5 det.\u201d<\/p>\n<p>Nu ska jag sluta bl\u00e4ddra p\u00e5 m\u00e5f\u00e5 och l\u00e4sa hela den h\u00e4r f\u00f6rsta skriften i serien Katalys Ess\u00e4. En serie, skapad f\u00f6r att ge \u201df\u00f6rdjupning, fakta och mod\u201d. Det \u00e4r tre bra nyckelord.<\/p>\n<p><em><span style=\"color: #ff6600;\">###<\/span> Boken g\u00e5r att best\u00e4lla h\u00e4r: <span style=\"color: #0000ff;\"><a style=\"color: #0000ff;\" href=\"https:\/\/www.katalys.org\/publikation\/katalys-essa-coronateserna\/\"><strong>Katalys Ess\u00e4: Coronateserna<\/strong>.<\/a><\/span><\/em><\/p>\n<p><span style=\"color: #0000ff;\"><a style=\"color: #0000ff;\" href=\"https:\/\/sven-ove.nu\/\">Hem<\/a><\/span>\u00a0|\u00a0<a href=\"https:\/\/sven-ove.nu\/?page_id=170\"><span style=\"color: #0000ff;\">Om mig<\/span><\/a>\u00a0|\u00a0<span style=\"color: #0000ff;\"><a style=\"color: #0000ff;\" href=\"https:\/\/sven-ove.nu\/?page_id=1385\">Skriva &amp; prata<\/a><\/span>\u00a0|\u00a0<span style=\"color: #0000ff;\"><a style=\"color: #0000ff;\" href=\"https:\/\/sven-ove.nu\/?page_id=100\">Politik<\/a><\/span>\u00a0|\u00a0<span style=\"color: #0000ff;\"><a style=\"color: #0000ff;\" href=\"https:\/\/sven-ove.nu\/?page_id=102\">L\u00f6pa<\/a><\/span>\u00a0|\u00a0<span style=\"color: #0000ff;\"><a style=\"color: #0000ff;\" href=\"https:\/\/sven-ove.nu\/?page_id=108\">Viktor Root<\/a>\u00a0<\/span><br \/>\n<em>Inl\u00e4gg nr 2 088. (c) Sven-Ove Svensson (men dela g\u00e4rna).<\/em><\/p>\n","protected":false},"excerpt":{"rendered":"<p>I g\u00e5r kom den med posten. Den h\u00e4r v\u00e4ntar jag mig mycket av. Rasmus Landstr\u00f6m: Coronateserna &#8211; 52 teser om krisen och hur vi startar om samh\u00e4llet. \u201dN\u00e4r staten nu lanserar krispaket efter krispaket &#8211; varf\u00f6r inte tvinga de rikaste att vara med och finansiera?\u201d. Har arbetarr\u00f6relsen \u201dett spr\u00e5k bortom det dagspolitiska k\u00e4bblet &#8211; minns &hellip; <a href=\"https:\/\/sven-ove.nu\/?p=22415\" class=\"more-link\">Forts\u00e4tt l\u00e4sa <span class=\"screen-reader-text\">Dags att starta om?<\/span><\/a><\/p>\n","protected":false},"author":1,"featured_media":0,"comment_status":"closed","ping_status":"open","sticky":false,"template":"","format":"standard","meta":{"_crdt_document":"","_monsterinsights_skip_tracking":false,"_monsterinsights_sitenote_active":false,"_monsterinsights_sitenote_note":"","_monsterinsights_sitenote_category":0,"footnotes":""},"categories":[28,9],"tags":[14,17],"class_list":["post-22415","post","type-post","status-publish","format-standard","hentry","category-kreativt-folk","category-politik","tag-lasning","tag-solidaritet"],"_links":{"self":[{"href":"https:\/\/sven-ove.nu\/index.php?rest_route=\/wp\/v2\/posts\/22415","targetHints":{"allow":["GET"]}}],"collection":[{"href":"https:\/\/sven-ove.nu\/index.php?rest_route=\/wp\/v2\/posts"}],"about":[{"href":"https:\/\/sven-ove.nu\/index.php?rest_route=\/wp\/v2\/types\/post"}],"author":[{"embeddable":true,"href":"https:\/\/sven-ove.nu\/index.php?rest_route=\/wp\/v2\/users\/1"}],"replies":[{"embeddable":true,"href":"https:\/\/sven-ove.nu\/index.php?rest_route=%2Fwp%2Fv2%2Fcomments&post=22415"}],"version-history":[{"count":6,"href":"https:\/\/sven-ove.nu\/index.php?rest_route=\/wp\/v2\/posts\/22415\/revisions"}],"predecessor-version":[{"id":22430,"href":"https:\/\/sven-ove.nu\/index.php?rest_route=\/wp\/v2\/posts\/22415\/revisions\/22430"}],"wp:attachment":[{"href":"https:\/\/sven-ove.nu\/index.php?rest_route=%2Fwp%2Fv2%2Fmedia&parent=22415"}],"wp:term":[{"taxonomy":"category","embeddable":true,"href":"https:\/\/sven-ove.nu\/index.php?rest_route=%2Fwp%2Fv2%2Fcategories&post=22415"},{"taxonomy":"post_tag","embeddable":true,"href":"https:\/\/sven-ove.nu\/index.php?rest_route=%2Fwp%2Fv2%2Ftags&post=22415"}],"curies":[{"name":"wp","href":"https:\/\/api.w.org\/{rel}","templated":true}]}}