{"id":22431,"date":"2020-08-07T04:11:52","date_gmt":"2020-08-07T03:11:52","guid":{"rendered":"http:\/\/sven-ove.nu\/?p=22431"},"modified":"2020-08-06T13:50:58","modified_gmt":"2020-08-06T12:50:58","slug":"varfor-70-inte-ar-det-nya-50","status":"publish","type":"post","link":"https:\/\/sven-ove.nu\/?p=22431","title":{"rendered":"Varf\u00f6r 70 inte \u00e4r det nya 50"},"content":{"rendered":"<p><a href=\"https:\/\/sven-ove.nu\/wp-content\/uploads\/2020\/08\/Lekande-pensionarer.jpg\"><img loading=\"lazy\" decoding=\"async\" class=\"size-large wp-image-22436 alignnone\" src=\"https:\/\/sven-ove.nu\/wp-content\/uploads\/2020\/08\/Lekande-pensionarer-1024x1024.jpg\" alt=\"\" width=\"660\" height=\"660\" srcset=\"https:\/\/sven-ove.nu\/wp-content\/uploads\/2020\/08\/Lekande-pensionarer-1024x1024.jpg 1024w, https:\/\/sven-ove.nu\/wp-content\/uploads\/2020\/08\/Lekande-pensionarer-300x300.jpg 300w, https:\/\/sven-ove.nu\/wp-content\/uploads\/2020\/08\/Lekande-pensionarer-150x150.jpg 150w, https:\/\/sven-ove.nu\/wp-content\/uploads\/2020\/08\/Lekande-pensionarer-768x768.jpg 768w, https:\/\/sven-ove.nu\/wp-content\/uploads\/2020\/08\/Lekande-pensionarer.jpg 1280w\" sizes=\"auto, (max-width: 660px) 100vw, 660px\" \/><\/a><\/p>\n<blockquote>\n<p class=\"p1\">K\u00e4ra coronadagbok, tiden g\u00e5r. Snart kan vi alla se tecken p\u00e5 hur t\u00e5lamodet b\u00f6rjar tryta.<br \/>\nM\u00e4nniskan vill vara social.<br \/>\nM\u00e4nniskan vill k\u00e4nna fysisk kontakt.<\/p>\n<\/blockquote>\n<p class=\"p1\">Det \u00e4r inte ofta jag r\u00f6r mig i stan till fots dessa dagar. N\u00e4r jag v\u00e4l g\u00f6r det f\u00e5r jag g\u00e5 i slalom mellan grupper av t\u00e4tvandrare p\u00e5 Drottninggatan. I entr\u00e9erna till olika k\u00f6pcentra g\u00e4ller det att passa p\u00e5 n\u00e4r det blir en lucka mellan ut- och inpasserande. Att bes\u00f6ka en badplats \u00e4r ett lotteri och b\u00e4st tur har den som s\u00f6ker sig till utkanten. I mitten \u00e4r det tr\u00e5ngt, om v\u00e4dret \u00e4r bra och folk \u00e4r lediga.<\/p>\n<p class=\"p1\">D\u00e4r har du n\u00e5gra sj\u00e4lvupplevda iakttagelser. D\u00e5 har jag inte n\u00e4mnt hur illa det var i b\u00f6rjan, med den tr\u00e5nga gemensamma in- och utg\u00e5ngen p\u00e5 Centralsjukhuset i Karlstad.<\/p>\n<p class=\"p1\"><b>Ot\u00e5ligheten v\u00e4xer<br \/>\n<\/b>N\u00e5, det finns mycket som \u00e4r bra ocks\u00e5, folk som visst h\u00e5ller avst\u00e5nd p\u00e5 b\u00e5de vandringsled och trottoar. Folk som st\u00e4ller upp som volont\u00e4rer och k\u00f6r ut varor \u00e5t butikerna, folk som organiserar Skype- och Zoom-alternativ n\u00e4r m\u00f6ten m\u00e5ste h\u00e5llas.<\/p>\n<p class=\"p1\">Men ot\u00e5ligheten v\u00e4xer. Jag ser det trytande t\u00e5lamodet lite varstans. Det syns som sagt p\u00e5 badplatserna, det syns p\u00e5 Facebook. Nu b\u00f6rjar folk klaga. Idrottsr\u00f6relsen och kulturm\u00e4nniskorna klagar. De som vill att vi ska b\u00e4ra mask klagar.<\/p>\n<p class=\"p1\">Sj\u00e4lvklart \u00e4r f\u00f6reningsm\u00e4nniskor, kulturarbetare och andra bekymrade. Konstigt vore det annars. Vem vill inte g\u00e5 p\u00e5 teater eller se internationell idrott &#8211; med publik &#8211; i tv?<\/p>\n<p class=\"p1\">Samtidigt \u00e4r klagom\u00e5len ett tecken p\u00e5 just tappat t\u00e5lamod.<\/p>\n<p class=\"p1\"><b>Den late 25-\u00e5ringen klarar sig b\u00e4ttre<br \/>\n<\/b>Folk som \u00e4r drygt 70 och friska klagar. De \u00e4r piggare \u00e4n m\u00e5ngen depraverad ungdom, tycker vissa av dem. Kanske. Men \u00e4r deras lungor och andra organ det? Hj\u00e4lper det en \u00e4ldre s\u00e5 mycket, att hon eller han springer tre g\u00e5nger i veckan och nyss f\u00e5tt ner sitt BMI till 24,9, allts\u00e5 ingen \u00f6vervikt?<\/p>\n<p class=\"p1\">Jag \u00e4r skeptisk.<\/p>\n<p class=\"p1\">Hur \u00e4r det <strong>Agnes Wold<\/strong>, professor i klinisk bakteriologi, s\u00e4ger om 70-\u00e5ringar som inte vill l\u00e5tsas att de \u00e4r \u00e4ldre? De som h\u00e4vdar att 70 \u00e4r det nya 50, sj\u00e4lva spelar de ju golf, reser och \u00e4r fr\u00e4scha.<\/p>\n<p class=\"p1\">Hon s\u00e4ger att det handlar om reservkapacitet i lungorna och blodomloppet. \u00c4ven om du tycker att du har b\u00e4ttre kondis \u00e4n en sl\u00f6 25-\u00e5ring, s\u00e5 klarar sig den late 25-\u00e5ringen mycket b\u00e4ttre i en respirator \u00e4n du. Det beror p\u00e5 hur bra hj\u00e4rtat \u00e4r och hur elastiska dina lungor \u00e4r.<\/p>\n<p class=\"p1\">Detta m\u00e4rker du inte sj\u00e4lv, s\u00e4ger Agnes Wold, men s\u00e5 \u00e4r det. Du har mindre reserver och d\u00e5 klarar du intensivv\u00e5rd mycket mycket s\u00e4mre.<\/p>\n<p class=\"p1\">S\u00e5dant g\u00e5r jag omkring och funderar p\u00e5, medan forskarna jobbar vidare med vaccinet. M\u00e5nga h\u00e5ller ut och m\u00e5nga \u00e4r ot\u00e5liga. All respekt f\u00f6r b\u00e5dadera. M\u00e4nniskan vill kramas, det \u00e4r inte bara jag som vill det.<\/p>\n<p class=\"p1\" style=\"padding-left: 40px;\"><span style=\"color: #ff6600;\">***<\/span><\/p>\n<p class=\"p1\">Nu f\u00e5r det r\u00e4cka f\u00f6r i dag, k\u00e4ra Coronadagbok.<br \/>\nKram senare!<\/p>\n<p><span style=\"color: #0000ff;\"><a style=\"color: #0000ff;\" href=\"https:\/\/sven-ove.nu\/\">Hem<\/a><\/span>\u00a0|\u00a0<span style=\"color: #0000ff;\"><a style=\"color: #0000ff;\" href=\"https:\/\/sven-ove.nu\/?page_id=170\">Om mig<\/a><\/span>\u00a0|\u00a0<span style=\"color: #0000ff;\"><a style=\"color: #0000ff;\" href=\"https:\/\/sven-ove.nu\/?page_id=1385\">Skriva &amp; prata<\/a>\u00a0<\/span>|\u00a0<span style=\"color: #0000ff;\"><a style=\"color: #0000ff;\" href=\"https:\/\/sven-ove.nu\/?page_id=100\">Politik<\/a><\/span>\u00a0|\u00a0<span style=\"color: #0000ff;\"><a style=\"color: #0000ff;\" href=\"https:\/\/sven-ove.nu\/?page_id=102\">L\u00f6pa<\/a><\/span>\u00a0|\u00a0<span style=\"color: #0000ff;\"><a style=\"color: #0000ff;\" href=\"https:\/\/sven-ove.nu\/?page_id=108\">Viktor Root<\/a>\u00a0<\/span><br \/>\n<em>Inl\u00e4gg nr 2 089. (c) Sven-Ove Svensson (men dela g\u00e4rna).<\/em><\/p>\n","protected":false},"excerpt":{"rendered":"<p>K\u00e4ra coronadagbok, tiden g\u00e5r. Snart kan vi alla se tecken p\u00e5 hur t\u00e5lamodet b\u00f6rjar tryta. M\u00e4nniskan vill vara social. M\u00e4nniskan vill k\u00e4nna fysisk kontakt. Det \u00e4r inte ofta jag r\u00f6r mig i stan till fots dessa dagar. N\u00e4r jag v\u00e4l g\u00f6r det f\u00e5r jag g\u00e5 i slalom mellan grupper av t\u00e4tvandrare p\u00e5 Drottninggatan. I entr\u00e9erna &hellip; <a href=\"https:\/\/sven-ove.nu\/?p=22431\" class=\"more-link\">Forts\u00e4tt l\u00e4sa <span class=\"screen-reader-text\">Varf\u00f6r 70 inte \u00e4r det nya 50<\/span><\/a><\/p>\n","protected":false},"author":1,"featured_media":0,"comment_status":"closed","ping_status":"open","sticky":false,"template":"","format":"standard","meta":{"_crdt_document":"","_monsterinsights_skip_tracking":false,"_monsterinsights_sitenote_active":false,"_monsterinsights_sitenote_note":"","_monsterinsights_sitenote_category":0,"footnotes":""},"categories":[9],"tags":[18,14,15],"class_list":["post-22431","post","type-post","status-publish","format-standard","hentry","category-politik","tag-lardomar","tag-lasning","tag-mediedjungeln"],"_links":{"self":[{"href":"https:\/\/sven-ove.nu\/index.php?rest_route=\/wp\/v2\/posts\/22431","targetHints":{"allow":["GET"]}}],"collection":[{"href":"https:\/\/sven-ove.nu\/index.php?rest_route=\/wp\/v2\/posts"}],"about":[{"href":"https:\/\/sven-ove.nu\/index.php?rest_route=\/wp\/v2\/types\/post"}],"author":[{"embeddable":true,"href":"https:\/\/sven-ove.nu\/index.php?rest_route=\/wp\/v2\/users\/1"}],"replies":[{"embeddable":true,"href":"https:\/\/sven-ove.nu\/index.php?rest_route=%2Fwp%2Fv2%2Fcomments&post=22431"}],"version-history":[{"count":9,"href":"https:\/\/sven-ove.nu\/index.php?rest_route=\/wp\/v2\/posts\/22431\/revisions"}],"predecessor-version":[{"id":22441,"href":"https:\/\/sven-ove.nu\/index.php?rest_route=\/wp\/v2\/posts\/22431\/revisions\/22441"}],"wp:attachment":[{"href":"https:\/\/sven-ove.nu\/index.php?rest_route=%2Fwp%2Fv2%2Fmedia&parent=22431"}],"wp:term":[{"taxonomy":"category","embeddable":true,"href":"https:\/\/sven-ove.nu\/index.php?rest_route=%2Fwp%2Fv2%2Fcategories&post=22431"},{"taxonomy":"post_tag","embeddable":true,"href":"https:\/\/sven-ove.nu\/index.php?rest_route=%2Fwp%2Fv2%2Ftags&post=22431"}],"curies":[{"name":"wp","href":"https:\/\/api.w.org\/{rel}","templated":true}]}}