{"id":22458,"date":"2020-08-12T04:34:00","date_gmt":"2020-08-12T03:34:00","guid":{"rendered":"http:\/\/sven-ove.nu\/?p=22458"},"modified":"2020-08-12T15:37:20","modified_gmt":"2020-08-12T14:37:20","slug":"prov-3","status":"publish","type":"post","link":"https:\/\/sven-ove.nu\/?p=22458","title":{"rendered":"Fula fulordsprislistan"},"content":{"rendered":"\n<figure class=\"wp-block-image size-medium\"><img loading=\"lazy\" decoding=\"async\" width=\"283\" height=\"300\" src=\"https:\/\/sven-ove.nu\/wp-content\/uploads\/2020\/08\/Svarjebo-2-283x300.jpg\" alt=\"\" class=\"wp-image-22472\" srcset=\"https:\/\/sven-ove.nu\/wp-content\/uploads\/2020\/08\/Svarjebo-2-283x300.jpg 283w, https:\/\/sven-ove.nu\/wp-content\/uploads\/2020\/08\/Svarjebo-2.jpg 756w\" sizes=\"auto, (max-width: 283px) 100vw, 283px\" \/><\/figure>\n\n\n\n<blockquote class=\"wp-block-quote is-layout-flow wp-block-quote-is-layout-flow\"><p>En sverigedemokrat i V\u00e4rmland f\u00e5r b\u00f6ta 5 000 kronor till partikassan f\u00f6r att han <a href=\"https:\/\/sverigesradio.se\/sida\/artikel.aspx?programid=93&amp;artikel=7530132&amp;fbclid=IwAR3A8c8dskkDh865rBP_MrOPMmJuJzi2WGwTc4gqD3GnjMoQ4Qi1z37hnyo\" data-type=\"URL\" data-id=\"https:\/\/sverigesradio.se\/sida\/artikel.aspx?programid=93&amp;artikel=7530132&amp;fbclid=IwAR3A8c8dskkDh865rBP_MrOPMmJuJzi2WGwTc4gqD3GnjMoQ4Qi1z37hnyo\"><span style=\"color:#2b68a6\" class=\"has-inline-color\">uttryckt sig rasistiskt<\/span><\/a><span style=\"color:#1d7488\" class=\"has-inline-color\"> <\/span>i sociala medier. <br>Detta \u00e4r sanning.<\/p><\/blockquote>\n\n\n\n<p class=\"wp-block-paragraph\">D\u00e4remot \u00e4r det fake news att partiet har en rasistisk meny d\u00e4r hugade partimedlemmar kan se hur mycket pengar olika fulord <em>&#8211; som m\u00e5nga av dem t\u00e4nker men tills vidare b\u00f6r undvika att s\u00e4ga &#8211; <\/em>kostar i b\u00f6ter att skriva.&nbsp;<\/p>\n\n\n\n<p class=\"wp-block-paragraph\">Sedan \u00e4r det bara \u00e4r att v\u00e4lja fr\u00e5n menyn. Hur mycket fulhet orkar du b\u00e4ra?<br>&#8211; Har du f\u00e5tt l\u00f6ning nyss? V\u00e4lj ett dyr-fulord.<br>&#8211; Har du l\u00e5ngt kvar till l\u00f6ning? V\u00e4lj ett billig-fulord.<\/p>\n\n\n\n<p class=\"wp-block-paragraph\">Jag upprepar: detta \u00e4r fake news.<br>Det \u00e4r f\u00f6r j\u00e4vligt i alla fall.<\/p>\n\n\n<p style=\"padding-left: 30px;\"><em><span class=\"has-inline-color\" style=\"color: #d97b20;\">###<\/span> Platsen Sv\u00e4rjebo finns p\u00e5 riktigt.<br \/><\/em><em><span class=\"has-inline-color\" style=\"color: #d97b20;\">###<\/span> Tv\u00e5 mil sydv\u00e4st om Gislaved.<\/em><\/p>\n\n\n<p class=\"wp-block-paragraph\"><a href=\"https:\/\/sven-ove.nu\/\"><span style=\"color:#1777a0\" class=\"has-inline-color\">Hem<\/span><\/a><span style=\"color:#1777a0\" class=\"has-inline-color\">&nbsp;<\/span>|&nbsp;<a href=\"https:\/\/sven-ove.nu\/?page_id=170\"><span style=\"color:#1777a0\" class=\"has-inline-color\">Om mig<\/span><\/a>&nbsp;|&nbsp;<a href=\"https:\/\/sven-ove.nu\/?page_id=1385\"><span style=\"color:#1777a0\" class=\"has-inline-color\">Skriva &amp; prata<\/span><\/a>&nbsp;|&nbsp;<a href=\"https:\/\/sven-ove.nu\/?page_id=100\"><span style=\"color:#1777a0\" class=\"has-inline-color\">Politik<\/span><\/a>&nbsp;|<span style=\"color:#1777a0\" class=\"has-inline-color\">&nbsp;<\/span><a href=\"https:\/\/sven-ove.nu\/?page_id=102\"><span style=\"color:#1777a0\" class=\"has-inline-color\">L\u00f6pa<\/span><\/a><span style=\"color:#1777a0\" class=\"has-inline-color\">&nbsp;<\/span>|&nbsp;<a href=\"https:\/\/sven-ove.nu\/?page_id=108\"><span style=\"color:#1777a0\" class=\"has-inline-color\">Viktor Root<\/span><\/a><span style=\"color:#1777a0\" class=\"has-inline-color\">&nbsp;<\/span><br><em>Inl\u00e4gg nr 2 090. (c) Sven-Ove Svensson (men dela g\u00e4rna).<\/em><\/p>\n","protected":false},"excerpt":{"rendered":"<p>En sverigedemokrat i V\u00e4rmland f\u00e5r b\u00f6ta 5 000 kronor till partikassan f\u00f6r att han uttryckt sig rasistiskt i sociala medier. Detta \u00e4r sanning. D\u00e4remot \u00e4r det fake news att partiet har en rasistisk meny d\u00e4r hugade partimedlemmar kan se hur mycket pengar olika fulord &#8211; som m\u00e5nga av dem t\u00e4nker men tills vidare b\u00f6r undvika &hellip; <a href=\"https:\/\/sven-ove.nu\/?p=22458\" class=\"more-link\">Forts\u00e4tt l\u00e4sa <span class=\"screen-reader-text\">Fula fulordsprislistan<\/span><\/a><\/p>\n","protected":false},"author":1,"featured_media":0,"comment_status":"closed","ping_status":"open","sticky":false,"template":"","format":"standard","meta":{"_crdt_document":"","_monsterinsights_skip_tracking":false,"_monsterinsights_sitenote_active":false,"_monsterinsights_sitenote_note":"","_monsterinsights_sitenote_category":0,"footnotes":""},"categories":[9,4],"tags":[16,21],"class_list":["post-22458","post","type-post","status-publish","format-standard","hentry","category-politik","category-skrivande","tag-dumheter","tag-ord"],"_links":{"self":[{"href":"https:\/\/sven-ove.nu\/index.php?rest_route=\/wp\/v2\/posts\/22458","targetHints":{"allow":["GET"]}}],"collection":[{"href":"https:\/\/sven-ove.nu\/index.php?rest_route=\/wp\/v2\/posts"}],"about":[{"href":"https:\/\/sven-ove.nu\/index.php?rest_route=\/wp\/v2\/types\/post"}],"author":[{"embeddable":true,"href":"https:\/\/sven-ove.nu\/index.php?rest_route=\/wp\/v2\/users\/1"}],"replies":[{"embeddable":true,"href":"https:\/\/sven-ove.nu\/index.php?rest_route=%2Fwp%2Fv2%2Fcomments&post=22458"}],"version-history":[{"count":61,"href":"https:\/\/sven-ove.nu\/index.php?rest_route=\/wp\/v2\/posts\/22458\/revisions"}],"predecessor-version":[{"id":22580,"href":"https:\/\/sven-ove.nu\/index.php?rest_route=\/wp\/v2\/posts\/22458\/revisions\/22580"}],"wp:attachment":[{"href":"https:\/\/sven-ove.nu\/index.php?rest_route=%2Fwp%2Fv2%2Fmedia&parent=22458"}],"wp:term":[{"taxonomy":"category","embeddable":true,"href":"https:\/\/sven-ove.nu\/index.php?rest_route=%2Fwp%2Fv2%2Fcategories&post=22458"},{"taxonomy":"post_tag","embeddable":true,"href":"https:\/\/sven-ove.nu\/index.php?rest_route=%2Fwp%2Fv2%2Ftags&post=22458"}],"curies":[{"name":"wp","href":"https:\/\/api.w.org\/{rel}","templated":true}]}}