{"id":22560,"date":"2020-08-19T04:46:00","date_gmt":"2020-08-19T03:46:00","guid":{"rendered":"http:\/\/sven-ove.nu\/?p=22560"},"modified":"2020-08-18T22:27:18","modified_gmt":"2020-08-18T21:27:18","slug":"vart-behov-av-vastana","status":"publish","type":"post","link":"https:\/\/sven-ove.nu\/?p=22560","title":{"rendered":"V\u00e5rt behov av V\u00e4stan\u00e5 Teater"},"content":{"rendered":"\n<figure class=\"wp-block-image size-large\"><img loading=\"lazy\" decoding=\"async\" width=\"923\" height=\"513\" src=\"https:\/\/sven-ove.nu\/wp-content\/uploads\/2020\/08\/Vastana-vinjett-Korkarlen.png\" alt=\"\" class=\"wp-image-22561\" srcset=\"https:\/\/sven-ove.nu\/wp-content\/uploads\/2020\/08\/Vastana-vinjett-Korkarlen.png 923w, https:\/\/sven-ove.nu\/wp-content\/uploads\/2020\/08\/Vastana-vinjett-Korkarlen-300x167.png 300w, https:\/\/sven-ove.nu\/wp-content\/uploads\/2020\/08\/Vastana-vinjett-Korkarlen-768x427.png 768w\" sizes=\"auto, (max-width: 923px) 100vw, 923px\" \/><\/figure>\n\n\n\n<p class=\"wp-block-paragraph\"><\/p>\n\n\n\n<blockquote class=\"wp-block-quote is-style-default is-layout-flow wp-block-quote-is-layout-flow\"><p>L\u00e4s min textruta p\u00e5 Facebook nedan, fr\u00e5n i g\u00e5r. H\u00e4r hemma g\u00e5r K\u00f6rkarlen igen, i flera bem\u00e4rkelser. <br><br>Diskussionen efter inl\u00e4gget satte ig\u00e5ng tankar. Jag beundrar V\u00e4stan\u00e5 Teaters medarbetare mycket. Det g\u00f6r det \u00e4nnu mer sp\u00e4nnande att se vad de kan g\u00f6ra av Selma Lagerl\u00f6fs ber\u00e4ttelsen fr\u00e5n 1912. <\/p><\/blockquote>\n\n\n\n<p class=\"wp-block-paragraph\"><\/p>\n\n\n\n<p class=\"wp-block-paragraph\">Kan g\u00f6ra? De har ju redan skrivit, dramatiserat, regisserat, komponerat musiken, skapat och sytt dr\u00e4kterna, koreograferat, gjort scenografi och ljuss\u00e4ttning, l\u00e4st in manus, repeterat, repeterat och repeterat. D\u00e5 &#8211; slog pandemin till. Precis som tuberkulosen spelar sin dystra roll i ber\u00e4ttelsen s\u00e5 kom coronan att spela roll i almanackan. Premi\u00e4ren fick lov att skjutas upp till n\u00e4sta sommar.<br><br>\u00c4nnu en grinig lungsjukdom ville ha ett ord med i v\u00e5r f\u00f6rest\u00e4llningsv\u00e4rld.<\/p>\n\n\n\n<p class=\"wp-block-paragraph\"><strong>\u201dEn stor atavism\u201d<br><\/strong>Allts\u00e5 v\u00e4ntar vi. Under tiden l\u00e4ser jag vad Sven Delblanc skriver om Selma Lagerl\u00f6f i <em>Den svenska litteraturen<\/em> (Bonniers, 1989). Han tycker att hon \u00e4r naiv och hennes ber\u00e4ttarteknik \u201den stor atavism\u201d. Det betyder \u201dupp\u00adtr\u00e4dande av egenskap fr\u00e5n l\u00e5ngt tidigare sl\u00e4kt\u00adled\u201d skriver uppslagsboken. <\/p>\n\n\n\n<p class=\"wp-block-paragraph\">P\u00e5 s\u00e5 vis.<\/p>\n\n\n\n<p class=\"wp-block-paragraph\">Kanske har Delblanc r\u00e4tt om naivismen. Naiv \u00e4r inte det s\u00e4msta, vem \u00e4r inte det vissa onsdagsf\u00f6rmiddagar n\u00e4r solen skiner? Hellre naiv \u00e4n cynisk, cynikern f\u00e5r g\u00e4rna sitt levande spr\u00e5k f\u00f6rst\u00f6rt.<\/p>\n\n\n\n<p class=\"wp-block-paragraph\"><strong>S\u00f6ker tr\u00f6st hos Sj\u00f6str\u00f6m<\/strong><br>Jag tvivlar inte p\u00e5 <a href=\"http:\/\/www.vastanateater.se\/\"><span style=\"color:#134bd8\" class=\"has-inline-color\">V\u00e4stan\u00e5 Teater<\/span><\/a>. Skaparna av deras f\u00f6rest\u00e4llningar \u00e4r geniala. F\u00f6rest\u00e4llningen kommer att bli fin, den dag vi \u00e4ntligen f\u00e5r s\u00e4tta oss tillsammans i teaterladan i Rottneros igen och ryckas med av musiken, dansen, scenografin och sk\u00e5despeleriet.<\/p>\n\n\n\n<p class=\"wp-block-paragraph\">Sp\u00f6kdelen i romanen k\u00e4nns som gjord f\u00f6r V\u00e4stan\u00e5 och ber\u00e4ttelsen \u00e4r vacker, dyster och vacker. \u00c4nd\u00e5 m\u00e5ste den ha varit en utmaning. Romanens 112 sidor \u00e4r inte precis fyllda av folk och action. Det f\u00f6rsta du t\u00e4nker \u00e4r inte att sj\u00e4lva handlingen l\u00e4tt kommer att fylla en helkv\u00e4ll.<\/p>\n\n\n\n<figure class=\"wp-block-image size-large is-resized\"><img loading=\"lazy\" decoding=\"async\" src=\"https:\/\/sven-ove.nu\/wp-content\/uploads\/2020\/08\/Korkarlen.png\" alt=\"\" class=\"wp-image-22576\" width=\"320\" height=\"226\" srcset=\"https:\/\/sven-ove.nu\/wp-content\/uploads\/2020\/08\/Korkarlen.png 496w, https:\/\/sven-ove.nu\/wp-content\/uploads\/2020\/08\/Korkarlen-300x212.png 300w\" sizes=\"auto, (max-width: 320px) 100vw, 320px\" \/><\/figure>\n\n\n\n<p class=\"wp-block-paragraph\">Som tr\u00f6st klickar jag fram en snutt av Victor Sj\u00f6str\u00f6ms filmatisering av <a href=\"https:\/\/www.youtube.com\/watch?v=-bm1J1Dstfs&amp;fbclid=IwAR36BOnv9qiQYAUASyyOnZr8qqikmzenAMtVxurC3iY719F8sVAlH4nEteU&amp;app=desktop\"><span style=\"color:#1543dd\" class=\"has-inline-color\">K\u00f6rkarlen<\/span><\/a> p\u00e5 n\u00e4tet. D\u00e5 inser jag att \u00e4ven han skapade i V\u00e4stan\u00e5s anda, fast han inte visste det.<\/p>\n\n\n\n<p class=\"wp-block-paragraph\">I g\u00e5r kv\u00e4ll letade vi fram hela filmen fr\u00e5n 1921 p\u00e5 Telia Play och s\u00e5g om den. Scenen med dubbelexponeringen av huvudpersonen David Holm \u00e4r fortfarande lika v\u00e4rd att se. Det \u00e4r l\u00e4tt att f\u00f6rst\u00e5 varf\u00f6r filmen blev ber\u00f6md och varf\u00f6r Ingmar Bergman ville se den varje sommar.<\/p>\n\n\n\n<p class=\"wp-block-paragraph\">V\u00e5rt behov av V\u00e4stan\u00e5 d\u00e4mpade den dock icke.<br>J\u00e4dra dret-pandemi.<\/p>\n\n\n\n<p class=\"wp-block-paragraph\"><a href=\"https:\/\/sven-ove.nu\/\"><span style=\"color:#1845d9\" class=\"has-inline-color\">Hem<\/span><\/a>&nbsp;|&nbsp;<a href=\"https:\/\/sven-ove.nu\/?page_id=170\"><span style=\"color:#1548e0\" class=\"has-inline-color\">Om mig<\/span><\/a>&nbsp;|&nbsp;<a href=\"https:\/\/sven-ove.nu\/?page_id=1385\"><span style=\"color:#1443dd\" class=\"has-inline-color\">Skriva &amp; prata<\/span><\/a>&nbsp;|&nbsp;<a href=\"https:\/\/sven-ove.nu\/?page_id=100\"><span style=\"color:#1750d6\" class=\"has-inline-color\">Politik<\/span><\/a>&nbsp;|&nbsp;<a href=\"https:\/\/sven-ove.nu\/?page_id=102\"><span style=\"color:#132ad8\" class=\"has-inline-color\">L\u00f6pa<\/span><\/a>&nbsp;|&nbsp;<a href=\"https:\/\/sven-ove.nu\/?page_id=108\"><span style=\"color:#1739e5\" class=\"has-inline-color\">Viktor Root<\/span><\/a><span style=\"color:#163ede\" class=\"has-inline-color\">&nbsp;<\/span><br><em>Inl\u00e4gg nr 2 091. (c) Sven-Ove Svensson (men dela g\u00e4rna)<\/em>.<\/p>\n","protected":false},"excerpt":{"rendered":"<p>L\u00e4s min textruta p\u00e5 Facebook nedan, fr\u00e5n i g\u00e5r. H\u00e4r hemma g\u00e5r K\u00f6rkarlen igen, i flera bem\u00e4rkelser. Diskussionen efter inl\u00e4gget satte ig\u00e5ng tankar. Jag beundrar V\u00e4stan\u00e5 Teaters medarbetare mycket. Det g\u00f6r det \u00e4nnu mer sp\u00e4nnande att se vad de kan g\u00f6ra av Selma Lagerl\u00f6fs ber\u00e4ttelsen fr\u00e5n 1912. Kan g\u00f6ra? De har ju redan skrivit, dramatiserat, &hellip; <a href=\"https:\/\/sven-ove.nu\/?p=22560\" class=\"more-link\">Forts\u00e4tt l\u00e4sa <span class=\"screen-reader-text\">V\u00e5rt behov av V\u00e4stan\u00e5 Teater<\/span><\/a><\/p>\n","protected":false},"author":1,"featured_media":0,"comment_status":"closed","ping_status":"open","sticky":false,"template":"","format":"standard","meta":{"_crdt_document":"","_monsterinsights_skip_tracking":false,"_monsterinsights_sitenote_active":false,"_monsterinsights_sitenote_note":"","_monsterinsights_sitenote_category":0,"footnotes":""},"categories":[10,28,4],"tags":[14],"class_list":["post-22560","post","type-post","status-publish","format-standard","hentry","category-familjen","category-kreativt-folk","category-skrivande","tag-lasning"],"_links":{"self":[{"href":"https:\/\/sven-ove.nu\/index.php?rest_route=\/wp\/v2\/posts\/22560","targetHints":{"allow":["GET"]}}],"collection":[{"href":"https:\/\/sven-ove.nu\/index.php?rest_route=\/wp\/v2\/posts"}],"about":[{"href":"https:\/\/sven-ove.nu\/index.php?rest_route=\/wp\/v2\/types\/post"}],"author":[{"embeddable":true,"href":"https:\/\/sven-ove.nu\/index.php?rest_route=\/wp\/v2\/users\/1"}],"replies":[{"embeddable":true,"href":"https:\/\/sven-ove.nu\/index.php?rest_route=%2Fwp%2Fv2%2Fcomments&post=22560"}],"version-history":[{"count":18,"href":"https:\/\/sven-ove.nu\/index.php?rest_route=\/wp\/v2\/posts\/22560\/revisions"}],"predecessor-version":[{"id":22584,"href":"https:\/\/sven-ove.nu\/index.php?rest_route=\/wp\/v2\/posts\/22560\/revisions\/22584"}],"wp:attachment":[{"href":"https:\/\/sven-ove.nu\/index.php?rest_route=%2Fwp%2Fv2%2Fmedia&parent=22560"}],"wp:term":[{"taxonomy":"category","embeddable":true,"href":"https:\/\/sven-ove.nu\/index.php?rest_route=%2Fwp%2Fv2%2Fcategories&post=22560"},{"taxonomy":"post_tag","embeddable":true,"href":"https:\/\/sven-ove.nu\/index.php?rest_route=%2Fwp%2Fv2%2Ftags&post=22560"}],"curies":[{"name":"wp","href":"https:\/\/api.w.org\/{rel}","templated":true}]}}