{"id":22585,"date":"2020-08-20T04:23:00","date_gmt":"2020-08-20T03:23:00","guid":{"rendered":"http:\/\/sven-ove.nu\/?p=22585"},"modified":"2020-08-19T20:42:56","modified_gmt":"2020-08-19T19:42:56","slug":"stort-tack-du-som-tror-pa-mig-styrkekram","status":"publish","type":"post","link":"https:\/\/sven-ove.nu\/?p=22585","title":{"rendered":"Stort tack, du som tror p\u00e5 mig. Styrkekram!"},"content":{"rendered":"\n<figure class=\"wp-block-image size-large\"><img loading=\"lazy\" decoding=\"async\" width=\"1024\" height=\"658\" src=\"https:\/\/sven-ove.nu\/wp-content\/uploads\/2020\/08\/105-kronor-1024x658.jpg\" alt=\"\" class=\"wp-image-22587\" srcset=\"https:\/\/sven-ove.nu\/wp-content\/uploads\/2020\/08\/105-kronor-1024x658.jpg 1024w, https:\/\/sven-ove.nu\/wp-content\/uploads\/2020\/08\/105-kronor-300x193.jpg 300w, https:\/\/sven-ove.nu\/wp-content\/uploads\/2020\/08\/105-kronor-768x493.jpg 768w, https:\/\/sven-ove.nu\/wp-content\/uploads\/2020\/08\/105-kronor.jpg 1280w\" sizes=\"auto, (max-width: 1024px) 100vw, 1024px\" \/><\/figure>\n\n\n\n<p class=\"wp-block-paragraph\"><\/p>\n\n\n\n<blockquote class=\"wp-block-quote is-style-default is-layout-flow wp-block-quote-is-layout-flow\"><p>Det finns folk som tror en om gott. Till exempel hon som sk\u00f6ter adresslistan p\u00e5 Biltema.<br>Hon tror att jag \u00e4r En Riktig Karl.<\/p><\/blockquote>\n\n\n\n<p class=\"wp-block-paragraph\">Mitt snickarintresse var intensivt men upph\u00f6rde i fjorton\u00e5rs\u00e5ldern. Mitt skruvarintresse var n\u00e4stan lika stort, men st\u00f6rtd\u00f6k vid \u00f6verg\u00e5ngen fr\u00e5n cykel till moped. Kan inte minnas att jag v\u00e4nde den kamraten uppochner och tog l\u00f6s vitala delar s\u00e4rskilt m\u00e5nga g\u00e5nger.<\/p>\n\n\n\n<p class=\"wp-block-paragraph\">F\u00f6rutom att jag tappade f\u00f6rgasaren under f\u00e4rd en g\u00e5ng och undrade vad som hade h\u00e4nt. Det var det d\u00e4r att jag undrade som s\u00e4rskilt imponerade p\u00e5 mina v\u00e4nner.<\/p>\n\n\n\n<p class=\"wp-block-paragraph\"><strong>Med trassel i fickan<\/strong><br>Hon p\u00e5 Biltema t\u00e4nker inte som dem. Hon t\u00e4nker att Svensson \u00e4r bildbar, kanske rent av kunnig redan nu. Kanske g\u00e5r han runt hela dagarna med trassel i bakfickan p\u00e5 fastigheten Tvillingarna 9. Byter ett topplock f\u00f6re frukost, renoverar en farth\u00e5llare lagom till lunch, sover middag med en lambdasond bredvid sig p\u00e5 soffan. En titanium som han k\u00e4nner igen p\u00e5 att en av kablarna \u00e4r r\u00f6d.<\/p>\n\n\n\n<figure class=\"wp-block-image size-large is-resized\"><img loading=\"lazy\" decoding=\"async\" src=\"https:\/\/sven-ove.nu\/wp-content\/uploads\/2020\/08\/Priskuranten-1024x1024.jpg\" alt=\"\" class=\"wp-image-22596\" width=\"422\" height=\"422\" srcset=\"https:\/\/sven-ove.nu\/wp-content\/uploads\/2020\/08\/Priskuranten-1024x1024.jpg 1024w, https:\/\/sven-ove.nu\/wp-content\/uploads\/2020\/08\/Priskuranten-300x300.jpg 300w, https:\/\/sven-ove.nu\/wp-content\/uploads\/2020\/08\/Priskuranten-150x150.jpg 150w, https:\/\/sven-ove.nu\/wp-content\/uploads\/2020\/08\/Priskuranten-768x768.jpg 768w, https:\/\/sven-ove.nu\/wp-content\/uploads\/2020\/08\/Priskuranten.jpg 1280w\" sizes=\"auto, (max-width: 422px) 100vw, 422px\" \/><\/figure>\n\n\n\n<p class=\"wp-block-paragraph\">Jag tror \u00e5tminstone att hon tror det. Varf\u00f6r skulle hon annars s\u00e4tta upp mig p\u00e5 s\u00e4ndlistan f\u00f6r nya bildelskatalogen? Hur som helst blev jag mycket stolt. Den ligger s\u00e5 fint i handen. Den f\u00e5r mig att v\u00e4xa, allt medan jag frossar i bildelar jag inte visste fanns.<\/p>\n\n\n\n<p class=\"wp-block-paragraph\">Svetsmutter med plugg. R\u00f6rb\u00f6j med muff. Bromsok till elektronisk parkeringsbroms. Kr\u00e5kfotsats. Pressplatta, universal. Motorstativ med sn\u00e4ckv\u00e4xel. Fj\u00e4derbenslagringar. Knutkors. Drivknutsavdragare.<\/p>\n\n\n\n<p class=\"wp-block-paragraph\"><strong>Olja bel\u00e4ggen<\/strong><br>Det \u00e4r som om jag blivit rakare i ryggen. N\u00e4sta g\u00e5ng jag tr\u00e4ffar riktiga karlar kan jag spr\u00e5ket.<br>&#8211; Nej, du vet, jag har f\u00e5tt n\u00e5t skit i takboxen. \u00c4ndr\u00f6rena m\u00e5r inte heller bra och bromsbel\u00e4ggen m\u00e5ste oljas.<\/p>\n\n\n\n<p class=\"wp-block-paragraph\">Tack, du ok\u00e4nda! Du v\u00e4nde mitt liv. Nu kommer jag aldrig mer att tappa n\u00e5n f\u00f6rgasare. Vad kostar en s\u00e5n till en Octavia f\u00f6rresten? Ettserien. K\u00e4nner att jag vill ha en i reserv. De g\u00e5r l\u00e4tt varma, de d\u00e4r.<\/p>\n\n\n\n<p class=\"wp-block-paragraph\">Vad brukar du ha f\u00f6r olja p\u00e5 bel\u00e4ggen?<\/p>\n\n\n\n<p class=\"wp-block-paragraph\"><a href=\"https:\/\/sven-ove.nu\/\"><span style=\"color:#1342dc\" class=\"has-inline-color\">Hem<\/span><\/a>&nbsp;|&nbsp;<a href=\"https:\/\/sven-ove.nu\/?page_id=170\"><span style=\"color:#1342dc\" class=\"has-inline-color\">Om mig<\/span><\/a><span class=\"has-inline-color has-dark-gray-color\">&nbsp;<\/span>|&nbsp;<a href=\"https:\/\/sven-ove.nu\/?page_id=1385\"><span style=\"color:#1342dc\" class=\"has-inline-color\">Skriva &amp; prata<\/span><\/a>&nbsp;|&nbsp;<a href=\"https:\/\/sven-ove.nu\/?page_id=100\"><span style=\"color:#1342dc\" class=\"has-inline-color\">Politik<\/span><\/a>&nbsp;|&nbsp;<a href=\"https:\/\/sven-ove.nu\/?page_id=102\"><span style=\"color:#1342dc\" class=\"has-inline-color\">L\u00f6pa<\/span><\/a>&nbsp;|&nbsp;<a href=\"https:\/\/sven-ove.nu\/?page_id=108\"><span style=\"color:#1342dc\" class=\"has-inline-color\">Viktor Root<\/span><\/a><span style=\"color:#1342dc\" class=\"has-inline-color\">&nbsp;<\/span><br><em>Inl\u00e4gg nr 2 092. (c) Sven-Ove Svensson (men dela g\u00e4rna)<\/em>. <\/p>\n","protected":false},"excerpt":{"rendered":"<p>Det finns folk som tror en om gott. Till exempel hon som sk\u00f6ter adresslistan p\u00e5 Biltema.Hon tror att jag \u00e4r En Riktig Karl. Mitt snickarintresse var intensivt men upph\u00f6rde i fjorton\u00e5rs\u00e5ldern. Mitt skruvarintresse var n\u00e4stan lika stort, men st\u00f6rtd\u00f6k vid \u00f6verg\u00e5ngen fr\u00e5n cykel till moped. Kan inte minnas att jag v\u00e4nde den kamraten uppochner och &hellip; <a href=\"https:\/\/sven-ove.nu\/?p=22585\" class=\"more-link\">Forts\u00e4tt l\u00e4sa <span class=\"screen-reader-text\">Stort tack, du som tror p\u00e5 mig. Styrkekram!<\/span><\/a><\/p>\n","protected":false},"author":1,"featured_media":0,"comment_status":"closed","ping_status":"open","sticky":false,"template":"","format":"standard","meta":{"_crdt_document":"","_monsterinsights_skip_tracking":false,"_monsterinsights_sitenote_active":false,"_monsterinsights_sitenote_note":"","_monsterinsights_sitenote_category":0,"footnotes":""},"categories":[10,28],"tags":[24,14,21,13],"class_list":["post-22585","post","type-post","status-publish","format-standard","hentry","category-familjen","category-kreativt-folk","tag-karlek","tag-lasning","tag-ord","tag-utrustning"],"_links":{"self":[{"href":"https:\/\/sven-ove.nu\/index.php?rest_route=\/wp\/v2\/posts\/22585","targetHints":{"allow":["GET"]}}],"collection":[{"href":"https:\/\/sven-ove.nu\/index.php?rest_route=\/wp\/v2\/posts"}],"about":[{"href":"https:\/\/sven-ove.nu\/index.php?rest_route=\/wp\/v2\/types\/post"}],"author":[{"embeddable":true,"href":"https:\/\/sven-ove.nu\/index.php?rest_route=\/wp\/v2\/users\/1"}],"replies":[{"embeddable":true,"href":"https:\/\/sven-ove.nu\/index.php?rest_route=%2Fwp%2Fv2%2Fcomments&post=22585"}],"version-history":[{"count":10,"href":"https:\/\/sven-ove.nu\/index.php?rest_route=\/wp\/v2\/posts\/22585\/revisions"}],"predecessor-version":[{"id":22602,"href":"https:\/\/sven-ove.nu\/index.php?rest_route=\/wp\/v2\/posts\/22585\/revisions\/22602"}],"wp:attachment":[{"href":"https:\/\/sven-ove.nu\/index.php?rest_route=%2Fwp%2Fv2%2Fmedia&parent=22585"}],"wp:term":[{"taxonomy":"category","embeddable":true,"href":"https:\/\/sven-ove.nu\/index.php?rest_route=%2Fwp%2Fv2%2Fcategories&post=22585"},{"taxonomy":"post_tag","embeddable":true,"href":"https:\/\/sven-ove.nu\/index.php?rest_route=%2Fwp%2Fv2%2Ftags&post=22585"}],"curies":[{"name":"wp","href":"https:\/\/api.w.org\/{rel}","templated":true}]}}