{"id":22603,"date":"2020-08-24T04:22:00","date_gmt":"2020-08-24T03:22:00","guid":{"rendered":"http:\/\/sven-ove.nu\/?p=22603"},"modified":"2020-08-23T10:20:06","modified_gmt":"2020-08-23T09:20:06","slug":"den-hemliga-svarta-listan-pa-grossbolstorp","status":"publish","type":"post","link":"https:\/\/sven-ove.nu\/?p=22603","title":{"rendered":"Hemlig svart lista p\u00e5 Grossbolstorp"},"content":{"rendered":"\n<blockquote class=\"wp-block-quote is-style-default is-layout-flow wp-block-quote-is-layout-flow\"><p>Det bor en bonde i varje svensk.<br>Samt en spr\u00e5kpolis.<\/p><\/blockquote>\n\n\n\n<p class=\"wp-block-paragraph\">Bonden i mig kommer mest till sin r\u00e4tt n\u00e4r jag gr\u00e4ver ny jord ur komposten, fyller pytsar med hallon eller hittar en \u00e4ng under gr\u00e4s- och mossmattan. Pappa skulle ha blivit f\u00f6rv\u00e5nad om han sett mig med lie i hand.<\/p>\n\n\n\n<p class=\"wp-block-paragraph\">Spr\u00e5kpolisen i mig har det v\u00e4rre. Han \u00e4r permitterad.<\/p>\n\n\n\n<p class=\"wp-block-paragraph\"><strong>Har slutat bokstavsmobba<\/strong><br>Jag \u00e4r ordm\u00e4nniska. Spr\u00e5ket har f\u00f6rs\u00f6rjt och f\u00f6rn\u00f6jt mig i l\u00e5nga tider nu. Det \u00e4r s\u00e5 sk\u00f4j n\u00e4r orden tr\u00e4ffar r\u00e4tt. Det vill s\u00e4ga n\u00e4r kommunikationen fungerar och den jag samtalar med ler d\u00e4r jag t\u00e4nkt det, knyter n\u00e4ven d\u00e4r jag hoppats eller i varje fall f\u00f6rst\u00e5tt hur jag menar.<\/p>\n\n\n\n<p class=\"wp-block-paragraph\">Ibland blir man till och med n\u00f6jd sj\u00e4lv.<\/p>\n\n\n<p style=\"padding-left: 40px;\"><span style=\"color: #ff6600;\"><strong><em><span class=\"has-inline-color\" data-rich-text-format-boundary=\"true\">###<\/span><\/em><\/strong><\/span><em> Nej, jag \u00e4r ingen expert p\u00e5 grammatik.<\/em><br data-rich-text-line-break=\"true\"><span style=\"color: #ff6600;\"><strong><em><span class=\"has-inline-color\">###<\/span><\/em><\/strong><\/span><em> Jod\u00e5, jag har stavat fel till h\u00e5rdra och dinosaurie en v\u00e4ldig massa \u00e5r.<\/em><br data-rich-text-line-break=\"true\"><span style=\"color: #ff6600;\"><strong><em><span class=\"has-inline-color\">###<\/span><\/em><\/strong><\/span><em> Denna text \u00e4r skriven i ett glashus.<\/em><\/p>\n\n\n<p class=\"wp-block-paragraph\">Ingen m\u00e4nniska \u00e4r perfekt. Inte spr\u00e5kpoliserna heller. Sj\u00e4lv har jag slutat jaga stavfel. Det gav mig bara en d\u00e5lig smak i k\u00e4ften. Folk kan stava fel av s\u00e5 m\u00e5nga sk\u00e4l. Jag kunde inte komma p\u00e5 ett enda som gav mig r\u00e4tt att bokstavsmobba.<\/p>\n\n\n\n<p class=\"wp-block-paragraph\">D\u00e4rf\u00f6r ler jag f\u00f6r det mesta bara tyst \u00e5t lustiga s\u00e4rskrivningar och ovanliga felstavningar, numera. I den m\u00e5n jag har vett att se att det \u00e4r fel.<\/p>\n\n\n\n<p class=\"wp-block-paragraph\">Krav st\u00e4ller jag mest p\u00e5 professionella ordbrukare, \u00e4ven d\u00e4r tyst f\u00f6r mig sj\u00e4lv.<\/p>\n\n\n\n<p class=\"wp-block-paragraph\">Samtidigt vet jag att olika situationer kr\u00e4ver olika spr\u00e5kliga niv\u00e5er. Ibland skriver folk facebookiska. Ibland skriver vi p\u00e5 v\u00e5rt modersm\u00e5l, vi som \u00e4r s\u00e5 lagda. Dialekten. Ibland leker vi med nya ord som inte finns i ordb\u00f6cker och allm\u00e4nna medvetandet \u00e4n.<\/p>\n\n\n\n<p class=\"wp-block-paragraph\">En v\u00e4n till mig var kraftigt st\u00f6rd n\u00e4r ordet n\u00f6rd b\u00f6rjade dyka upp i svenska spr\u00e5ket. Han umgicks inte s\u00e5 mycket med datam\u00e4nniskor.<\/p>\n\n\n\n<p class=\"wp-block-paragraph\">2020 finns n\u00f6rdarna \u00e4ven i hans trakter.<\/p>\n\n\n\n<p class=\"wp-block-paragraph\"><strong>Tysta svarta listan<\/strong><br>Nu har jag garderat mig nog. Dags f\u00f6r bek\u00e4nnelsen. Det finns fel som fortfarande f\u00e5r spr\u00e5kpolisen inom mig att b\u00f6rja muttra. Han s\u00e4ger ingenting och skriver ingenting. Det f\u00e5r han inte f\u00f6r mig. D\u00e4remot f\u00e5r han memorera en lista tyst f\u00f6r sig sj\u00e4lv. Gudskelov har spr\u00e5kpolisen d\u00e5ligt n\u00e4rminne, men h\u00f6gt p\u00e5 svarta listan kommer:<\/p>\n\n\n\n<ul class=\"wp-block-list\"><li><strong>N\u00e4r museer och journalister stavar fel till <em>museet<\/em>.<\/strong><\/li><li><strong>N\u00e4r skrivproffs skriver <em>t\u00e4nket<\/em>.<\/strong><\/li><li><strong>N\u00e4r fackliga f\u00f6retr\u00e4dare och chefer sv\u00e4nger sig med f\u00f6rkortningen <em>APT<\/em>.<\/strong><\/li><li><strong>N\u00e4r kommunikat\u00f6rer skriver <em>spendera<\/em> om tid.<\/strong><\/li><li><strong>N\u00e4r yrkesskribenter skriver <em>starta upp.<\/em><\/strong><\/li><\/ul>\n\n\n\n<figure class=\"wp-block-image size-large is-resized\"><img loading=\"lazy\" decoding=\"async\" src=\"https:\/\/sven-ove.nu\/wp-content\/uploads\/2020\/08\/Tanket.jpg\" alt=\"\" class=\"wp-image-22620\" width=\"170\" height=\"129\"\/><\/figure>\n\n\n\n<p class=\"wp-block-paragraph\">Mer minns han inte just nu, s\u00e5 d\u00e5 g\u00f6r inte jag det heller. <br>Tjohoo!<\/p>\n\n\n<p style=\"padding-left: 40px;\"><span style=\"color: #ff6600;\"><strong><em><span class=\"has-inline-color\" data-rich-text-format-boundary=\"true\">###<\/span><\/em><\/strong><\/span><em> B\u00e4sta hj\u00e4lpmedlet p\u00e5 n\u00e4tet, om jag vill kontrollera stavning och l\u00e4sa om ett ords historia? F\u00f6r mig finns det h\u00e4r, s\u00f6k gratis i tre ordb\u00f6cker:<\/em> <span style=\"color: #0000ff;\"><em><strong><a style=\"color: #0000ff;\" href=\"http:\/\/www.svenska.se\/\"><span class=\"has-inline-color has-bright-blue-color\">svenska.se<\/span><\/a><\/strong><\/em><\/span><\/p>\n\n\n<p class=\"wp-block-paragraph\"><a href=\"https:\/\/sven-ove.nu\/\"><span class=\"has-inline-color has-bright-blue-color\">Hem<\/span><\/a>&nbsp;|&nbsp;<a href=\"https:\/\/sven-ove.nu\/?page_id=170\"><span class=\"has-inline-color has-bright-blue-color\">Om mig<\/span><\/a>&nbsp;|&nbsp;<a href=\"https:\/\/sven-ove.nu\/?page_id=1385\"><span class=\"has-inline-color has-bright-blue-color\">Skriva &amp; prata<\/span><\/a>&nbsp;|&nbsp;<a href=\"https:\/\/sven-ove.nu\/?page_id=100\"><span class=\"has-inline-color has-bright-blue-color\">Politik<\/span><\/a>&nbsp;|&nbsp;<a href=\"https:\/\/sven-ove.nu\/?page_id=102\"><span class=\"has-inline-color has-bright-blue-color\">L\u00f6pa<\/span><\/a>&nbsp;|&nbsp;<a href=\"https:\/\/sven-ove.nu\/?page_id=108\"><span class=\"has-inline-color has-bright-blue-color\">Viktor Root<\/span><\/a><span class=\"has-inline-color has-bright-blue-color\">&nbsp;<\/span><br><em>Inl\u00e4gg nr 2 093. (c) Sven-Ove Svensson (men dela g\u00e4rna)<\/em>.<\/p>\n","protected":false},"excerpt":{"rendered":"<p>Det bor en bonde i varje svensk.Samt en spr\u00e5kpolis. Bonden i mig kommer mest till sin r\u00e4tt n\u00e4r jag gr\u00e4ver ny jord ur komposten, fyller pytsar med hallon eller hittar en \u00e4ng under gr\u00e4s- och mossmattan. Pappa skulle ha blivit f\u00f6rv\u00e5nad om han sett mig med lie i hand. Spr\u00e5kpolisen i mig har det v\u00e4rre. &hellip; <a href=\"https:\/\/sven-ove.nu\/?p=22603\" class=\"more-link\">Forts\u00e4tt l\u00e4sa <span class=\"screen-reader-text\">Hemlig svart lista p\u00e5 Grossbolstorp<\/span><\/a><\/p>\n","protected":false},"author":1,"featured_media":0,"comment_status":"closed","ping_status":"open","sticky":false,"template":"","format":"standard","meta":{"_crdt_document":"","_monsterinsights_skip_tracking":false,"_monsterinsights_sitenote_active":false,"_monsterinsights_sitenote_note":"","_monsterinsights_sitenote_category":0,"footnotes":""},"categories":[4],"tags":[21,17],"class_list":["post-22603","post","type-post","status-publish","format-standard","hentry","category-skrivande","tag-ord","tag-solidaritet"],"_links":{"self":[{"href":"https:\/\/sven-ove.nu\/index.php?rest_route=\/wp\/v2\/posts\/22603","targetHints":{"allow":["GET"]}}],"collection":[{"href":"https:\/\/sven-ove.nu\/index.php?rest_route=\/wp\/v2\/posts"}],"about":[{"href":"https:\/\/sven-ove.nu\/index.php?rest_route=\/wp\/v2\/types\/post"}],"author":[{"embeddable":true,"href":"https:\/\/sven-ove.nu\/index.php?rest_route=\/wp\/v2\/users\/1"}],"replies":[{"embeddable":true,"href":"https:\/\/sven-ove.nu\/index.php?rest_route=%2Fwp%2Fv2%2Fcomments&post=22603"}],"version-history":[{"count":25,"href":"https:\/\/sven-ove.nu\/index.php?rest_route=\/wp\/v2\/posts\/22603\/revisions"}],"predecessor-version":[{"id":22637,"href":"https:\/\/sven-ove.nu\/index.php?rest_route=\/wp\/v2\/posts\/22603\/revisions\/22637"}],"wp:attachment":[{"href":"https:\/\/sven-ove.nu\/index.php?rest_route=%2Fwp%2Fv2%2Fmedia&parent=22603"}],"wp:term":[{"taxonomy":"category","embeddable":true,"href":"https:\/\/sven-ove.nu\/index.php?rest_route=%2Fwp%2Fv2%2Fcategories&post=22603"},{"taxonomy":"post_tag","embeddable":true,"href":"https:\/\/sven-ove.nu\/index.php?rest_route=%2Fwp%2Fv2%2Ftags&post=22603"}],"curies":[{"name":"wp","href":"https:\/\/api.w.org\/{rel}","templated":true}]}}