{"id":2264,"date":"2012-05-23T21:02:45","date_gmt":"2012-05-23T20:02:45","guid":{"rendered":"http:\/\/sven-ove.nu\/?p=2264"},"modified":"2012-05-24T09:06:39","modified_gmt":"2012-05-24T08:06:39","slug":"bada-bladen-behovs","status":"publish","type":"post","link":"https:\/\/sven-ove.nu\/?p=2264","title":{"rendered":"B\u00e5da bladen beh\u00f6vs"},"content":{"rendered":"<p>F\u00f6r ett tag sedan skrev jag p\u00e5 facebook: <em>\u201dVart tog V\u00e4rmlands Folkblads bemannade redaktioner i Ambj\u00f6rby, Munkfors, Grums, Kil, Forshaga, \u00c5rj\u00e4ng, Storfors och Filipstad v\u00e4gen? Har jag bara dr\u00f6mt att de fanns?\u201d.<\/em><\/p>\n<p>Budskapet &#8211; det outtalade &#8211; var att \u00e4ven granskarna m\u00e5ste anpassa sig till en f\u00f6r\u00e4nderlig verklighet ibland. Det \u00e4r det inte bara offentliga sektorns service som m\u00e5ste g\u00f6ra. N\u00e4r folk flyttar s\u00e5 flyttar de, n\u00e4r tekniken f\u00f6r\u00e4ndras s\u00e5 g\u00f6r den.<\/p>\n<p>Nu kommer ett nytt besked, l\u00e4ser jag p\u00e5 <a href=\"http:\/\/nwt.se\/arbeteekonomi\/article1111529.ece\">nwt.se<\/a>. 7,3 tj\u00e4nster f\u00f6rsvinner p\u00e5 V\u00e4rmlands Folkblads redaktion, delvis med hj\u00e4lp av naturliga avg\u00e5ngar, men tre anst\u00e4llda s\u00e4gs upp. Min gamla arbetsplats lokalredaktionen i Sunne l\u00e4ggs ner.<\/p>\n<p>Det svaret hade jag inte velat f\u00e5 p\u00e5 den diskreta passningen. I dag \u00e4r det n\u00e4stan bara V\u00e4rmland som har tv\u00e5 konkurrerande l\u00e4nstidningar. Den konkurrensen beh\u00f6ver vi i forts\u00e4ttningen med.<\/p>\n<p style=\"padding-left: 30px;\"><strong>Just nu h\u00e5ller offentliga sektorn p\u00e5 att avregleras medan pressen g\u00e5r mot monopol. Vilken tidning ska vi tipsa om det systemskiftet?<\/strong><\/p>\n<p>&nbsp;<\/p>\n<p><em>PS, torsdag f\u00f6rmiddag: H\u00e4r \u00e4r bara ett exempel p\u00e5 att r\u00f6sten fr\u00e5n V\u00e5xn\u00e4s beh\u00f6vs: <a href=\"http:\/\/www.vf.se\/asikter\/ledare\/loreen-gor-helt-ratt\" target=\"_blank\">Loreen g\u00f6r helt r\u00e4tt<\/a> DS.<\/em><\/p>\n","protected":false},"excerpt":{"rendered":"<p>F\u00f6r ett tag sedan skrev jag p\u00e5 facebook: \u201dVart tog V\u00e4rmlands Folkblads bemannade redaktioner i Ambj\u00f6rby, Munkfors, Grums, Kil, Forshaga, \u00c5rj\u00e4ng, Storfors och Filipstad v\u00e4gen? Har jag bara dr\u00f6mt att de fanns?\u201d. Budskapet &#8211; det outtalade &#8211; var att \u00e4ven granskarna m\u00e5ste anpassa sig till en f\u00f6r\u00e4nderlig verklighet ibland. Det \u00e4r det inte bara offentliga &hellip; <a href=\"https:\/\/sven-ove.nu\/?p=2264\" class=\"more-link\">Forts\u00e4tt l\u00e4sa <span class=\"screen-reader-text\">B\u00e5da bladen beh\u00f6vs<\/span><\/a><\/p>\n","protected":false},"author":1,"featured_media":0,"comment_status":"open","ping_status":"open","sticky":false,"template":"","format":"standard","meta":{"_crdt_document":"","_monsterinsights_skip_tracking":false,"_monsterinsights_sitenote_active":false,"_monsterinsights_sitenote_note":"","_monsterinsights_sitenote_category":0,"footnotes":""},"categories":[9,4],"tags":[15],"class_list":["post-2264","post","type-post","status-publish","format-standard","hentry","category-politik","category-skrivande","tag-mediedjungeln"],"_links":{"self":[{"href":"https:\/\/sven-ove.nu\/index.php?rest_route=\/wp\/v2\/posts\/2264","targetHints":{"allow":["GET"]}}],"collection":[{"href":"https:\/\/sven-ove.nu\/index.php?rest_route=\/wp\/v2\/posts"}],"about":[{"href":"https:\/\/sven-ove.nu\/index.php?rest_route=\/wp\/v2\/types\/post"}],"author":[{"embeddable":true,"href":"https:\/\/sven-ove.nu\/index.php?rest_route=\/wp\/v2\/users\/1"}],"replies":[{"embeddable":true,"href":"https:\/\/sven-ove.nu\/index.php?rest_route=%2Fwp%2Fv2%2Fcomments&post=2264"}],"version-history":[{"count":12,"href":"https:\/\/sven-ove.nu\/index.php?rest_route=\/wp\/v2\/posts\/2264\/revisions"}],"predecessor-version":[{"id":2277,"href":"https:\/\/sven-ove.nu\/index.php?rest_route=\/wp\/v2\/posts\/2264\/revisions\/2277"}],"wp:attachment":[{"href":"https:\/\/sven-ove.nu\/index.php?rest_route=%2Fwp%2Fv2%2Fmedia&parent=2264"}],"wp:term":[{"taxonomy":"category","embeddable":true,"href":"https:\/\/sven-ove.nu\/index.php?rest_route=%2Fwp%2Fv2%2Fcategories&post=2264"},{"taxonomy":"post_tag","embeddable":true,"href":"https:\/\/sven-ove.nu\/index.php?rest_route=%2Fwp%2Fv2%2Ftags&post=2264"}],"curies":[{"name":"wp","href":"https:\/\/api.w.org\/{rel}","templated":true}]}}