{"id":22695,"date":"2020-09-03T04:56:00","date_gmt":"2020-09-03T03:56:00","guid":{"rendered":"http:\/\/sven-ove.nu\/?p=22695"},"modified":"2020-09-03T07:23:22","modified_gmt":"2020-09-03T06:23:22","slug":"da-tar-vi-pa-oss-krankehatten","status":"publish","type":"post","link":"https:\/\/sven-ove.nu\/?p=22695","title":{"rendered":"D\u00e5 tar vi p\u00e5 oss Kr\u00e4nkehatten"},"content":{"rendered":"\n<blockquote class=\"wp-block-quote is-style-default is-layout-flow wp-block-quote-is-layout-flow\"><p>Det finns s\u00e5dant som s\u00e4tter k\u00e4nslorna i svang. <br>D\u00e5 brukar jag g\u00e5 till min ortnamnsr\u00e4knare p\u00e5 n\u00e4tet. Hur m\u00e5nga svenska ortnamn finns det som b\u00f6rjar p\u00e5 Kr\u00e4nk?<\/p><\/blockquote>\n\n\n\n<p class=\"wp-block-paragraph\">Svar: just nu f\u00e5r jag sju tr\u00e4ffar. Tv\u00e5 f\u00e4rre \u00e4n f\u00f6r Ensamheten. Fr\u00e5gan \u00e4r om jag inte tycker Kr\u00e4nkehatten utanf\u00f6r Falun \u00e4r b\u00e4st.<\/p>\n\n\n\n<p class=\"wp-block-paragraph\"><strong>Kr\u00e4nkehatten<\/strong>. Den tar vi p\u00e5 oss vid behov i detta land. Senast var det en vit \u00e4lgko med brun hungrig kalv som v\u00e4ckte upp v\u00e5r fina gamla ned\u00e4rvda ettrighet.<\/p>\n\n\n\n<p class=\"wp-block-paragraph\">En kvinna vid namn Lena hade fotograferat en vit \u00e4lgko som st\u00e4llde sig mitt i v\u00e4gen framf\u00f6r henne och gav kalven mat. En journalist i mitt liv- och husorgan V\u00e4rmlands Folkblad skrev text till bilden. Trivsam underh\u00e5llning i coronatider, djur och barn \u00e4r l\u00e4sning, det vet varenda en som n\u00e5gonsin skrivit tv\u00e5 rader i en tidning. Djur och barn och vatten.<\/p>\n\n\n\n<p class=\"wp-block-paragraph\">N\u00e5, det blev ett liv och ett kiv. Kent, ty s\u00e5 heter han, skrev n\u00e4mligen att \u00e4lgkon diade sin kalv. Svaret kom direkt:<br><em>S\u00e5 heter det v\u00e4l inte? Det \u00e4r ju kalven som diar!!!<\/em><\/p>\n\n\n\n<p class=\"wp-block-paragraph\">Det d\u00e5nade i r\u00e4ttens krater.<\/p>\n\n\n\n<p class=\"wp-block-paragraph\"><strong>Kr\u00e4nkta men r\u00e4tt i sak<\/strong>?<br>Tv\u00e5 saker slog mig i den stunden. <br><br>Den ena var <em>kr\u00e4nktheten<\/em>. Hur arg kan inte en normalsvensk tidningsl\u00e4sare bli om denna l\u00e4sare eller l\u00e4serska finner att en murvel misshandlat svenska spr\u00e5ket, det vill s\u00e4ga den variant som hon eller han sj\u00e4lv praktiserar. <br><br>Den andra var att h\u00e4r har nog de kr\u00e4nkta \u00e4nd\u00e5 <em>r\u00e4tt<\/em>, inte i sin kr\u00e4nkthet men i sin \u00e5sikt. Det \u00e4r ju faktiskt kalven som diar, inte kon.&nbsp;<\/p>\n\n\n\n<p class=\"wp-block-paragraph\"><strong>D\u00e4r hade vi fel<\/strong><br>Men se d\u00e4r hade vi fel, b\u00e5de di kr\u00e4nkte och undertecknad, f\u00f6r dagen okr\u00e4nkt. Redan artikelf\u00f6rfattaren konstaterade att han slagit upp ordet och funnit att dia, det g\u00f6r b\u00e5de givare och mottagare. Nu slog jag ocks\u00e5 upp det i Akademins ordb\u00f6cker, eftersom jag har det kontrollbehov jag har.<\/p>\n\n\n\n<p class=\"wp-block-paragraph\">Hoppsan! B\u00e5da parter diar:<em> \u201dom hona:&nbsp;ge unge&nbsp;mj\u00f6lk;&nbsp;om unge:&nbsp;suga i sig mj\u00f6lk\u201d <\/em>skriver Svenska Akademiens Ordlista.<\/p>\n\n\n\n<p class=\"wp-block-paragraph\">Kr\u00e4nktheten har en v\u00e4ldig f\u00f6rm\u00e5ga att sila mygg och sv\u00e4lja kameler, men om den f\u00f6rm\u00e5gan tiger ordboken. Finns det v\u00e4rre saker att bli arg p\u00e5 \u00e4n en diande vit \u00e4lgko p\u00e5 en bilv\u00e4g i v\u00e4stra V\u00e4rmland, s\u00e5 inte bryr sig boken om det.<\/p>\n\n\n\n<p class=\"wp-block-paragraph\">Den saken f\u00e5r vi r\u00e4kna ut sj\u00e4lva.<\/p>\n\n\n\n<figure class=\"wp-block-image size-large\"><img loading=\"lazy\" decoding=\"async\" width=\"296\" height=\"285\" src=\"https:\/\/sven-ove.nu\/wp-content\/uploads\/2020\/09\/Diande-vit-alg.jpg\" alt=\"\" class=\"wp-image-22711\"\/><\/figure>\n\n\n\n<p class=\"wp-block-paragraph\"><span style=\"color:#df5411\" class=\"has-inline-color\">###<\/span> <em>Artikeln i V\u00e4rmlands Folkblad (betall\u00e4nk):&nbsp;<br><\/em><a class=\"\" href=\"https:\/\/www.vf.se\/2020\/08\/27\/diande-vit-alg-sparrade-vagen-for-lena\/\"><strong><em><span style=\"color:#0e43e3\" class=\"has-inline-color\">Diande vit \u00e4lg sp\u00e4rrade v\u00e4gen f\u00f6r Lena<\/span><\/em><\/strong><\/a><\/p>\n\n\n\n<p class=\"wp-block-paragraph\"><a class=\"\" href=\"https:\/\/sven-ove.nu\/\"><span style=\"color:#0e43e3\" class=\"has-inline-color\">Hem<\/span><\/a>&nbsp;|&nbsp;<a class=\"\" href=\"https:\/\/sven-ove.nu\/?page_id=170\"><span style=\"color:#0e43e3\" class=\"has-inline-color\">Om mig<\/span><\/a>&nbsp;|&nbsp;<a class=\"\" href=\"https:\/\/sven-ove.nu\/?page_id=1385\"><span style=\"color:#0e43e3\" class=\"has-inline-color\">Skriva &amp; prata<\/span><\/a>&nbsp;|&nbsp;<a class=\"\" href=\"https:\/\/sven-ove.nu\/?page_id=100\"><span style=\"color:#0e43e3\" class=\"has-inline-color\">Politik<\/span><\/a>&nbsp;|<a class=\"\" href=\"https:\/\/sven-ove.nu\/?page_id=102\"><span style=\"color:#0e43e3\" class=\"has-inline-color\">L\u00f6pa<\/span><\/a>&nbsp;|&nbsp;<a class=\"\" href=\"https:\/\/sven-ove.nu\/?page_id=108\"><span style=\"color:#0e43e3\" class=\"has-inline-color\">Viktor Root<\/span><\/a>&nbsp;<br><em>Inl\u00e4gg nr 2 095. (c) Sven-Ove Svensson (men dela g\u00e4rna)<\/em>.<\/p>\n","protected":false},"excerpt":{"rendered":"<p>Det finns s\u00e5dant som s\u00e4tter k\u00e4nslorna i svang. D\u00e5 brukar jag g\u00e5 till min ortnamnsr\u00e4knare p\u00e5 n\u00e4tet. Hur m\u00e5nga svenska ortnamn finns det som b\u00f6rjar p\u00e5 Kr\u00e4nk? Svar: just nu f\u00e5r jag sju tr\u00e4ffar. Tv\u00e5 f\u00e4rre \u00e4n f\u00f6r Ensamheten. Fr\u00e5gan \u00e4r om jag inte tycker Kr\u00e4nkehatten utanf\u00f6r Falun \u00e4r b\u00e4st. Kr\u00e4nkehatten. Den tar vi p\u00e5 &hellip; <a href=\"https:\/\/sven-ove.nu\/?p=22695\" class=\"more-link\">Forts\u00e4tt l\u00e4sa <span class=\"screen-reader-text\">D\u00e5 tar vi p\u00e5 oss Kr\u00e4nkehatten<\/span><\/a><\/p>\n","protected":false},"author":1,"featured_media":0,"comment_status":"closed","ping_status":"open","sticky":false,"template":"","format":"standard","meta":{"_crdt_document":"","_monsterinsights_skip_tracking":false,"_monsterinsights_sitenote_active":false,"_monsterinsights_sitenote_note":"","_monsterinsights_sitenote_category":0,"footnotes":""},"categories":[6,4],"tags":[16,24,21],"class_list":["post-22695","post","type-post","status-publish","format-standard","hentry","category-natur","category-skrivande","tag-dumheter","tag-karlek","tag-ord"],"_links":{"self":[{"href":"https:\/\/sven-ove.nu\/index.php?rest_route=\/wp\/v2\/posts\/22695","targetHints":{"allow":["GET"]}}],"collection":[{"href":"https:\/\/sven-ove.nu\/index.php?rest_route=\/wp\/v2\/posts"}],"about":[{"href":"https:\/\/sven-ove.nu\/index.php?rest_route=\/wp\/v2\/types\/post"}],"author":[{"embeddable":true,"href":"https:\/\/sven-ove.nu\/index.php?rest_route=\/wp\/v2\/users\/1"}],"replies":[{"embeddable":true,"href":"https:\/\/sven-ove.nu\/index.php?rest_route=%2Fwp%2Fv2%2Fcomments&post=22695"}],"version-history":[{"count":10,"href":"https:\/\/sven-ove.nu\/index.php?rest_route=\/wp\/v2\/posts\/22695\/revisions"}],"predecessor-version":[{"id":22717,"href":"https:\/\/sven-ove.nu\/index.php?rest_route=\/wp\/v2\/posts\/22695\/revisions\/22717"}],"wp:attachment":[{"href":"https:\/\/sven-ove.nu\/index.php?rest_route=%2Fwp%2Fv2%2Fmedia&parent=22695"}],"wp:term":[{"taxonomy":"category","embeddable":true,"href":"https:\/\/sven-ove.nu\/index.php?rest_route=%2Fwp%2Fv2%2Fcategories&post=22695"},{"taxonomy":"post_tag","embeddable":true,"href":"https:\/\/sven-ove.nu\/index.php?rest_route=%2Fwp%2Fv2%2Ftags&post=22695"}],"curies":[{"name":"wp","href":"https:\/\/api.w.org\/{rel}","templated":true}]}}