{"id":22718,"date":"2020-09-09T04:12:00","date_gmt":"2020-09-09T03:12:00","guid":{"rendered":"http:\/\/sven-ove.nu\/?p=22718"},"modified":"2020-09-08T13:38:53","modified_gmt":"2020-09-08T12:38:53","slug":"svarare-men-roligare","status":"publish","type":"post","link":"https:\/\/sven-ove.nu\/?p=22718","title":{"rendered":"Sv\u00e5rare men roligare"},"content":{"rendered":"\n<figure class=\"wp-block-image size-large\"><img loading=\"lazy\" decoding=\"async\" width=\"1024\" height=\"651\" src=\"https:\/\/sven-ove.nu\/wp-content\/uploads\/2020\/09\/Vanern-med-tall-1024x651.jpg\" alt=\"\" class=\"wp-image-22739\" srcset=\"https:\/\/sven-ove.nu\/wp-content\/uploads\/2020\/09\/Vanern-med-tall-1024x651.jpg 1024w, https:\/\/sven-ove.nu\/wp-content\/uploads\/2020\/09\/Vanern-med-tall-300x191.jpg 300w, https:\/\/sven-ove.nu\/wp-content\/uploads\/2020\/09\/Vanern-med-tall-768x488.jpg 768w, https:\/\/sven-ove.nu\/wp-content\/uploads\/2020\/09\/Vanern-med-tall.jpg 1280w\" sizes=\"auto, (max-width: 1024px) 100vw, 1024px\" \/><\/figure>\n\n\n\n<blockquote class=\"wp-block-quote is-layout-flow wp-block-quote-is-layout-flow\"><p>&#8211; Bra, men du skriver lite l\u00e5ngt &#8230; sa kollegorna om mina kr\u00f6nikor i husorganet.<br>&#8211; Jamen chefen vill ju att dom fyller?<\/p><\/blockquote>\n\n\n\n<p class=\"wp-block-paragraph\">D\u00e5 hade jag redan gett ut min f\u00f6rsta kortprosasamling. Skriva korta texter \u00e4r roligare. Sv\u00e5rare men roligare. H\u00e4r \u00e4r tre nya f\u00f6r i dag och n\u00e5gra fr\u00e5n mitt facebookplitande de senaste dagarna. L\u00e5ngskrivare, jag?!<\/p>\n\n\n\n<p class=\"has-medium-font-size wp-block-paragraph\"><span style=\"color:#e15e0d\" class=\"has-inline-color\"><strong>N\u00e5gra nya<\/strong>:<\/span><\/p>\n\n\n\n<p class=\"wp-block-paragraph\">Blir jag uttagen till OS-maran i Tokyo 2021 ska jag sikta p\u00e5 att bli bromsmedalj\u00f6r.<\/p>\n\n\n\n<p class=\"wp-block-paragraph\"><span style=\"color:#e7550d\" class=\"has-inline-color\">***<\/span><\/p>\n\n\n\n<p class=\"wp-block-paragraph\">Anv\u00e4nd inte din standardfr\u00e5ga om du byter jobb fr\u00e5n personalrekryterare till inskrivare inom \u00e4ldreomsorgen. <br>&#8211; Vilken fr\u00e5ga?<br>&#8211; \u201dVar ser du dig sj\u00e4lv om fem \u00e5r?\u201d.<\/p>\n\n\n\n<p class=\"wp-block-paragraph\"><span style=\"color:#e7550d\" class=\"has-inline-color\">***<\/span><\/p>\n\n\n\n<p class=\"wp-block-paragraph\">Spr\u00e5kpoliser: de kr\u00e4nktas juniorlag.<\/p>\n\n\n\n<p class=\"wp-block-paragraph\"><span style=\"color:#e7550d\" class=\"has-inline-color\">***<\/span><\/p>\n\n\n\n<p class=\"has-medium-font-size wp-block-paragraph\"><span style=\"color:#e15e0d\" class=\"has-inline-color\"><strong>N\u00e5gra n\u00e4stan nya<\/strong>:<\/span><\/p>\n\n\n\n<p class=\"wp-block-paragraph\">Skicka f\u00e5ngar som u-hj\u00e4lp&#8230;<br>Vad h\u00e4nde egentligen med KD? Det var ju ett rart parti.<\/p>\n\n\n\n<p class=\"wp-block-paragraph\"><span style=\"color:#e7550d\" class=\"has-inline-color\">***<\/span><\/p>\n\n\n\n<p class=\"wp-block-paragraph\">F\u00f6rr var KD som en gammal moster som man inte h\u00f6ll med men som var sn\u00e4ll och hade l\u00e4st sn\u00e4lla st\u00e4llen i bibeln.<\/p>\n\n\n\n<p class=\"wp-block-paragraph\"><span style=\"color:#e7550d\" class=\"has-inline-color\">***<\/span><\/p>\n\n\n\n<p class=\"wp-block-paragraph\">Telefon\u00f6ren ringer.&nbsp;<br>&#8211; Med den presidenten kommer USA allt n\u00e4rmare en Dunning-Kruger-krasch.<\/p>\n\n\n\n<p class=\"wp-block-paragraph\">Sen pratar vi inte mer om saken.<\/p>\n\n\n\n<p class=\"wp-block-paragraph\"><span style=\"color:#e7550d\" class=\"has-inline-color\">***<\/span><\/p>\n\n\n\n<p class=\"wp-block-paragraph\">&#8211; Var har du utbildat dig?<br>&#8211; HS.<br>&#8211; ?<br>&#8211; Hemliga Skolan.<\/p>\n\n\n\n<p class=\"wp-block-paragraph\"><span style=\"color:#e7550d\" class=\"has-inline-color\">***<\/span><\/p>\n\n\n\n<p class=\"wp-block-paragraph\">\u201dFlickflocken tjatade\u201d sa M-ledaren, tog mellannamnet Ed.<br><br>Kom med n\u00e5t nytt. Min gamla socken tog namnet Ny-Ed redan \u00e5r 1600.<\/p>\n\n\n\n<p class=\"wp-block-paragraph\"><span style=\"color:#e7550d\" class=\"has-inline-color\">***<\/span><\/p>\n\n\n\n<p class=\"wp-block-paragraph\">N\u00e4r barnen flyttat ut p\u00e5minner v\u00e5r diskmaskin ibland om Noaks ark.<\/p>\n\n\n\n<p class=\"wp-block-paragraph\"><span style=\"color:#e7550d\" class=\"has-inline-color\">***<\/span><\/p>\n\n\n\n<p class=\"wp-block-paragraph\">Folkh\u00e4lsomyndigheten \u00f6verv\u00e4ger munskydd vid bes\u00f6k hos tandv\u00e5rden.<br><br>Det ska v\u00e4l f\u00e5 tyst p\u00e5 den debatten.<\/p>\n\n\n\n<p class=\"wp-block-paragraph\"><span style=\"color:#e7550d\" class=\"has-inline-color\">***<\/span><\/p>\n\n\n\n<p class=\"wp-block-paragraph\"><strong><em><span style=\"color:#e7550d\" class=\"has-inline-color\">###<\/span><\/em><\/strong><em>&nbsp;Dunning-Kruger-effekten: n\u00e4r n\u00e5gon som \u00e4r inkompetent inte f\u00f6rst\u00e5r att han \u00e4r inkompetent och d\u00e4rf\u00f6r \u00f6verskattar sin kompetens.<\/em><\/p>\n\n\n\n<p class=\"wp-block-paragraph\"><a href=\"https:\/\/sven-ove.nu\/\"><span style=\"color:#129fdc\" class=\"has-inline-color\">Hem<\/span><\/a>&nbsp;|&nbsp;<a href=\"https:\/\/sven-ove.nu\/?page_id=170\"><span style=\"color:#129fdc\" class=\"has-inline-color\">Om mig<\/span><\/a>&nbsp;|&nbsp;<a href=\"https:\/\/sven-ove.nu\/?page_id=1385\"><span style=\"color:#129fdc\" class=\"has-inline-color\">Skriva &amp; prata<\/span><\/a>&nbsp;|&nbsp;<a href=\"https:\/\/sven-ove.nu\/?page_id=100\"><span style=\"color:#129fdc\" class=\"has-inline-color\">Politik<\/span><\/a>&nbsp;|&nbsp;<a href=\"https:\/\/sven-ove.nu\/?page_id=102\"><span style=\"color:#129fdc\" class=\"has-inline-color\">L\u00f6pa<\/span><\/a>&nbsp;|&nbsp;<a href=\"https:\/\/sven-ove.nu\/?page_id=108\"><span style=\"color:#129fdc\" class=\"has-inline-color\">Viktor Root<\/span><\/a><span style=\"color:#129fdc\" class=\"has-inline-color\">&nbsp;<\/span>&nbsp;<br><em>Inl\u00e4gg nr 2 096. (c) Sven-Ove Svensson (men dela g\u00e4rna).<\/em><\/p>\n","protected":false},"excerpt":{"rendered":"<p>&#8211; Bra, men du skriver lite l\u00e5ngt &#8230; sa kollegorna om mina kr\u00f6nikor i husorganet.&#8211; Jamen chefen vill ju att dom fyller? D\u00e5 hade jag redan gett ut min f\u00f6rsta kortprosasamling. Skriva korta texter \u00e4r roligare. Sv\u00e5rare men roligare. H\u00e4r \u00e4r tre nya f\u00f6r i dag och n\u00e5gra fr\u00e5n mitt facebookplitande de senaste dagarna. L\u00e5ngskrivare, &hellip; <a href=\"https:\/\/sven-ove.nu\/?p=22718\" class=\"more-link\">Forts\u00e4tt l\u00e4sa <span class=\"screen-reader-text\">Sv\u00e5rare men roligare<\/span><\/a><\/p>\n","protected":false},"author":1,"featured_media":0,"comment_status":"closed","ping_status":"open","sticky":false,"template":"","format":"standard","meta":{"_crdt_document":"","_monsterinsights_skip_tracking":false,"_monsterinsights_sitenote_active":false,"_monsterinsights_sitenote_note":"","_monsterinsights_sitenote_category":0,"footnotes":""},"categories":[5,9,4],"tags":[16,21],"class_list":["post-22718","post","type-post","status-publish","format-standard","hentry","category-lopning","category-politik","category-skrivande","tag-dumheter","tag-ord"],"_links":{"self":[{"href":"https:\/\/sven-ove.nu\/index.php?rest_route=\/wp\/v2\/posts\/22718","targetHints":{"allow":["GET"]}}],"collection":[{"href":"https:\/\/sven-ove.nu\/index.php?rest_route=\/wp\/v2\/posts"}],"about":[{"href":"https:\/\/sven-ove.nu\/index.php?rest_route=\/wp\/v2\/types\/post"}],"author":[{"embeddable":true,"href":"https:\/\/sven-ove.nu\/index.php?rest_route=\/wp\/v2\/users\/1"}],"replies":[{"embeddable":true,"href":"https:\/\/sven-ove.nu\/index.php?rest_route=%2Fwp%2Fv2%2Fcomments&post=22718"}],"version-history":[{"count":19,"href":"https:\/\/sven-ove.nu\/index.php?rest_route=\/wp\/v2\/posts\/22718\/revisions"}],"predecessor-version":[{"id":22741,"href":"https:\/\/sven-ove.nu\/index.php?rest_route=\/wp\/v2\/posts\/22718\/revisions\/22741"}],"wp:attachment":[{"href":"https:\/\/sven-ove.nu\/index.php?rest_route=%2Fwp%2Fv2%2Fmedia&parent=22718"}],"wp:term":[{"taxonomy":"category","embeddable":true,"href":"https:\/\/sven-ove.nu\/index.php?rest_route=%2Fwp%2Fv2%2Fcategories&post=22718"},{"taxonomy":"post_tag","embeddable":true,"href":"https:\/\/sven-ove.nu\/index.php?rest_route=%2Fwp%2Fv2%2Ftags&post=22718"}],"curies":[{"name":"wp","href":"https:\/\/api.w.org\/{rel}","templated":true}]}}