{"id":22763,"date":"2020-09-13T04:21:00","date_gmt":"2020-09-13T03:21:00","guid":{"rendered":"http:\/\/sven-ove.nu\/?p=22763"},"modified":"2020-09-12T10:12:21","modified_gmt":"2020-09-12T09:12:21","slug":"sveriges-minst-glasklara-kartsymboler","status":"publish","type":"post","link":"https:\/\/sven-ove.nu\/?p=22763","title":{"rendered":"Sveriges minst glasklara kartsymboler"},"content":{"rendered":"\n<figure class=\"wp-block-image size-large\"><img loading=\"lazy\" decoding=\"async\" width=\"660\" height=\"581\" src=\"https:\/\/sven-ove.nu\/wp-content\/uploads\/2020\/09\/Heden.jpg\" alt=\"\" class=\"wp-image-22766\" srcset=\"https:\/\/sven-ove.nu\/wp-content\/uploads\/2020\/09\/Heden.jpg 660w, https:\/\/sven-ove.nu\/wp-content\/uploads\/2020\/09\/Heden-300x264.jpg 300w\" sizes=\"auto, (max-width: 660px) 100vw, 660px\" \/><\/figure>\n\n\n\n<blockquote class=\"wp-block-quote is-layout-flow wp-block-quote-is-layout-flow\"><p>Jag brukar inte klaga p\u00e5 kartor. Personligen \u00e4lskar jag kartor och de brukar var och en fylla sin funktion.<br>Men s\u00e5 finns det undantag. Ett undantag. Visit V\u00e4rmlands pdf-er med kartor \u00f6ver Brattforsheden med omnejd.<\/p><\/blockquote>\n\n\n\n<p class=\"wp-block-paragraph\">De kartorna vet jag inte om jag ska skratta eller sv\u00e4ra \u00e5t. Har n\u00e5gon enda m\u00e4nniska n\u00e5gonsin vandrat de fina lederna med hj\u00e4lp av dem?<\/p>\n\n\n\n<p class=\"wp-block-paragraph\">Hur t\u00e4nkte den som la ut dem?<\/p>\n\n\n\n<p class=\"wp-block-paragraph\">N\u00e4r n\u00e5gon skapade tecken och teckenf\u00f6rklaringar, var det p\u00e5 f\u00f6rra firmafesten?<br>&#8211; Grabbar, vad ska vi kalla parkeringarna?<br>&#8211; Jag vet. Stort A!<br>&#8211; Bra Berra! Informationstavlorna d\u00e5?<br>&#8211; Jag vet. Stort F!<br>&#8211; Dassen?<br>&#8211; Enkelt. Ett uppochnerv\u00e4nt fr\u00e5getecken naturligtvis.<br>&#8211; Du, det \u00e4r f\u00f6rbaske mig lysande. D\u00e5 fattar ju alla.<\/p>\n\n\n\n<p class=\"wp-block-paragraph\">I den stilen forts\u00e4tter det. Mot slutet av firmafesten hade de omr\u00f6stning om vilket tecken som skulle betyda vindskydd. Det blev en h\u00e5rd debatt. Till slut vann &#8211; ett i med tv\u00e5 prickar.<\/p>\n\n\n\n<p class=\"wp-block-paragraph\">Glasklart.<br>J\u00e4drar i min sj\u00e4l glasklart.<\/p>\n\n\n\n<p class=\"wp-block-paragraph\">Not.  <br><br><em><span style=\"color:#e15e0d\" class=\"has-inline-color\">###<\/span> Det heter inte Kittelfj\u00e4llet. Brattforsheden \u00e4r en hed. Kittelfj\u00e4llet ligger i Lappland.<\/em><\/p>\n\n\n\n<figure class=\"wp-block-image size-large is-resized\"><img loading=\"lazy\" decoding=\"async\" src=\"https:\/\/sven-ove.nu\/wp-content\/uploads\/2020\/09\/Forklaring-1.jpg\" alt=\"\" class=\"wp-image-22769\" width=\"448\" height=\"415\"\/><\/figure>\n\n\n\n<p class=\"wp-block-paragraph\"><a href=\"https:\/\/sven-ove.nu\/\"><span style=\"color:#13536f\" class=\"has-inline-color\">Hem<\/span><\/a>\u00a0|\u00a0<a href=\"https:\/\/sven-ove.nu\/?page_id=170\"><span style=\"color:#13536f\" class=\"has-inline-color\">Om mig<\/span><\/a><span style=\"color:#13536f\" class=\"has-inline-color\">\u00a0<\/span>|\u00a0<a href=\"https:\/\/sven-ove.nu\/?page_id=1385\"><span style=\"color:#13536f\" class=\"has-inline-color\">Skriva &amp; prata<\/span><\/a><span style=\"color:#13536f\" class=\"has-inline-color\">\u00a0<\/span>|\u00a0<a href=\"https:\/\/sven-ove.nu\/?page_id=100\"><span style=\"color:#13536f\" class=\"has-inline-color\">Politik<\/span><\/a>\u00a0|\u00a0<a href=\"https:\/\/sven-ove.nu\/?page_id=102\"><span style=\"color:#13536f\" class=\"has-inline-color\">L\u00f6pa<\/span><\/a>\u00a0|\u00a0<a href=\"https:\/\/sven-ove.nu\/?page_id=108\"><span style=\"color:#13536f\" class=\"has-inline-color\">Viktor Root<\/span><\/a>\u00a0\u00a0<br><em>Inl\u00e4gg nr 2 098. (c) Sven-Ove Svensson (men dela g\u00e4rna).<\/em><\/p>\n","protected":false},"excerpt":{"rendered":"<p>Jag brukar inte klaga p\u00e5 kartor. Personligen \u00e4lskar jag kartor och de brukar var och en fylla sin funktion.Men s\u00e5 finns det undantag. Ett undantag. Visit V\u00e4rmlands pdf-er med kartor \u00f6ver Brattforsheden med omnejd. De kartorna vet jag inte om jag ska skratta eller sv\u00e4ra \u00e5t. Har n\u00e5gon enda m\u00e4nniska n\u00e5gonsin vandrat de fina lederna &hellip; <a href=\"https:\/\/sven-ove.nu\/?p=22763\" class=\"more-link\">Forts\u00e4tt l\u00e4sa <span class=\"screen-reader-text\">Sveriges minst glasklara kartsymboler<\/span><\/a><\/p>\n","protected":false},"author":1,"featured_media":0,"comment_status":"closed","ping_status":"open","sticky":false,"template":"","format":"standard","meta":{"_crdt_document":"","_monsterinsights_skip_tracking":false,"_monsterinsights_sitenote_active":false,"_monsterinsights_sitenote_note":"","_monsterinsights_sitenote_category":0,"footnotes":""},"categories":[6],"tags":[16,25],"class_list":["post-22763","post","type-post","status-publish","format-standard","hentry","category-natur","tag-dumheter","tag-kartan"],"_links":{"self":[{"href":"https:\/\/sven-ove.nu\/index.php?rest_route=\/wp\/v2\/posts\/22763","targetHints":{"allow":["GET"]}}],"collection":[{"href":"https:\/\/sven-ove.nu\/index.php?rest_route=\/wp\/v2\/posts"}],"about":[{"href":"https:\/\/sven-ove.nu\/index.php?rest_route=\/wp\/v2\/types\/post"}],"author":[{"embeddable":true,"href":"https:\/\/sven-ove.nu\/index.php?rest_route=\/wp\/v2\/users\/1"}],"replies":[{"embeddable":true,"href":"https:\/\/sven-ove.nu\/index.php?rest_route=%2Fwp%2Fv2%2Fcomments&post=22763"}],"version-history":[{"count":11,"href":"https:\/\/sven-ove.nu\/index.php?rest_route=\/wp\/v2\/posts\/22763\/revisions"}],"predecessor-version":[{"id":22783,"href":"https:\/\/sven-ove.nu\/index.php?rest_route=\/wp\/v2\/posts\/22763\/revisions\/22783"}],"wp:attachment":[{"href":"https:\/\/sven-ove.nu\/index.php?rest_route=%2Fwp%2Fv2%2Fmedia&parent=22763"}],"wp:term":[{"taxonomy":"category","embeddable":true,"href":"https:\/\/sven-ove.nu\/index.php?rest_route=%2Fwp%2Fv2%2Fcategories&post=22763"},{"taxonomy":"post_tag","embeddable":true,"href":"https:\/\/sven-ove.nu\/index.php?rest_route=%2Fwp%2Fv2%2Ftags&post=22763"}],"curies":[{"name":"wp","href":"https:\/\/api.w.org\/{rel}","templated":true}]}}