{"id":2278,"date":"2012-05-24T09:34:07","date_gmt":"2012-05-24T08:34:07","guid":{"rendered":"http:\/\/sven-ove.nu\/?p=2278"},"modified":"2012-05-24T09:34:07","modified_gmt":"2012-05-24T08:34:07","slug":"forsta-varen","status":"publish","type":"post","link":"https:\/\/sven-ove.nu\/?p=2278","title":{"rendered":"F\u00f6rsta v\u00e5ren"},"content":{"rendered":"<p><a href=\"https:\/\/sven-ove.nu\/wp-content\/uploads\/2012\/05\/Paradis\u00e4ppeltr\u00e4det-i-blom1.jpg\"><img loading=\"lazy\" decoding=\"async\" class=\"alignleft size-medium wp-image-2281\" title=\"Paradis\u00e4ppeltr\u00e4det i blom\" src=\"https:\/\/sven-ove.nu\/wp-content\/uploads\/2012\/05\/Paradis\u00e4ppeltr\u00e4det-i-blom1-214x300.jpg\" alt=\"\" width=\"214\" height=\"300\" srcset=\"https:\/\/sven-ove.nu\/wp-content\/uploads\/2012\/05\/Paradis\u00e4ppeltr\u00e4det-i-blom1-214x300.jpg 214w, https:\/\/sven-ove.nu\/wp-content\/uploads\/2012\/05\/Paradis\u00e4ppeltr\u00e4det-i-blom1-733x1024.jpg 733w, https:\/\/sven-ove.nu\/wp-content\/uploads\/2012\/05\/Paradis\u00e4ppeltr\u00e4det-i-blom1.jpg 1552w\" sizes=\"auto, (max-width: 214px) 100vw, 214px\" \/><\/a><\/p>\n<p>&nbsp;<\/p>\n<p>&nbsp;<\/p>\n<p>&nbsp;<\/p>\n<p>&nbsp;<\/p>\n<p>&nbsp;<\/p>\n<p>&nbsp;<\/p>\n<p>&nbsp;<\/p>\n<p>Mitt i alltihop blommar paradis\u00e4ppeltr\u00e4det som vore det den f\u00f6rsta v\u00e5ren i hela v\u00e4rlden. G\u00e5r du n\u00e4ra l\u00e5ter hon som en hel bikupa.<\/p>\n<p>G\u00f6r det.<br \/>\nG\u00e5 n\u00e4ra dina blommande tr\u00e4d. D\u00e4r p\u00e5g\u00e5r n\u00e5gonting lika gammalt och lika nytt varenda v\u00e5r. Livet\u00a0som arbete och k\u00e4rlek.<\/p>\n<p>N\u00e4r det \u00e4r b\u00e4st \u00e4r det b\u00e5da.<\/p>\n","protected":false},"excerpt":{"rendered":"<p>&nbsp; &nbsp; &nbsp; &nbsp; &nbsp; &nbsp; &nbsp; Mitt i alltihop blommar paradis\u00e4ppeltr\u00e4det som vore det den f\u00f6rsta v\u00e5ren i hela v\u00e4rlden. G\u00e5r du n\u00e4ra l\u00e5ter hon som en hel bikupa. G\u00f6r det. G\u00e5 n\u00e4ra dina blommande tr\u00e4d. D\u00e4r p\u00e5g\u00e5r n\u00e5gonting lika gammalt och lika nytt varenda v\u00e5r. Livet\u00a0som arbete och k\u00e4rlek. N\u00e4r det \u00e4r b\u00e4st &hellip; <a href=\"https:\/\/sven-ove.nu\/?p=2278\" class=\"more-link\">Forts\u00e4tt l\u00e4sa <span class=\"screen-reader-text\">F\u00f6rsta v\u00e5ren<\/span><\/a><\/p>\n","protected":false},"author":1,"featured_media":0,"comment_status":"open","ping_status":"open","sticky":false,"template":"","format":"standard","meta":{"_crdt_document":"","_monsterinsights_skip_tracking":false,"_monsterinsights_sitenote_active":false,"_monsterinsights_sitenote_note":"","_monsterinsights_sitenote_category":0,"footnotes":""},"categories":[6],"tags":[24],"class_list":["post-2278","post","type-post","status-publish","format-standard","hentry","category-natur","tag-karlek"],"_links":{"self":[{"href":"https:\/\/sven-ove.nu\/index.php?rest_route=\/wp\/v2\/posts\/2278","targetHints":{"allow":["GET"]}}],"collection":[{"href":"https:\/\/sven-ove.nu\/index.php?rest_route=\/wp\/v2\/posts"}],"about":[{"href":"https:\/\/sven-ove.nu\/index.php?rest_route=\/wp\/v2\/types\/post"}],"author":[{"embeddable":true,"href":"https:\/\/sven-ove.nu\/index.php?rest_route=\/wp\/v2\/users\/1"}],"replies":[{"embeddable":true,"href":"https:\/\/sven-ove.nu\/index.php?rest_route=%2Fwp%2Fv2%2Fcomments&post=2278"}],"version-history":[{"count":11,"href":"https:\/\/sven-ove.nu\/index.php?rest_route=\/wp\/v2\/posts\/2278\/revisions"}],"predecessor-version":[{"id":2291,"href":"https:\/\/sven-ove.nu\/index.php?rest_route=\/wp\/v2\/posts\/2278\/revisions\/2291"}],"wp:attachment":[{"href":"https:\/\/sven-ove.nu\/index.php?rest_route=%2Fwp%2Fv2%2Fmedia&parent=2278"}],"wp:term":[{"taxonomy":"category","embeddable":true,"href":"https:\/\/sven-ove.nu\/index.php?rest_route=%2Fwp%2Fv2%2Fcategories&post=2278"},{"taxonomy":"post_tag","embeddable":true,"href":"https:\/\/sven-ove.nu\/index.php?rest_route=%2Fwp%2Fv2%2Ftags&post=2278"}],"curies":[{"name":"wp","href":"https:\/\/api.w.org\/{rel}","templated":true}]}}