{"id":22786,"date":"2020-09-19T04:36:00","date_gmt":"2020-09-19T03:36:00","guid":{"rendered":"http:\/\/sven-ove.nu\/?p=22786"},"modified":"2020-09-18T14:07:37","modified_gmt":"2020-09-18T13:07:37","slug":"ett-prima-verktyg-for-tanken","status":"publish","type":"post","link":"https:\/\/sven-ove.nu\/?p=22786","title":{"rendered":"Ett prima verktyg f\u00f6r tanken"},"content":{"rendered":"\n<figure class=\"wp-block-image size-large\"><img loading=\"lazy\" decoding=\"async\" width=\"1004\" height=\"554\" src=\"https:\/\/sven-ove.nu\/wp-content\/uploads\/2020\/09\/Grasanden.jpg\" alt=\"\" class=\"wp-image-22799\" srcset=\"https:\/\/sven-ove.nu\/wp-content\/uploads\/2020\/09\/Grasanden.jpg 1004w, https:\/\/sven-ove.nu\/wp-content\/uploads\/2020\/09\/Grasanden-300x166.jpg 300w, https:\/\/sven-ove.nu\/wp-content\/uploads\/2020\/09\/Grasanden-768x424.jpg 768w\" sizes=\"auto, (max-width: 1004px) 100vw, 1004px\" \/><\/figure>\n\n\n\n<blockquote class=\"wp-block-quote is-layout-flow wp-block-quote-is-layout-flow\"><p>Tes &#8211; antites &#8211; syntes. S\u00e5 hette det i grundcirkeln jag gick f\u00f6r 52 \u00e5r sedan. Motsatsernas enhet och kamp.<br>Modellen \u00e4r inte s\u00e5 dum. Mig har dialektiken hj\u00e4lpt, b\u00e5de n\u00e4r jag ska f\u00f6rst\u00e5 den lilla v\u00e4rlden och den stora.<\/p><\/blockquote>\n\n\n\n<p class=\"wp-block-paragraph\">Arbetsgivare och anst\u00e4llda som f\u00f6rhandlar om l\u00f6nen. Tes &#8211; antites &#8211; syntes.<br>H\u00f6sten som f\u00f6rs\u00f6ker ta \u00f6ver efter sommaren.<br>V\u00e4nster h\u00e4lsena som vill hindra mig att springa, resten av kroppen som vill kuta fast det g\u00f6r ont.<br>Plus och minus i matematiken.<br>Svalt eller \u00e4nnu svalare i s\u00e4ngkammaren n\u00e4r vi ska sova.<\/p>\n\n\n\n<p class=\"wp-block-paragraph\">Allt g\u00e5r att f\u00f6rst\u00e5 med hj\u00e4lp av den d\u00e4r tesen och antitesen. Dragkampen mellan ljus och m\u00f6rker, varmt och kallt, rik och fattig p\u00e5g\u00e5r hela tiden.<\/p>\n\n\n\n<p class=\"wp-block-paragraph\"><strong>G\u00e5r hem och funderar<\/strong><br>S\u00e5 fungerar det m\u00e4nskliga samtalet f\u00f6r mig ocks\u00e5, eller skrivandet i sociala medier. Vi talar eller skriver, jag tycker n\u00e5gonting, en medm\u00e4nniska s\u00e4ger emot. Jag g\u00e5r hem och funderar.<\/p>\n\n\n\n<p class=\"wp-block-paragraph\">Det samtalet l\u00e4r jag av varje g\u00e5ng. Ibland \u00e4ndrar jag mig, ibland inte, men det \u00e4r nyttigt att h\u00f6ra hur andra t\u00e4nker. Dialektik betyder samtalskonst ocks\u00e5.<\/p>\n\n\n\n<p class=\"wp-block-paragraph\"><em><strong><span style=\"color:#e15e0d\" class=\"has-inline-color\">###<\/span><\/strong> M\u00e5nga mots\u00e4ttningar \u00e4r mots\u00e4ttningar mellan v\u00e4nner och \u00e4r inte antagonistiska. Gl\u00f6m inte det.<br><strong><span style=\"color:#e15e0d\" class=\"has-inline-color\">###<\/span><\/strong> Var inte r\u00e4dd f\u00f6r mothugg.&nbsp;<br><strong><span style=\"color:#e15e0d\" class=\"has-inline-color\">###<\/span><\/strong> Det sk\u00e4rper tanken och argumentet.<\/em><\/p>\n\n\n\n<p class=\"wp-block-paragraph\"><a href=\"https:\/\/sven-ove.nu\/\"><span style=\"color:#4277a3\" class=\"has-inline-color\">Hem<\/span><\/a>&nbsp;|&nbsp;<a href=\"https:\/\/sven-ove.nu\/?page_id=170\"><span style=\"color:#4277a3\" class=\"has-inline-color\">Om mig<\/span><\/a>&nbsp;|&nbsp;<a href=\"https:\/\/sven-ove.nu\/?page_id=1385\"><span style=\"color:#4277a3\" class=\"has-inline-color\">Skriva &amp; prata<\/span><\/a>&nbsp;|&nbsp;<a href=\"https:\/\/sven-ove.nu\/?page_id=100\"><span style=\"color:#4277a3\" class=\"has-inline-color\">Politik<\/span><\/a>&nbsp;|&nbsp;<a href=\"https:\/\/sven-ove.nu\/?page_id=102\"><span style=\"color:#4277a3\" class=\"has-inline-color\">L\u00f6pa<\/span><\/a>&nbsp;|&nbsp;<a href=\"https:\/\/sven-ove.nu\/?page_id=108\"><span style=\"color:#4277a3\" class=\"has-inline-color\">Viktor Root<\/span><\/a>&nbsp;&nbsp;<br><em>Inl\u00e4gg nr 2 099. (c) Sven-Ove Svensson (men dela g\u00e4rna).<\/em><\/p>\n","protected":false},"excerpt":{"rendered":"<p>Tes &#8211; antites &#8211; syntes. S\u00e5 hette det i grundcirkeln jag gick f\u00f6r 52 \u00e5r sedan. Motsatsernas enhet och kamp.Modellen \u00e4r inte s\u00e5 dum. Mig har dialektiken hj\u00e4lpt, b\u00e5de n\u00e4r jag ska f\u00f6rst\u00e5 den lilla v\u00e4rlden och den stora. Arbetsgivare och anst\u00e4llda som f\u00f6rhandlar om l\u00f6nen. Tes &#8211; antites &#8211; syntes.H\u00f6sten som f\u00f6rs\u00f6ker ta \u00f6ver &hellip; <a href=\"https:\/\/sven-ove.nu\/?p=22786\" class=\"more-link\">Forts\u00e4tt l\u00e4sa <span class=\"screen-reader-text\">Ett prima verktyg f\u00f6r tanken<\/span><\/a><\/p>\n","protected":false},"author":1,"featured_media":0,"comment_status":"closed","ping_status":"open","sticky":false,"template":"","format":"standard","meta":{"_crdt_document":"","_monsterinsights_skip_tracking":false,"_monsterinsights_sitenote_active":false,"_monsterinsights_sitenote_note":"","_monsterinsights_sitenote_category":0,"footnotes":""},"categories":[4],"tags":[8,21],"class_list":["post-22786","post","type-post","status-publish","format-standard","hentry","category-skrivande","tag-historia","tag-ord"],"_links":{"self":[{"href":"https:\/\/sven-ove.nu\/index.php?rest_route=\/wp\/v2\/posts\/22786","targetHints":{"allow":["GET"]}}],"collection":[{"href":"https:\/\/sven-ove.nu\/index.php?rest_route=\/wp\/v2\/posts"}],"about":[{"href":"https:\/\/sven-ove.nu\/index.php?rest_route=\/wp\/v2\/types\/post"}],"author":[{"embeddable":true,"href":"https:\/\/sven-ove.nu\/index.php?rest_route=\/wp\/v2\/users\/1"}],"replies":[{"embeddable":true,"href":"https:\/\/sven-ove.nu\/index.php?rest_route=%2Fwp%2Fv2%2Fcomments&post=22786"}],"version-history":[{"count":11,"href":"https:\/\/sven-ove.nu\/index.php?rest_route=\/wp\/v2\/posts\/22786\/revisions"}],"predecessor-version":[{"id":22805,"href":"https:\/\/sven-ove.nu\/index.php?rest_route=\/wp\/v2\/posts\/22786\/revisions\/22805"}],"wp:attachment":[{"href":"https:\/\/sven-ove.nu\/index.php?rest_route=%2Fwp%2Fv2%2Fmedia&parent=22786"}],"wp:term":[{"taxonomy":"category","embeddable":true,"href":"https:\/\/sven-ove.nu\/index.php?rest_route=%2Fwp%2Fv2%2Fcategories&post=22786"},{"taxonomy":"post_tag","embeddable":true,"href":"https:\/\/sven-ove.nu\/index.php?rest_route=%2Fwp%2Fv2%2Ftags&post=22786"}],"curies":[{"name":"wp","href":"https:\/\/api.w.org\/{rel}","templated":true}]}}