{"id":22808,"date":"2020-09-30T11:52:00","date_gmt":"2020-09-30T10:52:00","guid":{"rendered":"http:\/\/sven-ove.nu\/?p=22808"},"modified":"2020-09-30T12:10:54","modified_gmt":"2020-09-30T11:10:54","slug":"en-egen-och-tvar-karl","status":"publish","type":"post","link":"https:\/\/sven-ove.nu\/?p=22808","title":{"rendered":"En egen och tv\u00e4r karl"},"content":{"rendered":"\n<p class=\"wp-block-paragraph\">En del dagar g\u00e5r jag till norskan. Vad var det nu \u201d<strong>trump<\/strong>\u201d betydde p\u00e5 nynorsk? Just det, ordet betyder:<\/p>\n\n\n\n<p class=\"wp-block-paragraph\"><em>Egen och tv\u00e4r karl, tv\u00e5ng, press, makt, h\u00e5rd metod.<\/em><br><br>Samt <em>gev\u00e4rskolv<\/em>.&nbsp;<br>D\u00e4r tog det roliga slut.<\/p>\n\n\n\n<figure class=\"wp-block-image size-large\"><img loading=\"lazy\" decoding=\"async\" width=\"502\" height=\"336\" src=\"https:\/\/sven-ove.nu\/wp-content\/uploads\/2020\/09\/Trump-pa-nynorsk.jpg\" alt=\"\" class=\"wp-image-22810\" srcset=\"https:\/\/sven-ove.nu\/wp-content\/uploads\/2020\/09\/Trump-pa-nynorsk.jpg 502w, https:\/\/sven-ove.nu\/wp-content\/uploads\/2020\/09\/Trump-pa-nynorsk-300x201.jpg 300w\" sizes=\"auto, (max-width: 502px) 100vw, 502px\" \/><\/figure>\n\n\n\n<p class=\"wp-block-paragraph\"><a href=\"https:\/\/sven-ove.nu\/\"><span style=\"color:#4277a3\" class=\"has-inline-color\">Hem<\/span><\/a>&nbsp;|&nbsp;<a href=\"https:\/\/sven-ove.nu\/?page_id=170\"><span style=\"color:#4277a3\" class=\"has-inline-color\">Om mig<\/span><\/a>&nbsp;|&nbsp;<a href=\"https:\/\/sven-ove.nu\/?page_id=1385\"><span style=\"color:#4277a3\" class=\"has-inline-color\">Skriva &amp; prata<\/span><\/a>&nbsp;|&nbsp;<a href=\"https:\/\/sven-ove.nu\/?page_id=100\"><span style=\"color:#4277a3\" class=\"has-inline-color\">Politik<\/span><\/a>&nbsp;|&nbsp;<a href=\"https:\/\/sven-ove.nu\/?page_id=102\"><span style=\"color:#4277a3\" class=\"has-inline-color\">L\u00f6pa<\/span><\/a>&nbsp;|&nbsp;<a href=\"https:\/\/sven-ove.nu\/?page_id=108\"><span style=\"color:#4277a3\" class=\"has-inline-color\">Viktor Root<\/span><\/a>&nbsp;&nbsp;<br><em>Inl\u00e4gg nr 2 100. (c) Sven-Ove Svensson (men dela g\u00e4rna).<\/em><\/p>\n","protected":false},"excerpt":{"rendered":"<p>En del dagar g\u00e5r jag till norskan. Vad var det nu \u201dtrump\u201d betydde p\u00e5 nynorsk? Just det, ordet betyder: Egen och tv\u00e4r karl, tv\u00e5ng, press, makt, h\u00e5rd metod. Samt gev\u00e4rskolv.&nbsp;D\u00e4r tog det roliga slut. Hem&nbsp;|&nbsp;Om mig&nbsp;|&nbsp;Skriva &amp; prata&nbsp;|&nbsp;Politik&nbsp;|&nbsp;L\u00f6pa&nbsp;|&nbsp;Viktor Root&nbsp;&nbsp;Inl\u00e4gg nr 2 100. (c) Sven-Ove Svensson (men dela g\u00e4rna).<\/p>\n","protected":false},"author":1,"featured_media":0,"comment_status":"closed","ping_status":"open","sticky":false,"template":"","format":"standard","meta":{"_crdt_document":"","_monsterinsights_skip_tracking":false,"_monsterinsights_sitenote_active":false,"_monsterinsights_sitenote_note":"","_monsterinsights_sitenote_category":0,"footnotes":""},"categories":[28,9],"tags":[21],"class_list":["post-22808","post","type-post","status-publish","format-standard","hentry","category-kreativt-folk","category-politik","tag-ord"],"_links":{"self":[{"href":"https:\/\/sven-ove.nu\/index.php?rest_route=\/wp\/v2\/posts\/22808","targetHints":{"allow":["GET"]}}],"collection":[{"href":"https:\/\/sven-ove.nu\/index.php?rest_route=\/wp\/v2\/posts"}],"about":[{"href":"https:\/\/sven-ove.nu\/index.php?rest_route=\/wp\/v2\/types\/post"}],"author":[{"embeddable":true,"href":"https:\/\/sven-ove.nu\/index.php?rest_route=\/wp\/v2\/users\/1"}],"replies":[{"embeddable":true,"href":"https:\/\/sven-ove.nu\/index.php?rest_route=%2Fwp%2Fv2%2Fcomments&post=22808"}],"version-history":[{"count":8,"href":"https:\/\/sven-ove.nu\/index.php?rest_route=\/wp\/v2\/posts\/22808\/revisions"}],"predecessor-version":[{"id":22818,"href":"https:\/\/sven-ove.nu\/index.php?rest_route=\/wp\/v2\/posts\/22808\/revisions\/22818"}],"wp:attachment":[{"href":"https:\/\/sven-ove.nu\/index.php?rest_route=%2Fwp%2Fv2%2Fmedia&parent=22808"}],"wp:term":[{"taxonomy":"category","embeddable":true,"href":"https:\/\/sven-ove.nu\/index.php?rest_route=%2Fwp%2Fv2%2Fcategories&post=22808"},{"taxonomy":"post_tag","embeddable":true,"href":"https:\/\/sven-ove.nu\/index.php?rest_route=%2Fwp%2Fv2%2Ftags&post=22808"}],"curies":[{"name":"wp","href":"https:\/\/api.w.org\/{rel}","templated":true}]}}