{"id":22987,"date":"2020-11-25T04:04:00","date_gmt":"2020-11-25T03:04:00","guid":{"rendered":"http:\/\/sven-ove.nu\/?p=22987"},"modified":"2020-11-24T09:00:29","modified_gmt":"2020-11-24T08:00:29","slug":"har-manskligheten-sett-allt","status":"publish","type":"post","link":"https:\/\/sven-ove.nu\/?p=22987","title":{"rendered":"Har m\u00e4nskligheten sett allt?"},"content":{"rendered":"\n<figure class=\"wp-block-image size-large\"><a href=\"https:\/\/sven-ove.nu\/wp-content\/uploads\/2020\/09\/Hand-i-fyrkantigt-hal.jpg\"><img loading=\"lazy\" decoding=\"async\" width=\"962\" height=\"1024\" src=\"https:\/\/sven-ove.nu\/wp-content\/uploads\/2020\/09\/Hand-i-fyrkantigt-hal-962x1024.jpg\" alt=\"\" class=\"wp-image-22790\" srcset=\"https:\/\/sven-ove.nu\/wp-content\/uploads\/2020\/09\/Hand-i-fyrkantigt-hal-962x1024.jpg 962w, https:\/\/sven-ove.nu\/wp-content\/uploads\/2020\/09\/Hand-i-fyrkantigt-hal-282x300.jpg 282w, https:\/\/sven-ove.nu\/wp-content\/uploads\/2020\/09\/Hand-i-fyrkantigt-hal-768x818.jpg 768w, https:\/\/sven-ove.nu\/wp-content\/uploads\/2020\/09\/Hand-i-fyrkantigt-hal.jpg 1202w\" sizes=\"auto, (max-width: 962px) 100vw, 962px\" \/><\/a><\/figure>\n\n\n\n<blockquote class=\"wp-block-quote is-layout-flow wp-block-quote-is-layout-flow\"><p>Hur var det den gamla tanten sa, som de intervjuade i SVT:s utm\u00e4rkta 100-\u00e5rsserie h\u00f6sten 1999? \u201dJag har varit med om allt som blivit nytt.\u201d<\/p><p>D\u00e4r hade hon r\u00e4tt, den goa gamla Hilma Samuelsson, 108 \u00e5r, i Kosta. D\u00e5. Vad hon inte kunde ana var att det fanns en grej kvar. Den slutgiltiga.<\/p><\/blockquote>\n\n\n\n<p class=\"wp-block-paragraph\">Jo jag vet, det kom n\u00e5gra grejor till innan dess, som hon aldrig fick uppleva. Vilstol f\u00f6r b\u00e4rbara telefoner. Braskaminfl\u00e4ktar som g\u00e5r ig\u00e5ng p\u00e5 v\u00e4rme. Sm\u00e5 apparater d\u00e4r du kan se dina barnbarn i direkts\u00e4ndning.<\/p>\n\n\n\n<p class=\"wp-block-paragraph\">Men dessa var mer sm\u00e5 mellanstationer, \u00e4ven om det naturligtvis \u00e4r stort att kunna se barna prata 30 mil bort. Jag tror det \u00e4r n\u00e5t elektriskt.<\/p>\n\n\n\n<p class=\"wp-block-paragraph\"><strong>Det b\u00f6rjade med ett prassel<\/strong><br>Den slutgiltiga nyheten \u00e4r n\u00e5got annat. Jag kommer till den.<br>Allt b\u00f6rjade med ett prassel, ett tripp och en karl i sina b\u00e4sta \u00e5r som satte sig tv\u00e4rt upp i s\u00e4ngen.<br>&#8211; Jippie! Vi har f\u00e5tt m\u00f6ss i huset!<\/p>\n\n\n\n<p class=\"wp-block-paragraph\">Eller vad jag nu sa till den k\u00e4ra v\u00e4nnen. S\u00e5 fort solen gick upp skickade hon mig till stan och Granng\u00e5rden. D\u00e4r fann jag den genast p\u00e5 sin hylla. Supercat Musefaelde\/Musf\u00e4llan\/Hiirenloukku.<br>&#8211; Ta tv\u00e5, d\u00e4 kvetter.<br>&#8211; Tack det blir 69 kronor.<\/p>\n\n\n\n<p class=\"wp-block-paragraph\">Hem kom jag, v\u00e4nnen satte ut dem, betet var redan p\u00e5 plats. \u201dOptimal slagkraft\u201d l\u00e4ste jag f\u00f6r henne. \u201dArt-relevant, snabbt d\u00f6dande.\u201d \u201dF\u00f6rhindrar fel vid f\u00e5ngst.\u201d<\/p>\n\n\n\n<p class=\"wp-block-paragraph\">Den k\u00e4ra v\u00e4nnen log stolt mot mig. Artrelevant, det \u00e4r bra. Vi vill ju inte f\u00e5nga orm i snedgarderoben.<br>&#8211; F\u00f6rhindrar fel, det \u00e4r min gubbe det.<\/p>\n\n\n\n<p class=\"wp-block-paragraph\">Kanske minns jag fel, hon kan ha sagt tv\u00e4rtom. F\u00f6rsta morgonen hade vi hur som helst en mus i varje. Stolt fotograferade jag hennes byten ute p\u00e5 nya trappan som hon snickrat. Dock inte med henne p\u00e5 bilden. Ingen etisk j\u00e4gare poserar med vapen och f\u00f6rnedrar sitt byte. Inte min fru heller.<\/p>\n\n\n\n<figure class=\"wp-block-image size-large is-resized\"><a href=\"https:\/\/sven-ove.nu\/wp-content\/uploads\/2020\/11\/Moss-scaled.jpeg\"><img loading=\"lazy\" decoding=\"async\" src=\"https:\/\/sven-ove.nu\/wp-content\/uploads\/2020\/11\/Moss-1024x574.jpeg\" alt=\"\" class=\"wp-image-22989\" width=\"225\" height=\"126\" srcset=\"https:\/\/sven-ove.nu\/wp-content\/uploads\/2020\/11\/Moss-1024x574.jpeg 1024w, https:\/\/sven-ove.nu\/wp-content\/uploads\/2020\/11\/Moss-300x168.jpeg 300w, https:\/\/sven-ove.nu\/wp-content\/uploads\/2020\/11\/Moss-768x430.jpeg 768w, https:\/\/sven-ove.nu\/wp-content\/uploads\/2020\/11\/Moss-1536x861.jpeg 1536w, https:\/\/sven-ove.nu\/wp-content\/uploads\/2020\/11\/Moss-2048x1148.jpeg 2048w\" sizes=\"auto, (max-width: 225px) 100vw, 225px\" \/><\/a><\/figure>\n\n\n\n<p class=\"wp-block-paragraph\"><strong>T\u00e4nk om hon hade vetat<\/strong><br>Nu var jaktlusten v\u00e4ckt. Tre arbetsdagar senare kvitterade hon ut ett anonymt paket p\u00e5 ICA-posten.<\/p>\n\n\n\n<p class=\"wp-block-paragraph\">Det \u00e4r nu den slutgiltiga nyheten kommer in i v\u00e5ra liv, i m\u00e4nsklighetens liv. Teknikens h\u00f6jdpunkt, efter vilken allt annat kommer att vara obetydligheter. Jag pratar f\u00f6rst\u00e5s om musf\u00e4llan Victor. I morse fick hon meddelande p\u00e5 mobilen fr\u00e5n Victor.<br>&#8211; Jag har f\u00e5ngat en mus \u00e5t dig.<br>Det var inneh\u00e5llet i meddelandet. Musen dog direkt. Elektriskt.<\/p>\n\n\n\n<p class=\"wp-block-paragraph\">T\u00e4nk dig det, han skrev!<br>T\u00e4nk om gamla Hilma fr\u00e5n Kosta \u00e5r 1999 hade anat det. En musf\u00e4lla som h\u00f6r av sig p\u00e5 telefon n\u00e4r bytet \u00e4r nedlagt.&nbsp;<\/p>\n\n\n\n<p class=\"wp-block-paragraph\">Sl\u00e4ng dig i v\u00e4ggen, lilla rara tant. Det \u00e4r jag som har varit med om allt nytt.<br>Nu har m\u00e4nskligheten sett allt.<\/p>\n\n\n\n<p class=\"wp-block-paragraph\"><span style=\"color:#e15e0d\" class=\"has-inline-color\">###<\/span>  VARNING! <em>Allt efter andra mellanrubriken ovan \u00e4r ljug. Det var skrivet i ren f\u00f6rv\u00e4ntan.<\/em><br><span style=\"color:#e15e0d\" class=\"has-inline-color\">###<\/span> <em>Allt vi fick var ett sms fr\u00e5n Granng\u00e5rden att Victor Wifi var slut. Kanske har han aldrig funnits.<\/em><br><span style=\"color:#e15e0d\" class=\"has-inline-color\">###<\/span> <em><em>M\u00e4nskligheten har INTE ALLS sett n\u00e5got mer. Det \u00e4r bara Granng\u00e5rden som har otur n\u00e4r de f\u00f6rs\u00f6ker s\u00e4lja f\u00e4llor p\u00e5 webben.<\/em><\/em><\/p>\n\n\n\n<p class=\"wp-block-paragraph\"><\/p>\n\n\n\n<p class=\"wp-block-paragraph\">Hilma vann.<\/p>\n\n\n\n<p class=\"wp-block-paragraph\"><strong>L\u00e4nk<\/strong><br>Hundra Svenska \u00c5r, avsnittet\u00a0<a href=\"https:\/\/youtu.be\/cVtFOZMHZjA\"><strong><span style=\"color:#4277a3\" class=\"has-inline-color\">Jag har sett allt som blivit nytt<\/span><\/strong><\/a><\/p>\n\n\n\n<p class=\"has-text-color wp-block-paragraph\" style=\"color:#4277a3\"><a href=\"https:\/\/sven-ove.nu\/\"><span style=\"color:#4277a3\" class=\"has-inline-color\">Hem<\/span><\/a>&nbsp;|&nbsp;<a href=\"https:\/\/sven-ove.nu\/?page_id=170\"><span style=\"color:#4277a3\" class=\"has-inline-color\">Om mig<\/span><\/a>&nbsp;|&nbsp;<span style=\"color:#4277a3\" class=\"has-inline-color\"><a href=\"https:\/\/sven-ove.nu\/?page_id=1385\">Skriva &amp; prata<\/a>&nbsp;<\/span>|&nbsp;<span style=\"color:#4277a3\" class=\"has-inline-color\"><a href=\"https:\/\/sven-ove.nu\/?page_id=100\">Politik<\/a>&nbsp;<\/span>|&nbsp;<a href=\"https:\/\/sven-ove.nu\/?page_id=102\"><span style=\"color:#4277a3\" class=\"has-inline-color\">L\u00f6pa<\/span><\/a>&nbsp;|&nbsp;<a href=\"https:\/\/sven-ove.nu\/?page_id=108\"><span style=\"color:#4277a3\" class=\"has-inline-color\">Viktor Root<\/span><\/a>&nbsp;&nbsp;<br><em><span style=\"color:#111\" class=\"has-inline-color\">Inl\u00e4gg nr 2 109. (c) Sven-Ove Svensson (men dela g\u00e4rna).<\/span><\/em><\/p>\n","protected":false},"excerpt":{"rendered":"<p>Hur var det den gamla tanten sa, som de intervjuade i SVT:s utm\u00e4rkta 100-\u00e5rsserie h\u00f6sten 1999? \u201dJag har varit med om allt som blivit nytt.\u201d D\u00e4r hade hon r\u00e4tt, den goa gamla Hilma Samuelsson, 108 \u00e5r, i Kosta. D\u00e5. Vad hon inte kunde ana var att det fanns en grej kvar. Den slutgiltiga. Jo jag &hellip; <a href=\"https:\/\/sven-ove.nu\/?p=22987\" class=\"more-link\">Forts\u00e4tt l\u00e4sa <span class=\"screen-reader-text\">Har m\u00e4nskligheten sett allt?<\/span><\/a><\/p>\n","protected":false},"author":1,"featured_media":0,"comment_status":"closed","ping_status":"open","sticky":false,"template":"","format":"standard","meta":{"_crdt_document":"","_monsterinsights_skip_tracking":false,"_monsterinsights_sitenote_active":false,"_monsterinsights_sitenote_note":"","_monsterinsights_sitenote_category":0,"footnotes":""},"categories":[10,28],"tags":[8,13],"class_list":["post-22987","post","type-post","status-publish","format-standard","hentry","category-familjen","category-kreativt-folk","tag-historia","tag-utrustning"],"_links":{"self":[{"href":"https:\/\/sven-ove.nu\/index.php?rest_route=\/wp\/v2\/posts\/22987","targetHints":{"allow":["GET"]}}],"collection":[{"href":"https:\/\/sven-ove.nu\/index.php?rest_route=\/wp\/v2\/posts"}],"about":[{"href":"https:\/\/sven-ove.nu\/index.php?rest_route=\/wp\/v2\/types\/post"}],"author":[{"embeddable":true,"href":"https:\/\/sven-ove.nu\/index.php?rest_route=\/wp\/v2\/users\/1"}],"replies":[{"embeddable":true,"href":"https:\/\/sven-ove.nu\/index.php?rest_route=%2Fwp%2Fv2%2Fcomments&post=22987"}],"version-history":[{"count":29,"href":"https:\/\/sven-ove.nu\/index.php?rest_route=\/wp\/v2\/posts\/22987\/revisions"}],"predecessor-version":[{"id":23025,"href":"https:\/\/sven-ove.nu\/index.php?rest_route=\/wp\/v2\/posts\/22987\/revisions\/23025"}],"wp:attachment":[{"href":"https:\/\/sven-ove.nu\/index.php?rest_route=%2Fwp%2Fv2%2Fmedia&parent=22987"}],"wp:term":[{"taxonomy":"category","embeddable":true,"href":"https:\/\/sven-ove.nu\/index.php?rest_route=%2Fwp%2Fv2%2Fcategories&post=22987"},{"taxonomy":"post_tag","embeddable":true,"href":"https:\/\/sven-ove.nu\/index.php?rest_route=%2Fwp%2Fv2%2Ftags&post=22987"}],"curies":[{"name":"wp","href":"https:\/\/api.w.org\/{rel}","templated":true}]}}