{"id":23263,"date":"2021-01-23T04:43:00","date_gmt":"2021-01-23T03:43:00","guid":{"rendered":"http:\/\/sven-ove.nu\/?p=23263"},"modified":"2021-01-22T19:50:06","modified_gmt":"2021-01-22T18:50:06","slug":"23263","status":"publish","type":"post","link":"https:\/\/sven-ove.nu\/?p=23263","title":{"rendered":"\u201dM\u00e4rker du inte att du spelar en roll?\u201d"},"content":{"rendered":"\n<p class=\"wp-block-paragraph\"><\/p>\n\n\n\n<blockquote class=\"wp-block-quote is-layout-flow wp-block-quote-is-layout-flow\"><p>Det fanns en medarbetare p\u00e5 radion som jag helst ville skulle sk\u00f6ta tekniken n\u00e4r jag kom farande och skulle l\u00e4sa in mina kr\u00f6nikor d\u00e4r.<\/p><p>Han gjorde mig lugn.&nbsp;<\/p><\/blockquote>\n\n\n\n<p class=\"wp-block-paragraph\">Dessutom fick han mig till sist att inse att jag spelade en roll n\u00e4r jag skrev mina gulligheter, roligheter och elaka satirer.<\/p>\n\n\n\n<p class=\"wp-block-paragraph\">&#8211; Jag \u00e4r bara mig sj\u00e4lv, h\u00e4vdade jag.<br>&#8211; Inte riktigt. M\u00e4rker du inte det?<\/p>\n\n\n\n<p class=\"wp-block-paragraph\">Till saken h\u00f6r att jag snart b\u00f6rjade skriva betraktelserna p\u00e5 dialekt, eftersom jag k\u00e4nde mig naturligare vid mikrofonen d\u00e5. Ett lyckodrag skulle det visa sig. Sydlig central v\u00e4rml\u00e4ndska \u00e4r ett utm\u00e4rkt spr\u00e5k om du vill be en och annan makthavare dra dit pepparn v\u00e4xer.&nbsp;<\/p>\n\n\n\n<p class=\"wp-block-paragraph\">Det l\u00e5ter s\u00e5 sn\u00e4llt f\u00f6rst. De ger sig med gl\u00e4dje iv\u00e4g p\u00e5 resan.<\/p>\n\n\n\n<p class=\"wp-block-paragraph\"><strong>Kamratst\u00f6d vid spakarna<\/strong><br>Nu slutar Lars-Gunnar \u201dKimpen\u201d Olsson p\u00e5 Radio V\u00e4rmland, l\u00e4ser jag. Vemodigt tycker han sj\u00e4lv, ber\u00e4ttar radiokollegorna i ett Facebook-inl\u00e4gg.&nbsp;<\/p>\n\n\n\n<p class=\"wp-block-paragraph\">\u201dVi kollegor f\u00f6rs\u00f6ker komma p\u00e5 n\u00e5got han inte gjort under sina 29 \u00e5r p\u00e5 redaktionen &#8211; men det \u00e4r sv\u00e5rt. Kimpen har varit reporter, nyhetschef, programledare, producent och digital redakt\u00f6r till exempel.\u201d<\/p>\n\n\n\n<p class=\"wp-block-paragraph\">\u201dVi kommer sakna honom mycket och \u00f6nskar lycka till p\u00e5 nya jobbet!\u201d<\/p>\n\n\n\n<p class=\"wp-block-paragraph\">Det \u00f6nskar jag ocks\u00e5. Fast de gl\u00f6mde det viktiga jobbet att kamratst\u00f6dja en darrig kr\u00f6nik\u00f6r n\u00e5gra \u00e5r f\u00f6r l\u00e4nge sedan och lugnt banda alla hans kn\u00f6vvliga omtagningar.<\/p>\n\n\n\n<p class=\"wp-block-paragraph\">Tack f\u00f6r hj\u00e4lpen Kimpen!<\/p>\n\n\n\n<figure class=\"wp-block-image size-large\"><a href=\"https:\/\/sven-ove.nu\/wp-content\/uploads\/2021\/01\/Kimpen.jpg\"><img loading=\"lazy\" decoding=\"async\" width=\"715\" height=\"979\" src=\"https:\/\/sven-ove.nu\/wp-content\/uploads\/2021\/01\/Kimpen.jpg\" alt=\"\" class=\"wp-image-23264\" srcset=\"https:\/\/sven-ove.nu\/wp-content\/uploads\/2021\/01\/Kimpen.jpg 715w, https:\/\/sven-ove.nu\/wp-content\/uploads\/2021\/01\/Kimpen-219x300.jpg 219w\" sizes=\"auto, (max-width: 715px) 100vw, 715px\" \/><\/a><\/figure>\n\n\n\n<p class=\"wp-block-paragraph\"><a href=\"https:\/\/sven-ove.nu\/\">Hem<\/a>&nbsp;|&nbsp;<a href=\"https:\/\/sven-ove.nu\/?page_id=170\">Om mig<\/a>&nbsp;|&nbsp;<a href=\"https:\/\/sven-ove.nu\/?page_id=1385\">Skriva &amp; prata<\/a>&nbsp;|&nbsp;<a href=\"https:\/\/sven-ove.nu\/?page_id=100\">Politik<\/a>&nbsp;|&nbsp;<a href=\"https:\/\/sven-ove.nu\/?page_id=102\">L\u00f6pa<\/a>&nbsp;|&nbsp;<a href=\"https:\/\/sven-ove.nu\/?page_id=108\">Viktor Root<\/a>&nbsp;&nbsp;<br><em>Inl\u00e4gg nr 2 121. (c) Sven-Ove Svensson (men dela g\u00e4rna).<\/em><\/p>\n","protected":false},"excerpt":{"rendered":"<p>Det fanns en medarbetare p\u00e5 radion som jag helst ville skulle sk\u00f6ta tekniken n\u00e4r jag kom farande och skulle l\u00e4sa in mina kr\u00f6nikor d\u00e4r. Han gjorde mig lugn.&nbsp; Dessutom fick han mig till sist att inse att jag spelade en roll n\u00e4r jag skrev mina gulligheter, roligheter och elaka satirer. &#8211; Jag \u00e4r bara mig &hellip; <a href=\"https:\/\/sven-ove.nu\/?p=23263\" class=\"more-link\">Forts\u00e4tt l\u00e4sa <span class=\"screen-reader-text\">\u201dM\u00e4rker du inte att du spelar en roll?\u201d<\/span><\/a><\/p>\n","protected":false},"author":1,"featured_media":0,"comment_status":"closed","ping_status":"open","sticky":false,"template":"","format":"standard","meta":{"_crdt_document":"","_monsterinsights_skip_tracking":false,"_monsterinsights_sitenote_active":false,"_monsterinsights_sitenote_note":"","_monsterinsights_sitenote_category":0,"footnotes":""},"categories":[28,4],"tags":[],"class_list":["post-23263","post","type-post","status-publish","format-standard","hentry","category-kreativt-folk","category-skrivande"],"_links":{"self":[{"href":"https:\/\/sven-ove.nu\/index.php?rest_route=\/wp\/v2\/posts\/23263","targetHints":{"allow":["GET"]}}],"collection":[{"href":"https:\/\/sven-ove.nu\/index.php?rest_route=\/wp\/v2\/posts"}],"about":[{"href":"https:\/\/sven-ove.nu\/index.php?rest_route=\/wp\/v2\/types\/post"}],"author":[{"embeddable":true,"href":"https:\/\/sven-ove.nu\/index.php?rest_route=\/wp\/v2\/users\/1"}],"replies":[{"embeddable":true,"href":"https:\/\/sven-ove.nu\/index.php?rest_route=%2Fwp%2Fv2%2Fcomments&post=23263"}],"version-history":[{"count":5,"href":"https:\/\/sven-ove.nu\/index.php?rest_route=\/wp\/v2\/posts\/23263\/revisions"}],"predecessor-version":[{"id":23271,"href":"https:\/\/sven-ove.nu\/index.php?rest_route=\/wp\/v2\/posts\/23263\/revisions\/23271"}],"wp:attachment":[{"href":"https:\/\/sven-ove.nu\/index.php?rest_route=%2Fwp%2Fv2%2Fmedia&parent=23263"}],"wp:term":[{"taxonomy":"category","embeddable":true,"href":"https:\/\/sven-ove.nu\/index.php?rest_route=%2Fwp%2Fv2%2Fcategories&post=23263"},{"taxonomy":"post_tag","embeddable":true,"href":"https:\/\/sven-ove.nu\/index.php?rest_route=%2Fwp%2Fv2%2Ftags&post=23263"}],"curies":[{"name":"wp","href":"https:\/\/api.w.org\/{rel}","templated":true}]}}