{"id":23272,"date":"2021-01-26T04:39:00","date_gmt":"2021-01-26T03:39:00","guid":{"rendered":"http:\/\/sven-ove.nu\/?p=23272"},"modified":"2021-01-25T18:29:17","modified_gmt":"2021-01-25T17:29:17","slug":"23272","status":"publish","type":"post","link":"https:\/\/sven-ove.nu\/?p=23272","title":{"rendered":"Ett Sverige d\u00e4r klyftorna v\u00e4xer och v\u00e4xer och v\u00e4xer"},"content":{"rendered":"\n<figure class=\"wp-block-image size-large\"><a href=\"https:\/\/sven-ove.nu\/wp-content\/uploads\/2021\/01\/Klass-i-Sverige.jpg\"><img loading=\"lazy\" decoding=\"async\" width=\"909\" height=\"1024\" src=\"https:\/\/sven-ove.nu\/wp-content\/uploads\/2021\/01\/Klass-i-Sverige-909x1024.jpg\" alt=\"\" class=\"wp-image-23287\" srcset=\"https:\/\/sven-ove.nu\/wp-content\/uploads\/2021\/01\/Klass-i-Sverige-909x1024.jpg 909w, https:\/\/sven-ove.nu\/wp-content\/uploads\/2021\/01\/Klass-i-Sverige-266x300.jpg 266w, https:\/\/sven-ove.nu\/wp-content\/uploads\/2021\/01\/Klass-i-Sverige-768x865.jpg 768w, https:\/\/sven-ove.nu\/wp-content\/uploads\/2021\/01\/Klass-i-Sverige.jpg 1269w\" sizes=\"auto, (max-width: 909px) 100vw, 909px\" \/><\/a><\/figure>\n\n\n\n<blockquote class=\"wp-block-quote is-layout-flow wp-block-quote-is-layout-flow\"><p>I g\u00e5r kom den i brevl\u00e5dan, boken jag v\u00e4ntat p\u00e5. <strong>Klass i Sverige.<\/strong><\/p><p>Sverige \u00e4r fortfarande ett klassamh\u00e4lle. Klyftorna \u00e4r st\u00f6rre \u00e4n de n\u00e5gonsin varit under mitt liv. Det visste vi f\u00f6rut. <\/p><p>Nu finns det siffror p\u00e5 saken.<\/p><\/blockquote>\n\n\n\n<p class=\"wp-block-paragraph\">Under v\u00e5ren 2018 genomf\u00f6rde den fackliga tankesmedjan Katalys sin stora utredning&nbsp;<em>Klass i Sverige<\/em>. Det gjorde man tillsammans med&nbsp;professor G\u00f6ran Therborn och ett 20-tal forskare. Resultatet blev att en m\u00e4ngd rapporter kunde publiceras, presenteras och diskuteras.&nbsp;<\/p>\n\n\n\n<p class=\"wp-block-paragraph\">Nu har allt detta uppdaterats och samlats i en och samma bok med en rad nya kapitel:&nbsp;<em>Klass i Sverige: Oj\u00e4mlikheten, makten och politiken i det 21:a \u00e5rhundradet.&nbsp;<\/em>I boken finns ocks\u00e5 en studiehandledning.<\/p>\n\n\n\n<p class=\"wp-block-paragraph\">&#8211; Vi \u00e4r stolta \u00f6ver att kunna presentera projektet p\u00e5 det h\u00e4r s\u00e4ttet, h\u00e4lsar bokens redakt\u00f6rer Daniel Suhonen, G\u00f6ran Therborn och Jesper Weithz.<\/p>\n\n\n\n<p class=\"wp-block-paragraph\"><strong>H\u00e4r v\u00e4xer klyftorna snabbast<\/strong> <br>Hur ser v\u00e5rt land ut p\u00e5 tr\u00f6skeln till 2020-talet? Svaret \u00e4r att det \u00e4r ett allt h\u00e5rdare klassamh\u00e4lle. Sverige \u00e4r det europeiska land som har snabbast v\u00e4xande klyftor, sv\u00e5rast privatiserad v\u00e4lf\u00e4rdsstat och d\u00e4r den klass vi tillh\u00f6r allt tydligare d\u00f6mer oss till olika levnadsstandard, livsl\u00e4ngd och liv.&nbsp;<\/p>\n\n\n\n<p class=\"wp-block-paragraph\">I boken visar man med statistik fr\u00e5n Statistiska Centralbyr\u00e5n att klassamh\u00e4llet existerar och hur det ser ut. H\u00e4r skildras samh\u00e4llets f\u00f6r\u00e4ndring, med k\u00f6n och etnicitet som en given dimension f\u00f6r f\u00f6rst\u00e5elsen. H\u00e4r visas de skilda v\u00e4rldarna n\u00e4r det g\u00e4ller \u00e4gande, makt och inflytande. Detta utifr\u00e5n olika aspekter p\u00e5 samh\u00e4llet som brottslighet, folkh\u00e4lsa, mediemakt, f\u00f6retags\u00e4gande och anst\u00e4llningsskydd.<\/p>\n\n\n\n<p class=\"wp-block-paragraph\"><strong>Fakta f\u00f6r fundering och f\u00f6r\u00e4ndring<\/strong><br>Bilden av ett allt h\u00e5rdare klassamh\u00e4lle med ett f\u00e5tal vinnare och miljoner f\u00f6rlorare framtr\u00e4der tydligt i&nbsp;<em>Klass i Sverige<\/em>. \u00c4r det verkligen s\u00e5 h\u00e4r vi vill ha det? H\u00e4r finns fakta f\u00f6r dig som undrar och argument f\u00f6r dig som vill f\u00f6r\u00e4ndra.<\/p>\n\n\n\n<p class=\"wp-block-paragraph\">Jag vet vad jag tycker. J\u00e4mlikhet \u00e4r vackrare \u00e4n or\u00e4ttvisan, solidaritet \u00e4r finare \u00e4n rofferi. Nu hinner jag inte skriva mer. Nu ska jag l\u00e4sa.<\/p>\n\n\n\n<p class=\"has-dark-gray-color has-text-color wp-block-paragraph\"><strong>Titel:<\/strong>&nbsp;<a href=\"https:\/\/www.katalys.org\/publikation\/klass-i-sverige-ojamlikheten-makten-och-politiken-i-det-21a-arhundradet\/\"><strong><span style=\"color:#0070a3\" class=\"has-inline-color\">\u201dKlass i Sverige: Oj\u00e4mlikheten, makten och politiken i det 21:a \u00e5rhundradet\u201d<\/span><\/strong><\/a>.<br><strong>Redakt\u00f6rer:<\/strong>&nbsp;Daniel Suhonen, G\u00f6ran Therborn &amp; Jesper Weithz.<br><strong>Utgivare:<\/strong>&nbsp;Arkiv f\u00f6rlag &amp; Katalys.<br><strong>Format:<\/strong>&nbsp;Inbunden, 752 sidor.<\/p>\n\n\n\n<p class=\"wp-block-paragraph\"><em><span style=\"color:#e15e0d\" class=\"has-inline-color\">### <\/span>Arbetarklassen \u00e4r fortfarande den st\u00f6rsta klassen i Sverige, n\u00e4ra h\u00e4lften av alla f\u00f6rv\u00e4rvsarbetande.<\/em><br><em><span style=\"color:#e15e0d\" class=\"has-inline-color\">###<\/span> \u201dInte p\u00e5 drygt tv\u00e5hundra \u00e5r, sedan 1810, p\u00e5 tr\u00f6skeln till industrikapitalismens uppkomst i Sverige, har de privata f\u00f6rm\u00f6genheterna varit s\u00e5 stora i f\u00f6rh\u00e5llande till nationalinkomsten som nu, 465 procent.\u201d<\/em><br><em><span style=\"color:#e15e0d\" class=\"has-inline-color\">###<\/span> \u201dTage Erlanders vision om \u2019de stigande f\u00f6rv\u00e4ntningarnas missn\u00f6je\u2019 har i dag effektivt ersatts av \u2019de sjunkande f\u00f6rv\u00e4ntningarnas missn\u00f6je\u2019\u201d<\/em>.<\/p>\n\n\n\n<p class=\"has-dark-gray-color has-light-gray-background-color has-text-color has-background wp-block-paragraph\"><a href=\"https:\/\/sven-ove.nu\/\">Hem<\/a>\u00a0|\u00a0<a href=\"https:\/\/sven-ove.nu\/?page_id=170\">Om mig<\/a>\u00a0|\u00a0<a href=\"https:\/\/sven-ove.nu\/?page_id=1385\">Skriva &amp; prata<\/a>\u00a0|\u00a0<a href=\"https:\/\/sven-ove.nu\/?page_id=100\">Politik<\/a>\u00a0|\u00a0<a href=\"https:\/\/sven-ove.nu\/?page_id=102\">L\u00f6pa<\/a>\u00a0|\u00a0<a href=\"https:\/\/sven-ove.nu\/?page_id=108\">Viktor Root<\/a>\u00a0  <br>Inl\u00e4gg nr 2 122. (c) Sven-Ove Svensson (men dela g\u00e4rna).<\/p>\n","protected":false},"excerpt":{"rendered":"<p>I g\u00e5r kom den i brevl\u00e5dan, boken jag v\u00e4ntat p\u00e5. Klass i Sverige. Sverige \u00e4r fortfarande ett klassamh\u00e4lle. Klyftorna \u00e4r st\u00f6rre \u00e4n de n\u00e5gonsin varit under mitt liv. Det visste vi f\u00f6rut. Nu finns det siffror p\u00e5 saken. Under v\u00e5ren 2018 genomf\u00f6rde den fackliga tankesmedjan Katalys sin stora utredning&nbsp;Klass i Sverige. Det gjorde man tillsammans &hellip; <a href=\"https:\/\/sven-ove.nu\/?p=23272\" class=\"more-link\">Forts\u00e4tt l\u00e4sa <span class=\"screen-reader-text\">Ett Sverige d\u00e4r klyftorna v\u00e4xer och v\u00e4xer och v\u00e4xer<\/span><\/a><\/p>\n","protected":false},"author":1,"featured_media":0,"comment_status":"closed","ping_status":"open","sticky":false,"template":"","format":"standard","meta":{"_crdt_document":"","_monsterinsights_skip_tracking":false,"_monsterinsights_sitenote_active":false,"_monsterinsights_sitenote_note":"","_monsterinsights_sitenote_category":0,"footnotes":""},"categories":[28,9],"tags":[3,16,17],"class_list":["post-23272","post","type-post","status-publish","format-standard","hentry","category-kreativt-folk","category-politik","tag-arbete","tag-dumheter","tag-solidaritet"],"_links":{"self":[{"href":"https:\/\/sven-ove.nu\/index.php?rest_route=\/wp\/v2\/posts\/23272","targetHints":{"allow":["GET"]}}],"collection":[{"href":"https:\/\/sven-ove.nu\/index.php?rest_route=\/wp\/v2\/posts"}],"about":[{"href":"https:\/\/sven-ove.nu\/index.php?rest_route=\/wp\/v2\/types\/post"}],"author":[{"embeddable":true,"href":"https:\/\/sven-ove.nu\/index.php?rest_route=\/wp\/v2\/users\/1"}],"replies":[{"embeddable":true,"href":"https:\/\/sven-ove.nu\/index.php?rest_route=%2Fwp%2Fv2%2Fcomments&post=23272"}],"version-history":[{"count":34,"href":"https:\/\/sven-ove.nu\/index.php?rest_route=\/wp\/v2\/posts\/23272\/revisions"}],"predecessor-version":[{"id":23320,"href":"https:\/\/sven-ove.nu\/index.php?rest_route=\/wp\/v2\/posts\/23272\/revisions\/23320"}],"wp:attachment":[{"href":"https:\/\/sven-ove.nu\/index.php?rest_route=%2Fwp%2Fv2%2Fmedia&parent=23272"}],"wp:term":[{"taxonomy":"category","embeddable":true,"href":"https:\/\/sven-ove.nu\/index.php?rest_route=%2Fwp%2Fv2%2Fcategories&post=23272"},{"taxonomy":"post_tag","embeddable":true,"href":"https:\/\/sven-ove.nu\/index.php?rest_route=%2Fwp%2Fv2%2Ftags&post=23272"}],"curies":[{"name":"wp","href":"https:\/\/api.w.org\/{rel}","templated":true}]}}