{"id":23322,"date":"2021-01-27T04:17:00","date_gmt":"2021-01-27T03:17:00","guid":{"rendered":"http:\/\/sven-ove.nu\/?p=23322"},"modified":"2021-01-26T09:46:48","modified_gmt":"2021-01-26T08:46:48","slug":"skiljer-18-ar-i-livslangd-inom-stockholms-lan","status":"publish","type":"post","link":"https:\/\/sven-ove.nu\/?p=23322","title":{"rendered":"Det skiljer 18 \u00e5r i livsl\u00e4ngd inom Stockholms l\u00e4n"},"content":{"rendered":"\n<figure class=\"wp-block-image size-large\"><a href=\"https:\/\/sven-ove.nu\/wp-content\/uploads\/2021\/01\/Sverige-spricker.jpg\"><img loading=\"lazy\" decoding=\"async\" width=\"1024\" height=\"970\" src=\"https:\/\/sven-ove.nu\/wp-content\/uploads\/2021\/01\/Sverige-spricker-1024x970.jpg\" alt=\"\" class=\"wp-image-23326\" srcset=\"https:\/\/sven-ove.nu\/wp-content\/uploads\/2021\/01\/Sverige-spricker-1024x970.jpg 1024w, https:\/\/sven-ove.nu\/wp-content\/uploads\/2021\/01\/Sverige-spricker-300x284.jpg 300w, https:\/\/sven-ove.nu\/wp-content\/uploads\/2021\/01\/Sverige-spricker-768x728.jpg 768w, https:\/\/sven-ove.nu\/wp-content\/uploads\/2021\/01\/Sverige-spricker.jpg 1280w\" sizes=\"auto, (max-width: 1024px) 100vw, 1024px\" \/><\/a><\/figure>\n\n\n\n<blockquote class=\"wp-block-quote is-layout-flow wp-block-quote-is-layout-flow\"><p>Dagens svenska or\u00e4ttvisa:<\/p><\/blockquote>\n\n\n\n<p class=\"wp-block-paragraph\"><em>\u201dKlyftorna sk\u00e4r inte bara genom klasserna, de delar ocks\u00e5 landet. Det skiljer 23 &#8211; 24 procent mellan de l\u00e4n som har h\u00f6gst respektive l\u00e4gst medianinkomst, och det skiljer omkring 60 procent mellan de rikaste och fattigaste kommunerna. I Danderyd \u00e4r antalet barn i hush\u00e5ll som lever i varaktig fattigdom 2 procent, i Malm\u00f6 femton g\u00e5nger fler. Skillnaderna i medellivsl\u00e4ngd \u00e4r 8 \u00e5r f\u00f6r m\u00e4n (mellan Danderyd och \u00d6verkalix) och 6 \u00e5r f\u00f6r kvinnor (mellan Liding\u00f6 och \u00c5sele). Avst\u00e5ndet i livsl\u00e4ngd inom v\u00e5rt land \u00e4r d\u00e4rmed ungef\u00e4r lika stort som det mellan Sverige och Thailand. Mellan kortutbildade och h\u00f6gutbildade i de fattigaste respektive rikaste kommunerna i Stockholms l\u00e4n skiljer sig livsl\u00e4ngden s\u00e5 mycket som 18 \u00e5r. Klassamh\u00e4llet d\u00f6dar.\u201d<\/em><\/p>\n\n\n\n<p class=\"wp-block-paragraph\">Sverige spricker. <br>Klyftorna v\u00e4xer.\u00a0<\/p>\n\n\n\n<p class=\"wp-block-paragraph\"><span style=\"color:#e15e0d\" class=\"has-inline-color\">###<\/span> Citatet ur&nbsp;<a href=\"https:\/\/www.katalys.org\/publikation\/klass-i-sverige-ojamlikheten-makten-och-politiken-i-det-21a-arhundradet\/\"><strong>\u201d<span style=\"color:#4277a3\" class=\"has-inline-color\">Klass i Sverige: Oj\u00e4mlikheten, makten och politiken i det 21:a \u00e5rhundradet\u201d<\/span><\/strong><\/a>. Redakt\u00f6rer:&nbsp;Daniel Suhonen, G\u00f6ran Therborn &amp; Jesper Weithz. Arkiv f\u00f6rlag &amp; Katalys.<\/p>\n\n\n\n<p class=\"has-light-gray-background-color has-background wp-block-paragraph\"><a href=\"https:\/\/sven-ove.nu\/\">Hem<\/a>&nbsp;|&nbsp;<a href=\"https:\/\/sven-ove.nu\/?page_id=170\">Om mig<\/a>&nbsp;|&nbsp;<a href=\"https:\/\/sven-ove.nu\/?page_id=1385\">Skriva &amp; prata<\/a>&nbsp;|&nbsp;<a href=\"https:\/\/sven-ove.nu\/?page_id=100\">Politik<\/a>&nbsp;|&nbsp;<a href=\"https:\/\/sven-ove.nu\/?page_id=102\">L\u00f6pa<\/a>&nbsp;|&nbsp;<a href=\"https:\/\/sven-ove.nu\/?page_id=108\">Viktor Root<\/a>&nbsp;&nbsp;<br><em>Inl\u00e4gg nr 2 123. (c) Sven-Ove Svensson (men dela g\u00e4rna).<\/em><\/p>\n","protected":false},"excerpt":{"rendered":"<p>Dagens svenska or\u00e4ttvisa: \u201dKlyftorna sk\u00e4r inte bara genom klasserna, de delar ocks\u00e5 landet. Det skiljer 23 &#8211; 24 procent mellan de l\u00e4n som har h\u00f6gst respektive l\u00e4gst medianinkomst, och det skiljer omkring 60 procent mellan de rikaste och fattigaste kommunerna. I Danderyd \u00e4r antalet barn i hush\u00e5ll som lever i varaktig fattigdom 2 procent, i &hellip; <a href=\"https:\/\/sven-ove.nu\/?p=23322\" class=\"more-link\">Forts\u00e4tt l\u00e4sa <span class=\"screen-reader-text\">Det skiljer 18 \u00e5r i livsl\u00e4ngd inom Stockholms l\u00e4n<\/span><\/a><\/p>\n","protected":false},"author":1,"featured_media":0,"comment_status":"closed","ping_status":"open","sticky":false,"template":"","format":"standard","meta":{"_crdt_document":"","_monsterinsights_skip_tracking":false,"_monsterinsights_sitenote_active":false,"_monsterinsights_sitenote_note":"","_monsterinsights_sitenote_category":0,"footnotes":""},"categories":[28],"tags":[],"class_list":["post-23322","post","type-post","status-publish","format-standard","hentry","category-kreativt-folk"],"_links":{"self":[{"href":"https:\/\/sven-ove.nu\/index.php?rest_route=\/wp\/v2\/posts\/23322","targetHints":{"allow":["GET"]}}],"collection":[{"href":"https:\/\/sven-ove.nu\/index.php?rest_route=\/wp\/v2\/posts"}],"about":[{"href":"https:\/\/sven-ove.nu\/index.php?rest_route=\/wp\/v2\/types\/post"}],"author":[{"embeddable":true,"href":"https:\/\/sven-ove.nu\/index.php?rest_route=\/wp\/v2\/users\/1"}],"replies":[{"embeddable":true,"href":"https:\/\/sven-ove.nu\/index.php?rest_route=%2Fwp%2Fv2%2Fcomments&post=23322"}],"version-history":[{"count":6,"href":"https:\/\/sven-ove.nu\/index.php?rest_route=\/wp\/v2\/posts\/23322\/revisions"}],"predecessor-version":[{"id":23330,"href":"https:\/\/sven-ove.nu\/index.php?rest_route=\/wp\/v2\/posts\/23322\/revisions\/23330"}],"wp:attachment":[{"href":"https:\/\/sven-ove.nu\/index.php?rest_route=%2Fwp%2Fv2%2Fmedia&parent=23322"}],"wp:term":[{"taxonomy":"category","embeddable":true,"href":"https:\/\/sven-ove.nu\/index.php?rest_route=%2Fwp%2Fv2%2Fcategories&post=23322"},{"taxonomy":"post_tag","embeddable":true,"href":"https:\/\/sven-ove.nu\/index.php?rest_route=%2Fwp%2Fv2%2Ftags&post=23322"}],"curies":[{"name":"wp","href":"https:\/\/api.w.org\/{rel}","templated":true}]}}