{"id":23341,"date":"2021-01-29T04:41:00","date_gmt":"2021-01-29T03:41:00","guid":{"rendered":"http:\/\/sven-ove.nu\/?p=23341"},"modified":"2021-01-28T10:49:29","modified_gmt":"2021-01-28T09:49:29","slug":"den-svenske-arbetaren-ar-tystad-i-tv","status":"publish","type":"post","link":"https:\/\/sven-ove.nu\/?p=23341","title":{"rendered":"Den svenske arbetaren \u00e4r tystad i tv"},"content":{"rendered":"\n<figure class=\"wp-block-image size-large\"><a href=\"https:\/\/sven-ove.nu\/wp-content\/uploads\/2021\/01\/Solbuske-2.jpeg\"><img loading=\"lazy\" decoding=\"async\" width=\"1024\" height=\"682\" src=\"https:\/\/sven-ove.nu\/wp-content\/uploads\/2021\/01\/Solbuske-2-1024x682.jpeg\" alt=\"\" class=\"wp-image-23343\" srcset=\"https:\/\/sven-ove.nu\/wp-content\/uploads\/2021\/01\/Solbuske-2-1024x682.jpeg 1024w, https:\/\/sven-ove.nu\/wp-content\/uploads\/2021\/01\/Solbuske-2-300x200.jpeg 300w, https:\/\/sven-ove.nu\/wp-content\/uploads\/2021\/01\/Solbuske-2-768x512.jpeg 768w, https:\/\/sven-ove.nu\/wp-content\/uploads\/2021\/01\/Solbuske-2.jpeg 1280w\" sizes=\"auto, (max-width: 1024px) 100vw, 1024px\" \/><\/a><\/figure>\n\n\n\n<blockquote class=\"wp-block-quote is-layout-flow wp-block-quote-is-layout-flow\"><p>Dagens svenska or\u00e4ttvisa:<\/p><p>Vem f\u00e5r chansen att synas i tv i Sverige? Ja inte \u00e4r det kvinnor och m\u00e4n ur arbetarklassen. Det visar en genomg\u00e5ng i den nyutkomna boken Klass i Sverige.<\/p><\/blockquote>\n\n\n\n<p class=\"wp-block-paragraph\">Kapitlet heter talande nog&nbsp;<em>Arbetarklassens symboliska utpl\u00e5ning i medelklassens medier<\/em>&nbsp;och \u00e4r skrivet av Peter Jakobsson och Fredrik Stiernstedt.<\/p>\n\n\n\n<p class=\"wp-block-paragraph\">I unders\u00f6kningen har man tittat p\u00e5 ett representativt urval av s\u00e4ndningar fr\u00e5n de fem st\u00f6rsta kanalerna i svensk tv 2015: SVT1, SVT2, TV3, TV4 och Kanal 5. Resultatet \u00e4r dystert f\u00f6r den som tror p\u00e5 j\u00e4mlikhet \u00e4ven n\u00e4r det g\u00e4ller att ge m\u00e4nniskor r\u00f6st och erk\u00e4nnande.<\/p>\n\n\n\n<p class=\"wp-block-paragraph\"><strong>H\u00e5rd diskriminering av arbetare<\/strong><br>Upp till 51 procent av svenska folket \u00e4r arbetare, beroende p\u00e5 hur man r\u00e4knar. I tv-s\u00e4ndningarna f\u00f6rekommer arbetare bara 11 procent av tiden. Mellanskikten utg\u00f6r 29-49 procent av folket, menar f\u00f6rfattarna, men f\u00e5r hela 70 procent av tiden. Makteliten \u00e4r 1-6 procent men f\u00e5r 19 procent av s\u00e4ndningarna.&nbsp;<\/p>\n\n\n\n<p class=\"wp-block-paragraph\">I nyhetss\u00e4ndningarna visas arbetarklass 4 procent av tiden.<\/p>\n\n\n\n<p class=\"wp-block-paragraph\">Allra s\u00e4mst p\u00e5 att visa arbetare \u00e4r SVT:s b\u00e5da kanaler. D\u00e5 r\u00e4knar man alla programformer, totalt.&nbsp;<\/p>\n\n\n\n<p class=\"wp-block-paragraph\"><strong>Medelklassens \u00e4ngslan och dr\u00f6mmar<\/strong><br>Peter Jakobsson och Fredrik Stiernstedt avslutar sitt kapitel om klassamh\u00e4llet i tv s\u00e5h\u00e4r:<\/p>\n\n\n\n<p class=\"wp-block-paragraph\"><em>\u201dMedelklassens \u00e4ngslan och dr\u00f6mmar fyller medierna, medelklassm\u00e4nniskor ges en plattform att tala utifr\u00e5n, och deras oro och f\u00f6rv\u00e4ntningar p\u00e5 tillvaron bekr\u00e4ftas, samtidigt som de vardagliga och existentiella problem som f\u00f6ljer med en arbetarklasstillvaro hanteras och diskuteras p\u00e5 andra arenor, om \u00f6verhuvudtaget. Det \u00e4r dags att l\u00e5ta de tystade r\u00f6sterna ljuda i medierna och att se verkligheten ur andra perspektiv.<\/em>&#8221;<\/p>\n\n\n\n<p class=\"wp-block-paragraph\">Sverige spricker.<br>Mediebilden av oss ljuger.<\/p>\n\n\n\n<p class=\"wp-block-paragraph\"><strong>###<\/strong> Uppgifterna \u00e4r h\u00e4mtade ur&nbsp;<a href=\"https:\/\/www.katalys.org\/publikation\/klass-i-sverige-ojamlikheten-makten-och-politiken-i-det-21a-arhundradet\/\"><strong>\u201d<span style=\"color:#4277a3\" class=\"has-inline-color\">Klass i Sverige: Oj\u00e4mlikheten, makten och politiken i det 21:a \u00e5rhundradet\u201d<\/span><\/strong><\/a>. Redakt\u00f6rer:&nbsp;Daniel Suhonen, G\u00f6ran Therborn &amp; Jesper Weithz. Arkiv f\u00f6rlag &amp; Katalys.<\/p>\n\n\n\n<p class=\"has-light-gray-background-color has-background wp-block-paragraph\"><a href=\"https:\/\/sven-ove.nu\/\">Hem<\/a>&nbsp;|&nbsp;<a href=\"https:\/\/sven-ove.nu\/?page_id=170\">Om mig<\/a>&nbsp;|&nbsp;<a href=\"https:\/\/sven-ove.nu\/?page_id=1385\">Skriva &amp; prata<\/a>&nbsp;|&nbsp;<a href=\"https:\/\/sven-ove.nu\/?page_id=100\">Politik<\/a>&nbsp;|&nbsp;<a href=\"https:\/\/sven-ove.nu\/?page_id=102\">L\u00f6pa<\/a>&nbsp;|&nbsp;<a href=\"https:\/\/sven-ove.nu\/?page_id=108\">Viktor Root<\/a>&nbsp;&nbsp;<br><em>Inl\u00e4gg nr 2 125. (c) Sven-Ove Svensson (men dela g\u00e4rna).<\/em><\/p>\n","protected":false},"excerpt":{"rendered":"<p>Dagens svenska or\u00e4ttvisa: Vem f\u00e5r chansen att synas i tv i Sverige? Ja inte \u00e4r det kvinnor och m\u00e4n ur arbetarklassen. Det visar en genomg\u00e5ng i den nyutkomna boken Klass i Sverige. Kapitlet heter talande nog&nbsp;Arbetarklassens symboliska utpl\u00e5ning i medelklassens medier&nbsp;och \u00e4r skrivet av Peter Jakobsson och Fredrik Stiernstedt. I unders\u00f6kningen har man tittat p\u00e5 &hellip; <a href=\"https:\/\/sven-ove.nu\/?p=23341\" class=\"more-link\">Forts\u00e4tt l\u00e4sa <span class=\"screen-reader-text\">Den svenske arbetaren \u00e4r tystad i tv<\/span><\/a><\/p>\n","protected":false},"author":1,"featured_media":0,"comment_status":"closed","ping_status":"open","sticky":false,"template":"","format":"standard","meta":{"_crdt_document":"","_monsterinsights_skip_tracking":false,"_monsterinsights_sitenote_active":false,"_monsterinsights_sitenote_note":"","_monsterinsights_sitenote_category":0,"footnotes":""},"categories":[9,4],"tags":[3,16],"class_list":["post-23341","post","type-post","status-publish","format-standard","hentry","category-politik","category-skrivande","tag-arbete","tag-dumheter"],"_links":{"self":[{"href":"https:\/\/sven-ove.nu\/index.php?rest_route=\/wp\/v2\/posts\/23341","targetHints":{"allow":["GET"]}}],"collection":[{"href":"https:\/\/sven-ove.nu\/index.php?rest_route=\/wp\/v2\/posts"}],"about":[{"href":"https:\/\/sven-ove.nu\/index.php?rest_route=\/wp\/v2\/types\/post"}],"author":[{"embeddable":true,"href":"https:\/\/sven-ove.nu\/index.php?rest_route=\/wp\/v2\/users\/1"}],"replies":[{"embeddable":true,"href":"https:\/\/sven-ove.nu\/index.php?rest_route=%2Fwp%2Fv2%2Fcomments&post=23341"}],"version-history":[{"count":8,"href":"https:\/\/sven-ove.nu\/index.php?rest_route=\/wp\/v2\/posts\/23341\/revisions"}],"predecessor-version":[{"id":23352,"href":"https:\/\/sven-ove.nu\/index.php?rest_route=\/wp\/v2\/posts\/23341\/revisions\/23352"}],"wp:attachment":[{"href":"https:\/\/sven-ove.nu\/index.php?rest_route=%2Fwp%2Fv2%2Fmedia&parent=23341"}],"wp:term":[{"taxonomy":"category","embeddable":true,"href":"https:\/\/sven-ove.nu\/index.php?rest_route=%2Fwp%2Fv2%2Fcategories&post=23341"},{"taxonomy":"post_tag","embeddable":true,"href":"https:\/\/sven-ove.nu\/index.php?rest_route=%2Fwp%2Fv2%2Ftags&post=23341"}],"curies":[{"name":"wp","href":"https:\/\/api.w.org\/{rel}","templated":true}]}}