{"id":2335,"date":"2012-05-28T04:43:11","date_gmt":"2012-05-28T03:43:11","guid":{"rendered":"http:\/\/sven-ove.nu\/?p=2335"},"modified":"2012-05-28T04:43:12","modified_gmt":"2012-05-28T03:43:12","slug":"tungt-arbete","status":"publish","type":"post","link":"https:\/\/sven-ove.nu\/?p=2335","title":{"rendered":"Tungt arbete"},"content":{"rendered":"<p>N\u00e4r livet \u00e4r b\u00e4st \u00e4r det arbete och k\u00e4rlek. B\u00e5da \u00e4r lika viktiga, det visste redan v\u00e5ra f\u00f6rf\u00e4der j\u00e4garna och samlarna. Jag vet ju inte detta alldeles s\u00e4kert, men vem kan motbevisa mitt p\u00e5st\u00e5ende?<\/p>\n<p>Sitter inte k\u00e4rleken i v\u00e5ra gener? G\u00f6r inte lusten att jaga och samla det? Den som f\u00f6ljer sitt facebook och har n\u00e5gorlunda antal v\u00e4nner d\u00e4r, ska finna m\u00e5nga bilder fr\u00e5n jaktpasset varje \u00e5r och m\u00e5nga p\u00e5 blommor v\u00e4nnerna s\u00e5tt och buskar de planterat.<\/p>\n<p>Jag \u00e4lskar alla de bilderna. Fiskar ocks\u00e5, gl\u00f6m inte fiskarna. Detta menar jag verkligen.<\/p>\n<p><strong>Motvind?<br \/>\n<\/strong>Ibland \u00e4r det motvind i k\u00e4rlek och arbete, visst. \u00c4ven om den motvinden gudskelov r\u00e4tt s\u00e4llan syns p\u00e5 facebook. Olycklig k\u00e4rlek g\u00f6r v\u00e4sterl\u00e4ndska kulturen s\u00e5nger om eller romaner. Kr\u00e5nglet p\u00e5 jobbet blir till romaner det med, men oftare till suckar i lunchrum och vid k\u00f6ksbord d\u00e4r hemma.<\/p>\n<p>\u00c4nd\u00e5 \u00e4r det arbetet som pr\u00e4glar oss. \u201dVad jobbar du med?\u201d \u00e4r den vanligaste fr\u00e5gan, vars svar definierar oss n\u00e4r vi tr\u00e4ffar en ny medm\u00e4nniska. \u201dVem \u00e4lskar du?\u201d \u00e4r en ovanligare fr\u00e5ga, men att behovet finns beh\u00f6ver jag inte studera n\u00e4tets alla dejtingsajter f\u00f6r att f\u00f6rst\u00e5.<\/p>\n<p>Vi vill inte bara bli svettiga eller \u00e5tminstone anstr\u00e4nga oss i ett arbete. Vi vill bli kramade ocks\u00e5, av en som tycker om att g\u00f6ra det &#8211; och inte kramas bara f\u00f6r det blivit till intet f\u00f6rpliktigande h\u00e4lsningsceremoni de senaste tio \u00e5ren.<\/p>\n<p style=\"padding-left: 30px;\"><strong>Krama mig g\u00e4rna. Men \u00e4lska mig \u00e4nnu hellre.<br \/>\n<\/strong><strong>Ge mig ett arbete att producera nytta i.<br \/>\n<\/strong><strong>Tala g\u00e4rna om n\u00e4r jag \u00e4r yrkesskicklig och \u00e4lskansv\u00e4rd.<\/strong><\/p>\n<p><strong>Ny f\u00f6rm\u00e5ga p\u00e5 s\u00e5gen<br \/>\n<\/strong>En morgon p\u00e5 s\u00e5gen i Molkom kom det en ny f\u00f6rm\u00e5ga till basens kontor. Det var inte ovanligt, f\u00f6retaget och basen var gener\u00f6sa med att ge folk arbete. N\u00e4r Evert, basen, gett oss andra v\u00e5ra sysslor, vi som inte hade ordinarie arbetsst\u00e4llen att g\u00e5 till, var det bara den nya f\u00f6rm\u00e5gan kvar.<\/p>\n<p>&#8211; Du f\u00e5r g\u00e5 till sj\u00f6sorteringen och hj\u00e4lpa dom, sa Evert. B\u00e5tshake har dom vid sj\u00f6n.<\/p>\n<p>&#8211; Asch, sa den nye, och tog tag i en l\u00e5ng fyrsk\u00e4ring som l\u00e5g och skr\u00e4pade utanf\u00f6r kontoret. Kastade den fem meter upp i luften och gick. D\u00e5 f\u00e5r det vara, ropade han, med ryggen \u00e5t oss alla. Jag vill ha tungt arbete. Tungt!<\/p>\n<p>Kortare visstidsanst\u00e4llning har ingen m\u00e4nniska haft p\u00e5 Molkoms Bruk. Vi \u00e4lskade att ber\u00e4tta hans historia.<\/p>\n<p>&#8211; Tungt arbete, i dag vill jag ha tungt arbete, Evert!<\/p>\n","protected":false},"excerpt":{"rendered":"<p>N\u00e4r livet \u00e4r b\u00e4st \u00e4r det arbete och k\u00e4rlek. B\u00e5da \u00e4r lika viktiga, det visste redan v\u00e5ra f\u00f6rf\u00e4der j\u00e4garna och samlarna. Jag vet ju inte detta alldeles s\u00e4kert, men vem kan motbevisa mitt p\u00e5st\u00e5ende? Sitter inte k\u00e4rleken i v\u00e5ra gener? G\u00f6r inte lusten att jaga och samla det? Den som f\u00f6ljer sitt facebook och har &hellip; <a href=\"https:\/\/sven-ove.nu\/?p=2335\" class=\"more-link\">Forts\u00e4tt l\u00e4sa <span class=\"screen-reader-text\">Tungt arbete<\/span><\/a><\/p>\n","protected":false},"author":1,"featured_media":0,"comment_status":"open","ping_status":"open","sticky":false,"template":"","format":"standard","meta":{"_crdt_document":"","_monsterinsights_skip_tracking":false,"_monsterinsights_sitenote_active":false,"_monsterinsights_sitenote_note":"","_monsterinsights_sitenote_category":0,"footnotes":""},"categories":[1],"tags":[3,24],"class_list":["post-2335","post","type-post","status-publish","format-standard","hentry","category-uncategorized","tag-arbete","tag-karlek"],"_links":{"self":[{"href":"https:\/\/sven-ove.nu\/index.php?rest_route=\/wp\/v2\/posts\/2335","targetHints":{"allow":["GET"]}}],"collection":[{"href":"https:\/\/sven-ove.nu\/index.php?rest_route=\/wp\/v2\/posts"}],"about":[{"href":"https:\/\/sven-ove.nu\/index.php?rest_route=\/wp\/v2\/types\/post"}],"author":[{"embeddable":true,"href":"https:\/\/sven-ove.nu\/index.php?rest_route=\/wp\/v2\/users\/1"}],"replies":[{"embeddable":true,"href":"https:\/\/sven-ove.nu\/index.php?rest_route=%2Fwp%2Fv2%2Fcomments&post=2335"}],"version-history":[{"count":5,"href":"https:\/\/sven-ove.nu\/index.php?rest_route=\/wp\/v2\/posts\/2335\/revisions"}],"predecessor-version":[{"id":2344,"href":"https:\/\/sven-ove.nu\/index.php?rest_route=\/wp\/v2\/posts\/2335\/revisions\/2344"}],"wp:attachment":[{"href":"https:\/\/sven-ove.nu\/index.php?rest_route=%2Fwp%2Fv2%2Fmedia&parent=2335"}],"wp:term":[{"taxonomy":"category","embeddable":true,"href":"https:\/\/sven-ove.nu\/index.php?rest_route=%2Fwp%2Fv2%2Fcategories&post=2335"},{"taxonomy":"post_tag","embeddable":true,"href":"https:\/\/sven-ove.nu\/index.php?rest_route=%2Fwp%2Fv2%2Ftags&post=2335"}],"curies":[{"name":"wp","href":"https:\/\/api.w.org\/{rel}","templated":true}]}}