{"id":23353,"date":"2021-01-30T04:27:00","date_gmt":"2021-01-30T03:27:00","guid":{"rendered":"http:\/\/sven-ove.nu\/?p=23353"},"modified":"2021-01-28T15:34:54","modified_gmt":"2021-01-28T14:34:54","slug":"rika-man-lever-nio-ar-langre","status":"publish","type":"post","link":"https:\/\/sven-ove.nu\/?p=23353","title":{"rendered":"Rika m\u00e4n lever nio \u00e5r l\u00e4ngre"},"content":{"rendered":"\n<figure class=\"wp-block-image size-large\"><a href=\"https:\/\/sven-ove.nu\/wp-content\/uploads\/2021\/01\/Maneochis.jpg\"><img loading=\"lazy\" decoding=\"async\" width=\"633\" height=\"633\" src=\"https:\/\/sven-ove.nu\/wp-content\/uploads\/2021\/01\/Maneochis.jpg\" alt=\"\" class=\"wp-image-23354\" srcset=\"https:\/\/sven-ove.nu\/wp-content\/uploads\/2021\/01\/Maneochis.jpg 633w, https:\/\/sven-ove.nu\/wp-content\/uploads\/2021\/01\/Maneochis-300x300.jpg 300w, https:\/\/sven-ove.nu\/wp-content\/uploads\/2021\/01\/Maneochis-150x150.jpg 150w\" sizes=\"auto, (max-width: 633px) 100vw, 633px\" \/><\/a><\/figure>\n\n\n\n<blockquote class=\"wp-block-quote is-layout-flow wp-block-quote-is-layout-flow\"><p>Dagens svenska or\u00e4ttvisa:<\/p><p>Medellivsl\u00e4ngden i Sverige har utvecklats b\u00e5de bra och d\u00e5ligt. Det positiva \u00e4r att den aldrig varit s\u00e5 h\u00f6g som nu. \u00c5r 2015 levde kvinnor 84 \u00e5r och m\u00e4n 80,3 \u00e5r. Det ber\u00e4ttar Mats Wingborg i ett kapitel om klassamh\u00e4llet och d\u00f6den i boken Klass i Sverige. Men:<\/p><\/blockquote>\n\n\n\n<p class=\"wp-block-paragraph\"><em>\u201dDet negativa \u00e4r att klyftan i medellivsl\u00e4ngden har \u00f6kat mellan de 10 procent av befolkningen som tj\u00e4nar mest och de 10 procent som tj\u00e4nar minst. Bland kvinnor lever i dag den tiondel som tj\u00e4nar mest sju \u00e5r l\u00e4ngre \u00e4n den fattigaste tiondelen. F\u00f6r m\u00e4n \u00e4r motsvarande skillnad \u00e4nnu st\u00f6rre: den rikaste tiondelen lever nio \u00e5r l\u00e4ngre \u00e4n den fattigaste tiondelen.\u201d<\/em><\/p>\n\n\n\n<p class=\"wp-block-paragraph\"><strong>De har halkat efter<\/strong><br>Klassklyftorna m\u00e4tt i inkomst har f\u00e5tt st\u00f6rre betydelse f\u00f6r medellivsl\u00e4ngden. De med l\u00e4ngst inkomster har halkat efter.&nbsp;<\/p>\n\n\n\n<p class=\"wp-block-paragraph\"><\/p>\n\n\n\n<p class=\"wp-block-paragraph\"><em>\u201dI den gruppen finns arbetsl\u00f6sa och sjukskrivna, men ocks\u00e5 deltidsarbetande i l\u00e5gl\u00f6neyrken. Det handlar bland annat om undersk\u00f6terskor, butiksanst\u00e4llda och barnsk\u00f6tare.<\/em><\/p>\n\n\n\n<p class=\"wp-block-paragraph\"><em>\u00c4ven utbildningsniv\u00e5n har f\u00e5tt st\u00f6rre betydelse f\u00f6r hur l\u00e4nge m\u00e4nniskor i Sverige lever. De med eftergymnasial utbildning lever allt l\u00e4ngre j\u00e4mf\u00f6rt med de med enbart f\u00f6rgymnasial utbildning.\u201d<\/em><\/p>\n\n\n\n<p class=\"wp-block-paragraph\"><strong>En klassfr\u00e5ga<\/strong><br>Vill du leva l\u00e4nge? D\u00e5 \u00e4r inkomsten viktigast.<\/p>\n\n\n\n<p class=\"wp-block-paragraph\">Sverige spricker.<br>Din livstid \u00e4r en klassfr\u00e5ga.<\/p>\n\n\n\n<p class=\"has-dark-gray-color has-text-color wp-block-paragraph\"><strong>###<\/strong>&nbsp;Uppgifterna \u00e4r h\u00e4mtade ur&nbsp;<span style=\"color:#4277a3\" class=\"has-inline-color\"><a href=\"https:\/\/www.katalys.org\/publikation\/klass-i-sverige-ojamlikheten-makten-och-politiken-i-det-21a-arhundradet\/\"><strong>\u201dKlass i Sverige: Oj\u00e4mlikheten, makten och politiken i det 21:a \u00e5rhundradet\u201d<\/strong><\/a>.<\/span> Redakt\u00f6rer:&nbsp;Daniel Suhonen, G\u00f6ran Therborn &amp; Jesper Weithz. Arkiv f\u00f6rlag &amp; Katalys.<\/p>\n\n\n\n<p class=\"has-light-gray-background-color has-background wp-block-paragraph\"><a href=\"https:\/\/sven-ove.nu\/\">Hem<\/a>&nbsp;|&nbsp;<a href=\"https:\/\/sven-ove.nu\/?page_id=170\">Om mig<\/a>&nbsp;|&nbsp;<a href=\"https:\/\/sven-ove.nu\/?page_id=1385\">Skriva &amp; prata<\/a>&nbsp;|&nbsp;<a href=\"https:\/\/sven-ove.nu\/?page_id=100\">Politik<\/a>&nbsp;|&nbsp;<a href=\"https:\/\/sven-ove.nu\/?page_id=102\">L\u00f6pa<\/a>&nbsp;|&nbsp;<a href=\"https:\/\/sven-ove.nu\/?page_id=108\">Viktor Root<\/a>&nbsp;&nbsp;<br><em>Inl\u00e4gg nr 2 126. (c) Sven-Ove Svensson (men dela g\u00e4rna).<\/em><\/p>\n","protected":false},"excerpt":{"rendered":"<p>Dagens svenska or\u00e4ttvisa: Medellivsl\u00e4ngden i Sverige har utvecklats b\u00e5de bra och d\u00e5ligt. Det positiva \u00e4r att den aldrig varit s\u00e5 h\u00f6g som nu. \u00c5r 2015 levde kvinnor 84 \u00e5r och m\u00e4n 80,3 \u00e5r. Det ber\u00e4ttar Mats Wingborg i ett kapitel om klassamh\u00e4llet och d\u00f6den i boken Klass i Sverige. Men: \u201dDet negativa \u00e4r att klyftan &hellip; <a href=\"https:\/\/sven-ove.nu\/?p=23353\" class=\"more-link\">Forts\u00e4tt l\u00e4sa <span class=\"screen-reader-text\">Rika m\u00e4n lever nio \u00e5r l\u00e4ngre<\/span><\/a><\/p>\n","protected":false},"author":1,"featured_media":0,"comment_status":"closed","ping_status":"open","sticky":false,"template":"","format":"standard","meta":{"_crdt_document":"","_monsterinsights_skip_tracking":false,"_monsterinsights_sitenote_active":false,"_monsterinsights_sitenote_note":"","_monsterinsights_sitenote_category":0,"footnotes":""},"categories":[9],"tags":[3,38],"class_list":["post-23353","post","type-post","status-publish","format-standard","hentry","category-politik","tag-arbete","tag-klass"],"_links":{"self":[{"href":"https:\/\/sven-ove.nu\/index.php?rest_route=\/wp\/v2\/posts\/23353","targetHints":{"allow":["GET"]}}],"collection":[{"href":"https:\/\/sven-ove.nu\/index.php?rest_route=\/wp\/v2\/posts"}],"about":[{"href":"https:\/\/sven-ove.nu\/index.php?rest_route=\/wp\/v2\/types\/post"}],"author":[{"embeddable":true,"href":"https:\/\/sven-ove.nu\/index.php?rest_route=\/wp\/v2\/users\/1"}],"replies":[{"embeddable":true,"href":"https:\/\/sven-ove.nu\/index.php?rest_route=%2Fwp%2Fv2%2Fcomments&post=23353"}],"version-history":[{"count":5,"href":"https:\/\/sven-ove.nu\/index.php?rest_route=\/wp\/v2\/posts\/23353\/revisions"}],"predecessor-version":[{"id":23360,"href":"https:\/\/sven-ove.nu\/index.php?rest_route=\/wp\/v2\/posts\/23353\/revisions\/23360"}],"wp:attachment":[{"href":"https:\/\/sven-ove.nu\/index.php?rest_route=%2Fwp%2Fv2%2Fmedia&parent=23353"}],"wp:term":[{"taxonomy":"category","embeddable":true,"href":"https:\/\/sven-ove.nu\/index.php?rest_route=%2Fwp%2Fv2%2Fcategories&post=23353"},{"taxonomy":"post_tag","embeddable":true,"href":"https:\/\/sven-ove.nu\/index.php?rest_route=%2Fwp%2Fv2%2Ftags&post=23353"}],"curies":[{"name":"wp","href":"https:\/\/api.w.org\/{rel}","templated":true}]}}