{"id":2352,"date":"2012-05-31T04:00:54","date_gmt":"2012-05-31T03:00:54","guid":{"rendered":"http:\/\/sven-ove.nu\/?p=2352"},"modified":"2012-05-31T06:06:56","modified_gmt":"2012-05-31T05:06:56","slug":"lilla-talarskolan-2-sa-svarar-du-pa-floskler","status":"publish","type":"post","link":"https:\/\/sven-ove.nu\/?p=2352","title":{"rendered":"Lilla talarskolan 2, S\u00e5 svarar du p\u00e5 floskler"},"content":{"rendered":"<p>Lilla talarskolan, andra lektionen. S\u00e5 svarar du p\u00e5 floskler.<\/p>\n<p><strong> <\/strong><\/p>\n<p><strong>I min v\u00e4rld\u2026<br \/>\n<\/strong>&#8211; Du \u00e4r v\u00e4lkommen till v\u00e5r v\u00e4rld n\u00e4r du vill.<\/p>\n<p><strong>Vi prioriterar en kundfokuserad fl\u00f6desorganisation.<br \/>\n<\/strong>&#8211; Ja, vem blir inte pessn\u00f6dig ibland.<\/p>\n<p><strong>Hos oss \u00e4r alla chefer stateger.<br \/>\n<\/strong>&#8211; Detaljer \u00e4r det ingen som begriper.<\/p>\n<p><strong>Inom v\u00e5rt f\u00f6retag \u00e4r vi ledande inom\u2026<br \/>\n<\/strong>&#8211; \u2026 ja, det hoppas jag. Vi arbetar faktiskt med elstr\u00f6m.<\/p>\n<p><strong>V\u00e5rt m\u00e5l \u00e4r att ligga i frontlinjen.<br \/>\n<\/strong>&#8211; S\u00e4tt dig \u00f4pp, chefen.<\/p>\n<p><strong>Jag kan tycka att\u2026<br \/>\n<\/strong>&#8211; \u2026 kan du? Kan vi ocks\u00e5 g\u00f6ra det?<\/p>\n<p>*<\/p>\n<p>H\u00e4r \u00e4r till sist en \u00f6vning som kommer p\u00e5 floskeltentan. L\u00e4s nedanst\u00e5ende mening. Skapa sedan din egen floskelmening p\u00e5 samma s\u00e4tt:<\/p>\n<p style=\"padding-left: 30px;\"><strong>Givet en integrerad m\u00e5ls\u00e4ttning synligg\u00f6rs potentialen inom ramen f\u00f6r en samlad bed\u00f6mning.<\/strong><\/p>\n<p><strong> <\/strong><\/p>\n<p>Envisas du med att skriva svenska, fast du redan g\u00e5tt tv\u00e5 lektioner i floskelskolan? Bra. Kanske vill du skriva meningen s\u00e5 h\u00e4r?<\/p>\n<p style=\"padding-left: 30px;\"><strong>Vi vet vilka m\u00e5l och m\u00f6jligheter vi har. Nu vill vi ber\u00e4tta det f\u00f6r fler.<\/strong><\/p>\n<p><strong> <\/strong><\/p>\n<p>Vill du l\u00e4ra mer om svenska spr\u00e5kets rika f\u00f6rm\u00e5ga till floskelskapande? Vem vet, du kanske har en floskelgenerator i din n\u00e4rhet? Lyssna p\u00e5 honom. R\u00e4cker inte hans kunskaper till, s\u00e5 finns det generatorer i \u00f6verfl\u00f6d p\u00e5 internet?<\/p>\n<p>Lycka till!<\/p>\n<p>&nbsp;<\/p>\n<p><em>Pessn\u00f6dig = kissn\u00f6dig. \u00d4pp = upp. Meningen som b\u00f6rjar med Givet\u2026\u00a0 i texten ovan \u00e4r skapad av den utm\u00e4rkta <\/em><a href=\"http:\/\/textomedia.se\/svadagenerator\/\"><em>svadageneratorn<\/em><\/a><em> hos Textomedia. <\/em><\/p>\n<p><em>L\u00e4nk till <a href=\"https:\/\/sven-ove.nu\/?p=2251\">f\u00f6rsta delen av Lilla talarskolan<\/a>.<\/em><\/p>\n","protected":false},"excerpt":{"rendered":"<p>Lilla talarskolan, andra lektionen. S\u00e5 svarar du p\u00e5 floskler. I min v\u00e4rld\u2026 &#8211; Du \u00e4r v\u00e4lkommen till v\u00e5r v\u00e4rld n\u00e4r du vill. Vi prioriterar en kundfokuserad fl\u00f6desorganisation. &#8211; Ja, vem blir inte pessn\u00f6dig ibland. Hos oss \u00e4r alla chefer stateger. &#8211; Detaljer \u00e4r det ingen som begriper. Inom v\u00e5rt f\u00f6retag \u00e4r vi ledande inom\u2026 &#8211; &hellip; <a href=\"https:\/\/sven-ove.nu\/?p=2352\" class=\"more-link\">Forts\u00e4tt l\u00e4sa <span class=\"screen-reader-text\">Lilla talarskolan 2, S\u00e5 svarar du p\u00e5 floskler<\/span><\/a><\/p>\n","protected":false},"author":1,"featured_media":0,"comment_status":"open","ping_status":"open","sticky":false,"template":"","format":"standard","meta":{"_crdt_document":"","_monsterinsights_skip_tracking":false,"_monsterinsights_sitenote_active":false,"_monsterinsights_sitenote_note":"","_monsterinsights_sitenote_category":0,"footnotes":""},"categories":[4],"tags":[21,20],"class_list":["post-2352","post","type-post","status-publish","format-standard","hentry","category-skrivande","tag-ord","tag-rad"],"_links":{"self":[{"href":"https:\/\/sven-ove.nu\/index.php?rest_route=\/wp\/v2\/posts\/2352","targetHints":{"allow":["GET"]}}],"collection":[{"href":"https:\/\/sven-ove.nu\/index.php?rest_route=\/wp\/v2\/posts"}],"about":[{"href":"https:\/\/sven-ove.nu\/index.php?rest_route=\/wp\/v2\/types\/post"}],"author":[{"embeddable":true,"href":"https:\/\/sven-ove.nu\/index.php?rest_route=\/wp\/v2\/users\/1"}],"replies":[{"embeddable":true,"href":"https:\/\/sven-ove.nu\/index.php?rest_route=%2Fwp%2Fv2%2Fcomments&post=2352"}],"version-history":[{"count":7,"href":"https:\/\/sven-ove.nu\/index.php?rest_route=\/wp\/v2\/posts\/2352\/revisions"}],"predecessor-version":[{"id":2359,"href":"https:\/\/sven-ove.nu\/index.php?rest_route=\/wp\/v2\/posts\/2352\/revisions\/2359"}],"wp:attachment":[{"href":"https:\/\/sven-ove.nu\/index.php?rest_route=%2Fwp%2Fv2%2Fmedia&parent=2352"}],"wp:term":[{"taxonomy":"category","embeddable":true,"href":"https:\/\/sven-ove.nu\/index.php?rest_route=%2Fwp%2Fv2%2Fcategories&post=2352"},{"taxonomy":"post_tag","embeddable":true,"href":"https:\/\/sven-ove.nu\/index.php?rest_route=%2Fwp%2Fv2%2Ftags&post=2352"}],"curies":[{"name":"wp","href":"https:\/\/api.w.org\/{rel}","templated":true}]}}