{"id":23695,"date":"2021-04-05T04:12:00","date_gmt":"2021-04-05T03:12:00","guid":{"rendered":"http:\/\/sven-ove.nu\/?p=23695"},"modified":"2021-04-04T15:47:48","modified_gmt":"2021-04-04T14:47:48","slug":"23695","status":"publish","type":"post","link":"https:\/\/sven-ove.nu\/?p=23695","title":{"rendered":"Konstigt att jag finns"},"content":{"rendered":"\n<blockquote class=\"wp-block-quote is-layout-flow wp-block-quote-is-layout-flow\"><p>S\u00f6ndag, vaknar innan solen g\u00e5r upp. Ligger i s\u00e4ngen och l\u00e4ser om sl\u00e4ktleden f\u00f6re mig, om Sven, bonden som gav oss v\u00e5rt efternamn. Vi \u00e4r dessutom fyra i f\u00f6ljd som b\u00e4r hans f\u00f6rnamn, fast inte alla fick det som tilltal.<\/p><\/blockquote>\n\n\n\n<figure class=\"wp-block-image size-large is-resized is-style-default\"><a href=\"https:\/\/sven-ove.nu\/wp-content\/uploads\/2021\/04\/Flackebo.png\"><img loading=\"lazy\" decoding=\"async\" src=\"https:\/\/sven-ove.nu\/wp-content\/uploads\/2021\/04\/Flackebo.png\" alt=\"\" class=\"wp-image-23700\" width=\"583\" height=\"520\" srcset=\"https:\/\/sven-ove.nu\/wp-content\/uploads\/2021\/04\/Flackebo.png 442w, https:\/\/sven-ove.nu\/wp-content\/uploads\/2021\/04\/Flackebo-300x267.png 300w\" sizes=\"auto, (max-width: 583px) 100vw, 583px\" \/><\/a><\/figure>\n\n\n\n<p class=\"wp-block-paragraph\">Tre generationer kyrkv\u00e4rdar bland f\u00f6rf\u00e4derna. Tre Ericar p\u00e5 rad, tv\u00e5 av dem hette Eric Ersson. Tv\u00e5 Anderss\u00f6ner i rad f\u00f6re det.<\/p>\n\n\n\n<p class=\"wp-block-paragraph\">Namn staplas p\u00e5 namn, odlarm\u00f6da f\u00f6ljer p\u00e5 odlarm\u00f6da.<\/p>\n\n\n\n<p class=\"wp-block-paragraph\">Den tidigaste anfader min sl\u00e4ktforskande kusin hittat f\u00f6ddes 1639, troligen i Hassmyra by i V\u00e4stmanland. Han gifte sig med en kvinna fr\u00e5n grannbyn Gussj\u00f6 tv\u00e5 kilometer bort. D\u00e4r mellan byarna vandrade sl\u00e4kten i flera generationer f\u00f6r att fria. Tv\u00e5 kilometer dit, tv\u00e5 kilometer tillbaka, nya sl\u00e4ktled v\u00e4xte upp och klev ut p\u00e5 \u00e5kern. Nya f\u00e5ror att pl\u00f6ja, nya h\u00f6lass att f\u00e5 in under tak innan regnet kommer.<\/p>\n\n\n\n<figure class=\"wp-block-image size-large is-resized is-style-default\"><a href=\"https:\/\/sven-ove.nu\/wp-content\/uploads\/2021\/04\/Farfar-1.jpg\"><img loading=\"lazy\" decoding=\"async\" src=\"https:\/\/sven-ove.nu\/wp-content\/uploads\/2021\/04\/Farfar-1-660x1024.jpg\" alt=\"\" class=\"wp-image-23703\" width=\"165\" height=\"256\" srcset=\"https:\/\/sven-ove.nu\/wp-content\/uploads\/2021\/04\/Farfar-1-660x1024.jpg 660w, https:\/\/sven-ove.nu\/wp-content\/uploads\/2021\/04\/Farfar-1-193x300.jpg 193w, https:\/\/sven-ove.nu\/wp-content\/uploads\/2021\/04\/Farfar-1-768x1192.jpg 768w, https:\/\/sven-ove.nu\/wp-content\/uploads\/2021\/04\/Farfar-1.jpg 871w\" sizes=\"auto, (max-width: 165px) 100vw, 165px\" \/><\/a><\/figure>\n\n\n\n<p class=\"wp-block-paragraph\"><strong>L\u00e4rde mig mycket<\/strong><br>Det \u00e4r tack vare de d\u00e4r h\u00f6lassen och vandringarna jag sj\u00e4lv finns till. Nu g\u00e5r jag upp, s\u00e4tter p\u00e5 kaffe och b\u00f6rjar l\u00e4sa om kvinnorna. Hittar henne vars man kom vandrande en annan v\u00e4g till en annan by. Farfar gick genom skogen till grannsocknen. Friarstigen heter den i sl\u00e4ktens minne.<\/p>\n\n\n\n<p class=\"wp-block-paragraph\">Nu hittar \u00e4ven jag henne, v\u00e4ster om skogen. Farmor som l\u00e4rde mig s\u00e5 mycket, min \u00e4lskade farmor Gerda. Att det fanns flera generationer indelta soldater bland hennes anor, det ber\u00e4ttade hon d\u00e4remot aldrig. Hur \u00f6verlevde de 1700-talet, landet var ju i krig?<\/p>\n\n\n\n<p class=\"wp-block-paragraph\">Konstigt att jag finns.<\/p>\n\n\n\n<p class=\"wp-block-paragraph\"><em><span style=\"color:#e15e0d\" class=\"has-inline-color\">###<\/span> Sl\u00e4ktforskning kan vara s\u00e5 mycket. Nu klickar jag fram kartan \u00f6ver Fl\u00e4ckebo f\u00f6rsamling, hittar Gussj\u00f6 by. Tv\u00e5 kilometer \u00e5t sydv\u00e4st i jordbrukslandskapet hamnar jag i Hassmyra.&nbsp;<\/em><br><em><span style=\"color:#e15e0d\" class=\"has-inline-color\">###<\/span> Jag \u00f6ppnar tj\u00e4nsten som min mobil kallar Street view. D\u00e5 b\u00f6rjar en smal och prydlig asfaltv\u00e4g slingra sig fram genom bygden som inlandsisen och f\u00f6rf\u00e4derna skapade.<\/em><br><em><span style=\"color:#e15e0d\" class=\"has-inline-color\">###<\/span> VL:s h\u00e5llplats heter just Hassmyra, st\u00e5r det p\u00e5 skylten. Bredvid asfaltkurvorna breder v\u00e4lsk\u00f6tta \u00e5krar ut sig. R\u00f6da stugor, nyklippta gr\u00e4smattor.<\/em><br><em><span style=\"color:#e15e0d\" class=\"has-inline-color\">###<\/span> Undrar vilken tomt Anders Andersson bodde p\u00e5 f\u00f6r snart 400 \u00e5r sedan? I min mobil lever han \u00e4n och har just gift sig med sin Brita.<\/em><\/p>\n\n\n\n<p class=\"wp-block-paragraph\"><em>Tack till kusin Sven-\u00c5ke som forskat fram v\u00e5ra anor.<\/em><\/p>\n\n\n\n<p class=\"has-light-gray-background-color has-background wp-block-paragraph\"><a href=\"https:\/\/sven-ove.nu\/\">Hem<\/a>&nbsp;|&nbsp;<a href=\"https:\/\/sven-ove.nu\/?page_id=170\">Om mig<\/a>&nbsp;|&nbsp;<a href=\"https:\/\/sven-ove.nu\/?page_id=1385\">Skriva &amp; prata<\/a>&nbsp;|&nbsp;<a href=\"https:\/\/sven-ove.nu\/?page_id=100\">Politik<\/a>&nbsp;|&nbsp;<a href=\"https:\/\/sven-ove.nu\/?page_id=102\">L\u00f6pa<\/a>&nbsp;|&nbsp;<a href=\"https:\/\/sven-ove.nu\/?page_id=108\">Viktor Root<\/a>&nbsp;&nbsp;<br><em>Inl\u00e4gg nr 2 143. (c) Sven-Ove Svensson (men dela g\u00e4rna).<\/em><\/p>\n","protected":false},"excerpt":{"rendered":"<p>S\u00f6ndag, vaknar innan solen g\u00e5r upp. Ligger i s\u00e4ngen och l\u00e4ser om sl\u00e4ktleden f\u00f6re mig, om Sven, bonden som gav oss v\u00e5rt efternamn. Vi \u00e4r dessutom fyra i f\u00f6ljd som b\u00e4r hans f\u00f6rnamn, fast inte alla fick det som tilltal. Tre generationer kyrkv\u00e4rdar bland f\u00f6rf\u00e4derna. Tre Ericar p\u00e5 rad, tv\u00e5 av dem hette Eric Ersson. &hellip; <a href=\"https:\/\/sven-ove.nu\/?p=23695\" class=\"more-link\">Forts\u00e4tt l\u00e4sa <span class=\"screen-reader-text\">Konstigt att jag finns<\/span><\/a><\/p>\n","protected":false},"author":1,"featured_media":0,"comment_status":"closed","ping_status":"open","sticky":false,"template":"","format":"standard","meta":{"_crdt_document":"","_monsterinsights_skip_tracking":false,"_monsterinsights_sitenote_active":false,"_monsterinsights_sitenote_note":"","_monsterinsights_sitenote_category":0,"footnotes":""},"categories":[10],"tags":[3,8,24],"class_list":["post-23695","post","type-post","status-publish","format-standard","hentry","category-familjen","tag-arbete","tag-historia","tag-karlek"],"_links":{"self":[{"href":"https:\/\/sven-ove.nu\/index.php?rest_route=\/wp\/v2\/posts\/23695","targetHints":{"allow":["GET"]}}],"collection":[{"href":"https:\/\/sven-ove.nu\/index.php?rest_route=\/wp\/v2\/posts"}],"about":[{"href":"https:\/\/sven-ove.nu\/index.php?rest_route=\/wp\/v2\/types\/post"}],"author":[{"embeddable":true,"href":"https:\/\/sven-ove.nu\/index.php?rest_route=\/wp\/v2\/users\/1"}],"replies":[{"embeddable":true,"href":"https:\/\/sven-ove.nu\/index.php?rest_route=%2Fwp%2Fv2%2Fcomments&post=23695"}],"version-history":[{"count":8,"href":"https:\/\/sven-ove.nu\/index.php?rest_route=\/wp\/v2\/posts\/23695\/revisions"}],"predecessor-version":[{"id":23709,"href":"https:\/\/sven-ove.nu\/index.php?rest_route=\/wp\/v2\/posts\/23695\/revisions\/23709"}],"wp:attachment":[{"href":"https:\/\/sven-ove.nu\/index.php?rest_route=%2Fwp%2Fv2%2Fmedia&parent=23695"}],"wp:term":[{"taxonomy":"category","embeddable":true,"href":"https:\/\/sven-ove.nu\/index.php?rest_route=%2Fwp%2Fv2%2Fcategories&post=23695"},{"taxonomy":"post_tag","embeddable":true,"href":"https:\/\/sven-ove.nu\/index.php?rest_route=%2Fwp%2Fv2%2Ftags&post=23695"}],"curies":[{"name":"wp","href":"https:\/\/api.w.org\/{rel}","templated":true}]}}