{"id":23711,"date":"2021-04-14T04:34:00","date_gmt":"2021-04-14T03:34:00","guid":{"rendered":"http:\/\/sven-ove.nu\/?p=23711"},"modified":"2021-04-13T22:35:49","modified_gmt":"2021-04-13T21:35:49","slug":"de-sa-det-inte-men-de-levde-det","status":"publish","type":"post","link":"https:\/\/sven-ove.nu\/?p=23711","title":{"rendered":"De sa det inte men de levde det"},"content":{"rendered":"\n<figure class=\"wp-block-image size-large is-style-default\"><a href=\"https:\/\/sven-ove.nu\/wp-content\/uploads\/2021\/04\/Forstakapan.jpg\"><img loading=\"lazy\" decoding=\"async\" width=\"609\" height=\"543\" src=\"https:\/\/sven-ove.nu\/wp-content\/uploads\/2021\/04\/Forstakapan.jpg\" alt=\"\" class=\"wp-image-23712\" srcset=\"https:\/\/sven-ove.nu\/wp-content\/uploads\/2021\/04\/Forstakapan.jpg 609w, https:\/\/sven-ove.nu\/wp-content\/uploads\/2021\/04\/Forstakapan-300x267.jpg 300w\" sizes=\"auto, (max-width: 609px) 100vw, 609px\" \/><\/a><\/figure>\n\n\n\n<blockquote class=\"wp-block-quote is-layout-flow wp-block-quote-is-layout-flow\"><p>N\u00e4r jag jobbade p\u00e5 s\u00e5gen i Molkom n\u00e5gra \u00e5r p\u00e5 1960- och 1970-talen l\u00e4rde jag mig en sak av erfarnare arbetskamrater, en generation \u00e4ldre \u00e4n jag:<\/p><p>Det \u00e4r f\u00f6rst n\u00e4r vi till\u00e5ter individen att vara individ &#8211; inom kollektivet &#8211; som kollektivet blir starkt.<\/p><\/blockquote>\n\n\n\n<p class=\"wp-block-paragraph\">De sa det inte men de levde det, i all sin individualitet mitt i lagarbetet.<\/p>\n\n\n\n<p class=\"wp-block-paragraph\">S\u00e5 har jag t\u00e4nkt sedan dess och alltid f\u00e5tt det styrkt, n\u00e4r vi jobbat r\u00e4tt. Vare sig det g\u00e4llt p\u00e5 jobbet, inom idrotten eller kulturen.&nbsp;<\/p>\n\n\n\n<p class=\"wp-block-paragraph\">Jag ser ingen skillnad p\u00e5 samh\u00e4llet i stort. Det \u00e4r inte kl\u00e4derna som avg\u00f6r, inte hur sk\u00e4ra vi blir n\u00e4r solen skiner p\u00e5 oss eller vilken musik vi f\u00f6r tillf\u00e4llet tycker om.<\/p>\n\n\n\n<p class=\"wp-block-paragraph\">Det \u00e4r hur v\u00e4l vi fattar att olikheten berikar.<\/p>\n\n\n\n<p class=\"has-light-gray-background-color has-background wp-block-paragraph\"><a href=\"https:\/\/sven-ove.nu\/\">Hem<\/a>&nbsp;|&nbsp;<a href=\"https:\/\/sven-ove.nu\/?page_id=170\">Om mig<\/a>&nbsp;|&nbsp;<a href=\"https:\/\/sven-ove.nu\/?page_id=1385\">Skriva &amp; prata<\/a>&nbsp;|&nbsp;<a href=\"https:\/\/sven-ove.nu\/?page_id=100\">Politik<\/a>&nbsp;|&nbsp;<a href=\"https:\/\/sven-ove.nu\/?page_id=102\">L\u00f6pa<\/a>&nbsp;|&nbsp;<a href=\"https:\/\/sven-ove.nu\/?page_id=108\">Viktor Root<\/a>&nbsp;&nbsp;<br><em>Inl\u00e4gg nr 2 144. (c) Sven-Ove Svensson (men dela g\u00e4rna).<\/em><\/p>\n","protected":false},"excerpt":{"rendered":"<p>N\u00e4r jag jobbade p\u00e5 s\u00e5gen i Molkom n\u00e5gra \u00e5r p\u00e5 1960- och 1970-talen l\u00e4rde jag mig en sak av erfarnare arbetskamrater, en generation \u00e4ldre \u00e4n jag: Det \u00e4r f\u00f6rst n\u00e4r vi till\u00e5ter individen att vara individ &#8211; inom kollektivet &#8211; som kollektivet blir starkt. De sa det inte men de levde det, i all sin &hellip; <a href=\"https:\/\/sven-ove.nu\/?p=23711\" class=\"more-link\">Forts\u00e4tt l\u00e4sa <span class=\"screen-reader-text\">De sa det inte men de levde det<\/span><\/a><\/p>\n","protected":false},"author":1,"featured_media":0,"comment_status":"closed","ping_status":"open","sticky":false,"template":"","format":"standard","meta":{"_crdt_document":"","_monsterinsights_skip_tracking":false,"_monsterinsights_sitenote_active":false,"_monsterinsights_sitenote_note":"","_monsterinsights_sitenote_category":0,"footnotes":""},"categories":[28],"tags":[3],"class_list":["post-23711","post","type-post","status-publish","format-standard","hentry","category-kreativt-folk","tag-arbete"],"_links":{"self":[{"href":"https:\/\/sven-ove.nu\/index.php?rest_route=\/wp\/v2\/posts\/23711","targetHints":{"allow":["GET"]}}],"collection":[{"href":"https:\/\/sven-ove.nu\/index.php?rest_route=\/wp\/v2\/posts"}],"about":[{"href":"https:\/\/sven-ove.nu\/index.php?rest_route=\/wp\/v2\/types\/post"}],"author":[{"embeddable":true,"href":"https:\/\/sven-ove.nu\/index.php?rest_route=\/wp\/v2\/users\/1"}],"replies":[{"embeddable":true,"href":"https:\/\/sven-ove.nu\/index.php?rest_route=%2Fwp%2Fv2%2Fcomments&post=23711"}],"version-history":[{"count":2,"href":"https:\/\/sven-ove.nu\/index.php?rest_route=\/wp\/v2\/posts\/23711\/revisions"}],"predecessor-version":[{"id":23714,"href":"https:\/\/sven-ove.nu\/index.php?rest_route=\/wp\/v2\/posts\/23711\/revisions\/23714"}],"wp:attachment":[{"href":"https:\/\/sven-ove.nu\/index.php?rest_route=%2Fwp%2Fv2%2Fmedia&parent=23711"}],"wp:term":[{"taxonomy":"category","embeddable":true,"href":"https:\/\/sven-ove.nu\/index.php?rest_route=%2Fwp%2Fv2%2Fcategories&post=23711"},{"taxonomy":"post_tag","embeddable":true,"href":"https:\/\/sven-ove.nu\/index.php?rest_route=%2Fwp%2Fv2%2Ftags&post=23711"}],"curies":[{"name":"wp","href":"https:\/\/api.w.org\/{rel}","templated":true}]}}