{"id":23997,"date":"2021-06-20T04:30:00","date_gmt":"2021-06-20T03:30:00","guid":{"rendered":"http:\/\/sven-ove.nu\/?p=23997"},"modified":"2021-06-19T23:07:50","modified_gmt":"2021-06-19T22:07:50","slug":"bra-att-nagon-tar-ansvar-for-sverige","status":"publish","type":"post","link":"https:\/\/sven-ove.nu\/?p=23997","title":{"rendered":"Bra att n\u00e5gon tar ansvar f\u00f6r Sverige"},"content":{"rendered":"\n<figure class=\"wp-block-image size-large\"><a href=\"https:\/\/sven-ove.nu\/wp-content\/uploads\/2021\/06\/Ljusochmorker.jpeg\"><img loading=\"lazy\" decoding=\"async\" width=\"575\" height=\"635\" src=\"https:\/\/sven-ove.nu\/wp-content\/uploads\/2021\/06\/Ljusochmorker.jpeg\" alt=\"\" class=\"wp-image-23998\" srcset=\"https:\/\/sven-ove.nu\/wp-content\/uploads\/2021\/06\/Ljusochmorker.jpeg 575w, https:\/\/sven-ove.nu\/wp-content\/uploads\/2021\/06\/Ljusochmorker-272x300.jpeg 272w\" sizes=\"auto, (max-width: 575px) 100vw, 575px\" \/><\/a><\/figure>\n\n\n\n<blockquote class=\"wp-block-quote is-layout-flow wp-block-quote-is-layout-flow\"><p>Alla finns inte p\u00e5 Facebook och dessutom vill jag dokumentera. S\u00e5 h\u00e4r \u00e4r n\u00e5gra inl\u00e4gg och kommentarer jag gjort de senaste dagarna:<\/p><\/blockquote>\n\n\n\n<p class=\"has-bright-blue-color has-text-color wp-block-paragraph\">###<\/p>\n\n\n\n<p class=\"wp-block-paragraph\"><em>Bra att n\u00e5gon tar ansvar f\u00f6r Sverige. Vi ska inte ha ett land d\u00e4r den svenska modellen \u00e4r helt bortitok bortreglerad.<\/em><\/p>\n\n\n\n<p class=\"has-bright-blue-color has-text-color wp-block-paragraph\">###<\/p>\n\n\n\n<p class=\"wp-block-paragraph\"><em>L\u00f6fven sa senast i dag att han hedrar januari\u00f6verenskommelsen. Tydligare kan det inte s\u00e4gas.<\/em><\/p>\n\n\n\n<p class=\"wp-block-paragraph\"><em>\u201d44. Reformera hyresmodellen. Fri hyress\u00e4ttning vid nybyggnation inf\u00f6rs.\u201d<\/em><\/p>\n\n\n\n<p class=\"has-bright-blue-color has-text-color wp-block-paragraph\">###<\/p>\n\n\n\n<p class=\"wp-block-paragraph\"><em>L\u00f6fven vill forts\u00e4tta den nyliberala avregleringen med att inf\u00f6ra fri hyress\u00e4ttning p\u00e5 nyproducerade bost\u00e4der. Inte direkt n\u00e5gon klassisk socialdemokratisk politik som Tage Erlander skulle drivit. Jag k\u00e4nner garvade socialdemokrater som hela tiden tyckt att det var fel att tr\u00e4ffa januari\u00f6verenskommelsen. Fr\u00e5gan \u00e4r om inte de har r\u00e4tt. Det \u00e4r b\u00e4ttre att ett parti vill vad det g\u00f6r \u00e4n g\u00f6r vad andra vill. Kompromisser \u00e4r n\u00f6dv\u00e4ndiga ibland men det finns alltid en gr\u00e4ns &#8211; d\u00e4r partiet s\u00e4ljer sin sj\u00e4l.<\/em><\/p>\n\n\n\n<p class=\"has-bright-blue-color has-text-color wp-block-paragraph\">###<\/p>\n\n\n\n<figure class=\"wp-block-image size-large is-resized\"><a href=\"https:\/\/sven-ove.nu\/wp-content\/uploads\/2021\/06\/Marknadshyrorsuck.jpeg\"><img loading=\"lazy\" decoding=\"async\" src=\"https:\/\/sven-ove.nu\/wp-content\/uploads\/2021\/06\/Marknadshyrorsuck.jpeg\" alt=\"\" class=\"wp-image-24009\" width=\"482\" height=\"467\" srcset=\"https:\/\/sven-ove.nu\/wp-content\/uploads\/2021\/06\/Marknadshyrorsuck.jpeg 827w, https:\/\/sven-ove.nu\/wp-content\/uploads\/2021\/06\/Marknadshyrorsuck-300x291.jpeg 300w, https:\/\/sven-ove.nu\/wp-content\/uploads\/2021\/06\/Marknadshyrorsuck-768x746.jpeg 768w\" sizes=\"auto, (max-width: 482px) 100vw, 482px\" \/><\/a><\/figure>\n\n\n\n<p class=\"wp-block-paragraph\"><\/p>\n\n\n\n<p class=\"has-bright-blue-color has-text-color wp-block-paragraph\">###<\/p>\n\n\n\n<p class=\"wp-block-paragraph\"><em>Under decennier har socialdemokratin vant sig vid att V\u00e4nsterpartiet och dess f\u00f6reg\u00e5ngare st\u00e4llt upp som v\u00e4nliga p\u00e5drivare och yttersta garanter. Ofta utan att V f\u00e5tt n\u00e5got inflytande tillbaka.<\/em><\/p>\n\n\n\n<p class=\"wp-block-paragraph\"><em>Har detta sk\u00e4mt bort det stora partiet? Har det bidragit till arrogans och politisk lomh\u00f6rdhet?<\/em><\/p>\n\n\n\n<p class=\"wp-block-paragraph\"><em>Somliga kommentarer de senaste dagarna tyder p\u00e5 det.<\/em><\/p>\n\n\n\n<p class=\"has-bright-blue-color has-text-color wp-block-paragraph\">###<\/p>\n\n\n\n<p class=\"wp-block-paragraph\"><em>Till er socialdemokratiska v\u00e4nner som kommenterat. Jag respekterar er \u00e5sikt, som alltid. Det \u00e4r bara det att jag personligen tycker det vore fel att tolerera den nuvarande regeringen n\u00e4r Stefan L\u00f6fven fortfarande deklarerar att han vill hedra punkt 44 i januari\u00f6verenskommelsen. Fri hyress\u00e4ttning i nyproduktion.<\/em><\/p>\n\n\n\n<p class=\"wp-block-paragraph\"><em>Fel \u00e4r ocks\u00e5 att kr\u00e4va av ett parti &#8211; som man uttryckligen skriver ska nekas inflytande &#8211; att det ska l\u00e4gga sig platt och acceptera vilka villkor som helst.&nbsp;<\/em><\/p>\n\n\n\n<p class=\"wp-block-paragraph\"><em>Trevlig helg, v\u00e4nner!<\/em><\/p>\n\n\n\n<p class=\"has-bright-blue-color has-text-color wp-block-paragraph\">###<\/p>\n\n\n\n<p class=\"wp-block-paragraph\">D\u00e4r \u00e4r det slut p\u00e5 citaten.&nbsp;Med det konstiga ordet &#8221;bortreglerad&#8221; menar jag att d\u00e5 \u00e4r alla bra regleringar borttagna.<\/p>\n\n\n\n<p class=\"has-dark-gray-color has-text-color wp-block-paragraph\">### Det finns inga d\u00f6rrmattor i svensk politik l\u00e4ngre.<br>### Fast om jag ville vara elak skulle jag s\u00e4ga att Annie L\u00f6\u00f6f har en som ligger platt inf\u00f6r punkt 44.<br>### Det vill jag inte.<\/p>\n\n\n\n<p class=\"has-light-gray-background-color has-background wp-block-paragraph\"><a href=\"https:\/\/sven-ove.nu\/\">Hem<\/a>&nbsp;|&nbsp;<a href=\"https:\/\/sven-ove.nu\/?page_id=170\">Om mig<\/a>&nbsp;|&nbsp;<a href=\"https:\/\/sven-ove.nu\/?page_id=1385\">Skriva &amp; prata<\/a>&nbsp;|&nbsp;<a href=\"https:\/\/sven-ove.nu\/?page_id=100\">Politik<\/a>&nbsp;|&nbsp;<a href=\"https:\/\/sven-ove.nu\/?page_id=102\">L\u00f6pa<\/a>&nbsp;|&nbsp;<a href=\"https:\/\/sven-ove.nu\/?page_id=108\">Viktor Root<\/a>&nbsp;&nbsp;<br><em>Inl\u00e4gg nr 2 158. (c) Sven-Ove Svensson (men dela g\u00e4rna).<\/em><\/p>\n","protected":false},"excerpt":{"rendered":"<p>Alla finns inte p\u00e5 Facebook och dessutom vill jag dokumentera. S\u00e5 h\u00e4r \u00e4r n\u00e5gra inl\u00e4gg och kommentarer jag gjort de senaste dagarna: ### Bra att n\u00e5gon tar ansvar f\u00f6r Sverige. Vi ska inte ha ett land d\u00e4r den svenska modellen \u00e4r helt bortitok bortreglerad. ### L\u00f6fven sa senast i dag att han hedrar januari\u00f6verenskommelsen. Tydligare &hellip; <a href=\"https:\/\/sven-ove.nu\/?p=23997\" class=\"more-link\">Forts\u00e4tt l\u00e4sa <span class=\"screen-reader-text\">Bra att n\u00e5gon tar ansvar f\u00f6r Sverige<\/span><\/a><\/p>\n","protected":false},"author":1,"featured_media":0,"comment_status":"closed","ping_status":"open","sticky":false,"template":"","format":"standard","meta":{"_crdt_document":"","_monsterinsights_skip_tracking":false,"_monsterinsights_sitenote_active":false,"_monsterinsights_sitenote_note":"","_monsterinsights_sitenote_category":0,"footnotes":""},"categories":[9],"tags":[16],"class_list":["post-23997","post","type-post","status-publish","format-standard","hentry","category-politik","tag-dumheter"],"_links":{"self":[{"href":"https:\/\/sven-ove.nu\/index.php?rest_route=\/wp\/v2\/posts\/23997","targetHints":{"allow":["GET"]}}],"collection":[{"href":"https:\/\/sven-ove.nu\/index.php?rest_route=\/wp\/v2\/posts"}],"about":[{"href":"https:\/\/sven-ove.nu\/index.php?rest_route=\/wp\/v2\/types\/post"}],"author":[{"embeddable":true,"href":"https:\/\/sven-ove.nu\/index.php?rest_route=\/wp\/v2\/users\/1"}],"replies":[{"embeddable":true,"href":"https:\/\/sven-ove.nu\/index.php?rest_route=%2Fwp%2Fv2%2Fcomments&post=23997"}],"version-history":[{"count":12,"href":"https:\/\/sven-ove.nu\/index.php?rest_route=\/wp\/v2\/posts\/23997\/revisions"}],"predecessor-version":[{"id":24016,"href":"https:\/\/sven-ove.nu\/index.php?rest_route=\/wp\/v2\/posts\/23997\/revisions\/24016"}],"wp:attachment":[{"href":"https:\/\/sven-ove.nu\/index.php?rest_route=%2Fwp%2Fv2%2Fmedia&parent=23997"}],"wp:term":[{"taxonomy":"category","embeddable":true,"href":"https:\/\/sven-ove.nu\/index.php?rest_route=%2Fwp%2Fv2%2Fcategories&post=23997"},{"taxonomy":"post_tag","embeddable":true,"href":"https:\/\/sven-ove.nu\/index.php?rest_route=%2Fwp%2Fv2%2Ftags&post=23997"}],"curies":[{"name":"wp","href":"https:\/\/api.w.org\/{rel}","templated":true}]}}