{"id":24020,"date":"2021-06-30T04:52:00","date_gmt":"2021-06-30T03:52:00","guid":{"rendered":"http:\/\/sven-ove.nu\/?p=24020"},"modified":"2021-06-29T14:18:22","modified_gmt":"2021-06-29T13:18:22","slug":"jag-oppnar-sallan-andra-delen","status":"publish","type":"post","link":"https:\/\/sven-ove.nu\/?p=24020","title":{"rendered":"Jag \u00f6ppnar s\u00e4llan andra delen"},"content":{"rendered":"\n<figure class=\"wp-block-image size-large is-resized\"><a href=\"https:\/\/sven-ove.nu\/wp-content\/uploads\/2021\/06\/Delar-1.jpeg\"><img loading=\"lazy\" decoding=\"async\" src=\"https:\/\/sven-ove.nu\/wp-content\/uploads\/2021\/06\/Delar-1-1024x887.jpeg\" alt=\"\" class=\"wp-image-24024\" width=\"582\" height=\"504\" srcset=\"https:\/\/sven-ove.nu\/wp-content\/uploads\/2021\/06\/Delar-1-1024x887.jpeg 1024w, https:\/\/sven-ove.nu\/wp-content\/uploads\/2021\/06\/Delar-1-300x260.jpeg 300w, https:\/\/sven-ove.nu\/wp-content\/uploads\/2021\/06\/Delar-1-768x665.jpeg 768w, https:\/\/sven-ove.nu\/wp-content\/uploads\/2021\/06\/Delar-1.jpeg 1108w\" sizes=\"auto, (max-width: 582px) 100vw, 582px\" \/><\/a><\/figure>\n\n\n\n<blockquote class=\"wp-block-quote is-layout-flow wp-block-quote-is-layout-flow\"><p>\u00c4r jag sportintresserad? Ja.<br>\u00c4r jag intresserad av tidningarnas sportbevakning? Nja.<\/p><\/blockquote>\n\n\n\n<p class=\"wp-block-paragraph\">Det \u00e4r med viss f\u00f6rv\u00e5ning jag skriver det sista. Nyss var vi 13 \u00e5r, killarna i klassen och jag, och h\u00f6ll fr\u00e5gesport varenda dag. \u201dV\u00e4rldsrekordet i h\u00f6jd? Valerij Brumel, 2.28\u201d. \u201d1 500 meter? Herb Elliot, 3.35,6\u201d. \u201d100 meter? Armin Hary och Harry Jerome, 10 blankt.\u201d <\/p>\n\n\n\n<p class=\"wp-block-paragraph\">Vi var vandrande uppslagsverk i friidrottsrekord, idrottsm\u00e4n och medalj\u00f6rer.&nbsp;Nu vet jag inte ens vad svenska rekordet i marathon \u00e4r. Kan det vara 2.10?<\/p>\n\n\n\n<p class=\"wp-block-paragraph\"><strong>Det blir f\u00f6r mycket<\/strong><br>Min v\u00e4n J skriver p\u00e5 Facebook om \u201ddessa o\u00e4ndliga artiklar om F\u00e4rjestads lagbygge\u201d i V\u00e4rmlands Folkblad. \u201dTj\u00e4nar F\u00e4rjestad p\u00e5 att ha sin personalpolitik inf\u00f6r \u00f6ppen rid\u00e5?\u201d<\/p>\n\n\n\n<p class=\"wp-block-paragraph\">Tre sidor om en av spelarna h\u00e4romdagen, \u00e4r det f\u00f6r mycket? fr\u00e5gar J. Ja det \u00e4r det, svarar han sj\u00e4lv.<\/p>\n\n\n\n<p class=\"wp-block-paragraph\">Personligen gillar jag sport men har blivit evenemangstittare. Just nu f\u00f6ljer jag allts\u00e5 fotbolls-EM intensivt och har skaffat Aftonbladets EM-bibel. I b\u00f6rjan blev det tre matcher om dagen i tv-soffan. Med eller utan kort slummer.<\/p>\n\n\n\n<p class=\"wp-block-paragraph\">Som om tid funnes.<\/p>\n\n\n\n<p class=\"wp-block-paragraph\"><strong>Missar de goda kr\u00f6nikorna<\/strong><br>\u00c4nd\u00e5 l\u00e4ser jag i princip ingenting om EM i n\u00e5gon tidning. Det \u00e4r samma sak med mitt hockeylag, F\u00e4rjestads BK. Nog h\u00e5ller jag p\u00e5 laget men jag trivs d\u00e5ligt med all massiv FBK-bevakning i min dagstidning.&nbsp;<\/p>\n\n\n\n<p class=\"wp-block-paragraph\">F\u00f6r mig har det g\u00e5tt s\u00e5 l\u00e5ngt att jag oftast missar de intressanta allm\u00e4nkr\u00f6nik\u00f6rerna i Folkbladet. Det lustiga \u00e4r att det i sin tur beror p\u00e5 att jag tror att de ligger i del tv\u00e5, som jag s\u00e4llan \u00f6ppnar.<\/p>\n\n\n\n<p class=\"wp-block-paragraph\">De&nbsp;<em>har<\/em>&nbsp;gjort det.<br>Det g\u00f6r de inte nu, uppt\u00e4ckte jag n\u00e4r jag kollade fakta till det h\u00e4r inl\u00e4gget.<\/p>\n\n\n\n<p class=\"wp-block-paragraph\">Mitt s\u00e4tt att l\u00e4sa morgontidningen har f\u00f6rst\u00e4rkts av att jag numera mest l\u00e4ser digitala VF. Vi har papperstidningen ocks\u00e5, tog tillbaka den, men d\u00e4r bl\u00e4ddrar jag s\u00e4llan s\u00e4rskilt l\u00e5ngt in mot mitten.<\/p>\n\n\n\n<p class=\"wp-block-paragraph\">I b\u00e5da fallen har jag ju redan l\u00e4st huvudnyheterna dagen innan p\u00e5 n\u00e4tet.&nbsp;<\/p>\n\n\n\n<p class=\"wp-block-paragraph\"><strong>De tror s\u00e4kert p\u00e5\u2019t<\/strong><br>Folkbladet och andra dagstidningar har f\u00f6rst\u00e5s gjort sina l\u00e4sarunders\u00f6kningar. Vi f\u00e5r hoppas att de vet vad de g\u00f6r. Att de tror att deras l\u00e4sare intensivt vill att n\u00e5gra f\u00e5 stora idrotter och lag ska prioriteras stenh\u00e5rt, p\u00e5 bekostnad av de sm\u00e5. Kanske \u00e4r det d\u00e4rf\u00f6r vi ser s\u00e5 f\u00e5 arbetsplatsreportage i tidningarna nuf\u00f6rtiden ocks\u00e5. Eller aldrig st\u00f6ter p\u00e5 titeln facklig reporter. Det har med m\u00e4nniskosynen att g\u00f6ra, medvetet eller omedvetet.<\/p>\n\n\n\n<p class=\"wp-block-paragraph\">Sj\u00e4lv \u00e4r jag skeptisk.&nbsp;<\/p>\n\n\n\n<p class=\"wp-block-paragraph\">D\u00e5 h\u00f6r det \u00e4nd\u00e5 till saken att jag som kulturintresserad alltid har pekat p\u00e5 sportredaktionerna och sagt att de f\u00f6rm\u00e5r skildra vardagen, inte bara festen; tr\u00e4ningen, inte bara finalen. Till skillnad fr\u00e5n kulturreportrarna.<\/p>\n\n\n\n<p class=\"wp-block-paragraph\">Detta \u00e4r en paradox, jag vet. Hantverket kan de.&nbsp;<br>Fast sportsidesintresserad \u00e4r jag inte.<\/p>\n\n\n\n<p class=\"has-text-color wp-block-paragraph\" style=\"color:#ec7f0b\"><em><strong>###<\/strong> Gr\u00e4vande reporter som jag \u00e4r s\u00e5 kontrollerar jag som sagt. D\u00e5 inser jag att allm\u00e4nkr\u00f6nik\u00f6rerna visst ligger i del ett &#8211; men l\u00e5ngt bak. Hoppsan.<\/em><br><em><strong>###<\/strong> Vad hj\u00e4lper det n\u00e4r den h\u00e4r l\u00e4saren t-r-o-r att de ligger i skugga i del tv\u00e5, f\u00f6r det gjorde de f\u00f6r n\u00e5got \u00e5r sedan. Tidningsl\u00e4sare \u00e4r ett konservativt folkslag.<\/em><br><em><strong>###<\/strong> N\u00e4r jag sj\u00e4lv skrev kr\u00f6nikor i Folkbladet l\u00e5g jag p\u00e5 sidan 3, b\u00e4sta platsen. Visserligen strax intill den beg\u00e5vade kr\u00f6nik\u00f6ren J\u00f6rgen Kalitzki i innerspalten bredvid. Det f\u00e5r man leva med \ud83d\ude09<\/em><\/p>\n\n\n\n<p class=\"wp-block-paragraph\"><strong>Ut i solen med dom!<\/strong><br>Den h\u00e4r betraktelsen handlar om tv\u00e5 saker. Om sportsidornas prioritering. Om att l\u00e4gga intressant material i l\u00e4sskugga.<\/p>\n\n\n\n<p class=\"wp-block-paragraph\">Det sista f\u00e5r jag fundera vidare kring. P\u00e5 Journalisth\u00f6gskolan pratade vi mycket om bilders riktningsverkan och om att man kan r\u00e5ka g\u00f6mma texter i skuggan bakom en felriktad bild. (Det problemet var f\u00f6rst\u00e5s st\u00f6rre innan morgontidningarna blev tabloider). Men uppfattade, icke uts\u00e4nda skuggor, det var nytt.&nbsp;<\/p>\n\n\n\n<p class=\"wp-block-paragraph\">Digitalv\u00e4rlden g\u00f6r m\u00e5nga av dessa skuggor djupare, om redaktionerna inte jobbar r\u00e4tt. Varf\u00f6r puffar inte min tidning b\u00e4ttre f\u00f6r kr\u00f6nik\u00f6rerna p\u00e5 Facebook och p\u00e5 webbplatsen?&nbsp;<\/p>\n\n\n\n<p class=\"wp-block-paragraph\">Ut i solen med dom, vet jag.<\/p>\n\n\n\n<p class=\"has-light-gray-background-color has-background wp-block-paragraph\"><a href=\"https:\/\/sven-ove.nu\/\">Hem<\/a>&nbsp;|&nbsp;<a href=\"https:\/\/sven-ove.nu\/?page_id=170\">Om mig<\/a>&nbsp;|&nbsp;<a href=\"https:\/\/sven-ove.nu\/?page_id=1385\">Skriva &amp; prata<\/a>&nbsp;|&nbsp;<a href=\"https:\/\/sven-ove.nu\/?page_id=100\">Politik<\/a>&nbsp;|&nbsp;<a href=\"https:\/\/sven-ove.nu\/?page_id=102\">L\u00f6pa<\/a>&nbsp;|&nbsp;<a href=\"https:\/\/sven-ove.nu\/?page_id=108\">Viktor Root<\/a>&nbsp;&nbsp;<br><em>Inl\u00e4gg nr 2 160. (c) Sven-Ove Svensson (men dela g\u00e4rna).<\/em><\/p>\n","protected":false},"excerpt":{"rendered":"<p>\u00c4r jag sportintresserad? Ja.\u00c4r jag intresserad av tidningarnas sportbevakning? Nja. Det \u00e4r med viss f\u00f6rv\u00e5ning jag skriver det sista. Nyss var vi 13 \u00e5r, killarna i klassen och jag, och h\u00f6ll fr\u00e5gesport varenda dag. \u201dV\u00e4rldsrekordet i h\u00f6jd? Valerij Brumel, 2.28\u201d. \u201d1 500 meter? Herb Elliot, 3.35,6\u201d. \u201d100 meter? Armin Hary och Harry Jerome, 10 blankt.\u201d &hellip; <a href=\"https:\/\/sven-ove.nu\/?p=24020\" class=\"more-link\">Forts\u00e4tt l\u00e4sa <span class=\"screen-reader-text\">Jag \u00f6ppnar s\u00e4llan andra delen<\/span><\/a><\/p>\n","protected":false},"author":1,"featured_media":0,"comment_status":"closed","ping_status":"open","sticky":false,"template":"","format":"standard","meta":{"_crdt_document":"","_monsterinsights_skip_tracking":false,"_monsterinsights_sitenote_active":false,"_monsterinsights_sitenote_note":"","_monsterinsights_sitenote_category":0,"footnotes":""},"categories":[28,4],"tags":[16,14,40],"class_list":["post-24020","post","type-post","status-publish","format-standard","hentry","category-kreativt-folk","category-skrivande","tag-dumheter","tag-lasning","tag-lopning"],"_links":{"self":[{"href":"https:\/\/sven-ove.nu\/index.php?rest_route=\/wp\/v2\/posts\/24020","targetHints":{"allow":["GET"]}}],"collection":[{"href":"https:\/\/sven-ove.nu\/index.php?rest_route=\/wp\/v2\/posts"}],"about":[{"href":"https:\/\/sven-ove.nu\/index.php?rest_route=\/wp\/v2\/types\/post"}],"author":[{"embeddable":true,"href":"https:\/\/sven-ove.nu\/index.php?rest_route=\/wp\/v2\/users\/1"}],"replies":[{"embeddable":true,"href":"https:\/\/sven-ove.nu\/index.php?rest_route=%2Fwp%2Fv2%2Fcomments&post=24020"}],"version-history":[{"count":14,"href":"https:\/\/sven-ove.nu\/index.php?rest_route=\/wp\/v2\/posts\/24020\/revisions"}],"predecessor-version":[{"id":24041,"href":"https:\/\/sven-ove.nu\/index.php?rest_route=\/wp\/v2\/posts\/24020\/revisions\/24041"}],"wp:attachment":[{"href":"https:\/\/sven-ove.nu\/index.php?rest_route=%2Fwp%2Fv2%2Fmedia&parent=24020"}],"wp:term":[{"taxonomy":"category","embeddable":true,"href":"https:\/\/sven-ove.nu\/index.php?rest_route=%2Fwp%2Fv2%2Fcategories&post=24020"},{"taxonomy":"post_tag","embeddable":true,"href":"https:\/\/sven-ove.nu\/index.php?rest_route=%2Fwp%2Fv2%2Ftags&post=24020"}],"curies":[{"name":"wp","href":"https:\/\/api.w.org\/{rel}","templated":true}]}}