{"id":24042,"date":"2021-07-02T04:12:00","date_gmt":"2021-07-02T03:12:00","guid":{"rendered":"http:\/\/sven-ove.nu\/?p=24042"},"modified":"2021-07-01T14:20:27","modified_gmt":"2021-07-01T13:20:27","slug":"den-tvarilske-gubben-mellan-alvsborg-och-brukmon","status":"publish","type":"post","link":"https:\/\/sven-ove.nu\/?p=24042","title":{"rendered":"Den tv\u00e4rilskne gubben mellan \u00c4lvsborg och Brukmon"},"content":{"rendered":"\n<figure class=\"wp-block-image size-large\"><a href=\"https:\/\/sven-ove.nu\/wp-content\/uploads\/2021\/07\/Almarkarta.jpeg\"><img loading=\"lazy\" decoding=\"async\" width=\"950\" height=\"573\" src=\"https:\/\/sven-ove.nu\/wp-content\/uploads\/2021\/07\/Almarkarta.jpeg\" alt=\"\" class=\"wp-image-24043\" srcset=\"https:\/\/sven-ove.nu\/wp-content\/uploads\/2021\/07\/Almarkarta.jpeg 950w, https:\/\/sven-ove.nu\/wp-content\/uploads\/2021\/07\/Almarkarta-300x181.jpeg 300w, https:\/\/sven-ove.nu\/wp-content\/uploads\/2021\/07\/Almarkarta-768x463.jpeg 768w\" sizes=\"auto, (max-width: 950px) 100vw, 950px\" \/><\/a><\/figure>\n\n\n\n<p class=\"wp-block-paragraph\">Ibland f\u00e5r man doftminnen av en text. Lars Ask som \u00e4r v\u00e4n till en v\u00e4n fick se ett foto jag lagt ut. D\u00e5 skrev han och ber\u00e4ttade om badplatsen p\u00e5 bilden. Hans ungdoms Hasseldalen vid L\u00e5ngsj\u00f6n i Grums kommun:<\/p>\n\n\n\n<p class=\"wp-block-paragraph\"><em>&#8221;Jag cyklade iv\u00e4g med en blandning av sp\u00e4nning och trygghet i kroppen. Den av lutbilen nylutade grusv\u00e4gens doft p\u00e5minde mig om sommaren innan och gav en frihetsk\u00e4nsla l\u00e5ngt in i benm\u00e4rgen.\u201d<\/em><\/p>\n\n\n\n<p class=\"wp-block-paragraph\">I texten ber\u00e4ttade han om Tom Jones, Rolling Stones och Beatles i jukeboxen vid serveringen. Om John Silver utan och Philip Morris med filter. Om att cykla en halvmil dit och en halvmil hem, f\u00f6r att f\u00e5 reda p\u00e5 om n\u00e5gon ville spela fotboll senare p\u00e5 kv\u00e4llen.&nbsp;<\/p>\n\n\n\n<p class=\"wp-block-paragraph\"><em>\u201dSvaret nej var inte s\u00e5 kul d\u00e5!\u201d<\/em><\/p>\n\n\n\n<figure class=\"wp-block-image size-large is-resized\"><a href=\"https:\/\/sven-ove.nu\/wp-content\/uploads\/2021\/07\/Hasseldalen.jpeg\"><img loading=\"lazy\" decoding=\"async\" src=\"https:\/\/sven-ove.nu\/wp-content\/uploads\/2021\/07\/Hasseldalen-1024x1024.jpeg\" alt=\"\" class=\"wp-image-24046\" width=\"409\" height=\"409\" srcset=\"https:\/\/sven-ove.nu\/wp-content\/uploads\/2021\/07\/Hasseldalen-1024x1024.jpeg 1024w, https:\/\/sven-ove.nu\/wp-content\/uploads\/2021\/07\/Hasseldalen-300x300.jpeg 300w, https:\/\/sven-ove.nu\/wp-content\/uploads\/2021\/07\/Hasseldalen-150x150.jpeg 150w, https:\/\/sven-ove.nu\/wp-content\/uploads\/2021\/07\/Hasseldalen-768x768.jpeg 768w, https:\/\/sven-ove.nu\/wp-content\/uploads\/2021\/07\/Hasseldalen.jpeg 1440w\" sizes=\"auto, (max-width: 409px) 100vw, 409px\" \/><\/a><figcaption><em>Bilden jag lade ut.<\/em><\/figcaption><\/figure>\n\n\n\n<p class=\"wp-block-paragraph\"><strong>F\u00f6rst lutbilen, sedan vi ungar<\/strong><br>Nylutad grusv\u00e4g. Det \u00e4r de orden som f\u00e5r mitt minne att dofta ig\u00e5ng. Norr om Karlstad, precis \u00f6ster om Klar\u00e4lven, ligger g\u00e5rden Almar. D\u00e4r levde jag mina f\u00f6rsta \u00e5r, ett j\u00e4mfotahopp fr\u00e5n grusv\u00e4gen mellan staden och bruksorterna norrut.<\/p>\n\n\n\n<p class=\"wp-block-paragraph\">V\u00e4g 720 \u00e4r asfalterad nu. N\u00e5gon g\u00e5ng mot slutet av 1950-talet fick den oljegrus till att b\u00f6rja med. Men innan dess var den en vanlig grusv\u00e4g, alldeles lagom l\u00e5ng mellan \u00e4ventyr och \u00e4ventyr. Varje sommar kom en tankbil full med lut och sprutade v\u00e4gen fuktig f\u00f6r att binda dammet. Efter lutbilen kom vi ungar cyklande i flock f\u00f6r att k\u00e4nna den k\u00e4rva doften och se lutet ligga kvar i p\u00f6lar h\u00e4r och var.<\/p>\n\n\n\n<p class=\"wp-block-paragraph\">&#8211; D\u00e4\u2019 fr\u00e5\u2019 Skoghall, lute\u2019, sa de stora pojkarna. Fr\u00e5\u2019 bruke\u2019. R\u00f6r\u2019t inte, d\u00e4\u2019 fa\u2019litt!<br>R\u00f6r inte lutet, det \u00e4r farligt. Det fr\u00e4ter.<\/p>\n\n\n\n<p class=\"wp-block-paragraph\"><strong>Hur g\u00f6r man v\u00e4glut?<\/strong><br>En g\u00e5ng lurade pojkarna mig. Jag hade missat lutbilen men de hade ett f\u00f6rslag. \u00c5k bort till st\u00e4llet mellan \u00c4lvsborg och Brukmon, det \u00e4r d\u00e4r dom g\u00f6r i ordning lutet. \u00c5k dit, det \u00e4r v\u00e4ldigt roligt att se.<\/p>\n\n\n\n<p class=\"wp-block-paragraph\">Sj\u00e4lvklart vill man veta hur v\u00e4glut blir till. Jag var inte s\u00e5 gammal. Fort upp p\u00e5 cykeln och iv\u00e4g. Efter n\u00e5gra minuter var jag framme och styrde in p\u00e5 g\u00e5rdsplanen framf\u00f6r ett stort r\u00f6tt uthus. D\u00e4r fanns inte en enda lutbil s\u00e5 l\u00e5ngt sex\u00e5ringen kunde se. D\u00e4remot kom det en tv\u00e4rilsk gubbe i sina argaste \u00e5r studsande gr\u00e4smattan fram.<\/p>\n\n\n\n<p class=\"wp-block-paragraph\">&#8211; Jas\u00e5, du kommer tillbaka din j\u00e4vel. Ge dig iv\u00e4g h\u00e4rifr\u00e5n innan jag sl\u00e5r dig f\u00f6rd\u00e4rvad! skrek han. Allt m\u00f6jligt s\u00e5dant skrek han.<\/p>\n\n\n\n<p class=\"wp-block-paragraph\"><strong>Haft s\u00f6nder hans rutor<\/strong><br>N\u00e5gon hade pangat rutorna p\u00e5 hans uthus. Nu trodde han det var jag som hade gjort det. Jag har aldrig pangat en ruta p\u00e5 flit i hela mitt liv, fortfarande inte vid 70 \u00e5rs \u00e5lder. Det kunde ju inte han veta.&nbsp;<\/p>\n\n\n\n<p class=\"wp-block-paragraph\">Gr\u00e5tande cyklade jag hem och ber\u00e4ttade f\u00f6r mamma och pappa. Pappa tog traktorn och for bort till den ettrige. Vad som sas d\u00e4r vet jag inte.<\/p>\n\n\n\n<p class=\"wp-block-paragraph\">Jag undrade i flera m\u00e5nader vem som hade kastat sten p\u00e5 gubbens rutor. Hur kunde det slumpa sig s\u00e5, att det hade skett vid just den g\u00e5rdsplanen som pojkarna tipsade om?&nbsp;<\/p>\n\n\n\n<p class=\"wp-block-paragraph\">Varje g\u00e5ng jag k\u00e4nner doften av lut t\u00e4nker jag p\u00e5 arga gubbar, trasiga f\u00f6nsterrutor och p\u00e5 en traktor som startar.&nbsp;<\/p>\n\n\n\n<p class=\"wp-block-paragraph\"><strong><em>###<\/em><\/strong><em>&nbsp;Kommer jag till min ungdoms Mangenbaden visar jag p\u00e5 huset d\u00e4r jag h\u00f6rde Stones-l\u00e5ten Satisfaction f\u00f6rsta g\u00e5ngen.&nbsp;<\/em><br><strong><em>###&nbsp;<\/em><\/strong><em>D\u00e4r fanns det ocks\u00e5 en jukebox.&nbsp;<\/em><br><strong><em>###&nbsp;<\/em><\/strong><em>Jag hade alltid f\u00f6r ont om pengar f\u00f6r att spela.<\/em><\/p>\n\n\n\n<p class=\"has-light-gray-background-color has-background wp-block-paragraph\"><a href=\"https:\/\/sven-ove.nu\/\">Hem<\/a>&nbsp;|&nbsp;<a href=\"https:\/\/sven-ove.nu\/?page_id=170\">Om mig<\/a>&nbsp;|&nbsp;<a href=\"https:\/\/sven-ove.nu\/?page_id=1385\">Skriva &amp; prata<\/a>&nbsp;|&nbsp;<a href=\"https:\/\/sven-ove.nu\/?page_id=100\">Politik<\/a>&nbsp;|&nbsp;<a href=\"https:\/\/sven-ove.nu\/?page_id=102\">L\u00f6pa<\/a>&nbsp;|&nbsp;<a href=\"https:\/\/sven-ove.nu\/?page_id=108\">Viktor Root<\/a>&nbsp;&nbsp;<br><em>Inl\u00e4gg nr 2 161. (c) Sven-Ove Svensson (men dela g\u00e4rna).<\/em><\/p>\n","protected":false},"excerpt":{"rendered":"<p>Ibland f\u00e5r man doftminnen av en text. Lars Ask som \u00e4r v\u00e4n till en v\u00e4n fick se ett foto jag lagt ut. D\u00e5 skrev han och ber\u00e4ttade om badplatsen p\u00e5 bilden. Hans ungdoms Hasseldalen vid L\u00e5ngsj\u00f6n i Grums kommun: &#8221;Jag cyklade iv\u00e4g med en blandning av sp\u00e4nning och trygghet i kroppen. Den av lutbilen nylutade &hellip; <a href=\"https:\/\/sven-ove.nu\/?p=24042\" class=\"more-link\">Forts\u00e4tt l\u00e4sa <span class=\"screen-reader-text\">Den tv\u00e4rilskne gubben mellan \u00c4lvsborg och Brukmon<\/span><\/a><\/p>\n","protected":false},"author":1,"featured_media":0,"comment_status":"closed","ping_status":"open","sticky":false,"template":"","format":"standard","meta":{"_crdt_document":"","_monsterinsights_skip_tracking":false,"_monsterinsights_sitenote_active":false,"_monsterinsights_sitenote_note":"","_monsterinsights_sitenote_category":0,"footnotes":""},"categories":[10,28],"tags":[8],"class_list":["post-24042","post","type-post","status-publish","format-standard","hentry","category-familjen","category-kreativt-folk","tag-historia"],"_links":{"self":[{"href":"https:\/\/sven-ove.nu\/index.php?rest_route=\/wp\/v2\/posts\/24042","targetHints":{"allow":["GET"]}}],"collection":[{"href":"https:\/\/sven-ove.nu\/index.php?rest_route=\/wp\/v2\/posts"}],"about":[{"href":"https:\/\/sven-ove.nu\/index.php?rest_route=\/wp\/v2\/types\/post"}],"author":[{"embeddable":true,"href":"https:\/\/sven-ove.nu\/index.php?rest_route=\/wp\/v2\/users\/1"}],"replies":[{"embeddable":true,"href":"https:\/\/sven-ove.nu\/index.php?rest_route=%2Fwp%2Fv2%2Fcomments&post=24042"}],"version-history":[{"count":7,"href":"https:\/\/sven-ove.nu\/index.php?rest_route=\/wp\/v2\/posts\/24042\/revisions"}],"predecessor-version":[{"id":24053,"href":"https:\/\/sven-ove.nu\/index.php?rest_route=\/wp\/v2\/posts\/24042\/revisions\/24053"}],"wp:attachment":[{"href":"https:\/\/sven-ove.nu\/index.php?rest_route=%2Fwp%2Fv2%2Fmedia&parent=24042"}],"wp:term":[{"taxonomy":"category","embeddable":true,"href":"https:\/\/sven-ove.nu\/index.php?rest_route=%2Fwp%2Fv2%2Fcategories&post=24042"},{"taxonomy":"post_tag","embeddable":true,"href":"https:\/\/sven-ove.nu\/index.php?rest_route=%2Fwp%2Fv2%2Ftags&post=24042"}],"curies":[{"name":"wp","href":"https:\/\/api.w.org\/{rel}","templated":true}]}}