{"id":2406,"date":"2012-06-07T04:00:06","date_gmt":"2012-06-07T03:00:06","guid":{"rendered":"http:\/\/sven-ove.nu\/?p=2406"},"modified":"2012-06-06T10:22:19","modified_gmt":"2012-06-06T09:22:19","slug":"i-en-tallbacke-pa-nattskarrans-hed","status":"publish","type":"post","link":"https:\/\/sven-ove.nu\/?p=2406","title":{"rendered":"I en tallbacke p\u00e5 nattsk\u00e4rrans hed"},"content":{"rendered":"<p>Vi blir fyra personer i bilen, p\u00e5 v\u00e4g till tallheden som inlandsisen skapade. A som \u00e4r 85 \u00e5r \u00e4r \u00e4ldst, men han \u00e4r den som h\u00f6r f\u00e5glarna b\u00e4st ska det visa sig.<\/p>\n<p>Klockan \u00e4r tio p\u00e5 kv\u00e4llen n\u00e4r vi kommer fram. Sista tv\u00e5hundra meterna g\u00e5r vi. Kryssar mellan sandv\u00e4gens vattenp\u00f6lar, sl\u00e5r oss ner i lingonriset under en tall. D\u00e4r ligger jag i sluttningen och tittar upp mot molnen medan f\u00f6rsommarnattens ljus blir bara aningen m\u00f6rkare.<\/p>\n<p><a href=\"https:\/\/sven-ove.nu\/wp-content\/uploads\/2012\/06\/I-v\u00e4ntan-p\u00e5-nattsk\u00e4rran1.jpg\"><img loading=\"lazy\" decoding=\"async\" class=\"alignright size-medium wp-image-2409\" title=\"I v\u00e4ntan p\u00e5 nattsk\u00e4rran\" src=\"https:\/\/sven-ove.nu\/wp-content\/uploads\/2012\/06\/I-v\u00e4ntan-p\u00e5-nattsk\u00e4rran1-300x200.jpg\" alt=\"\" width=\"300\" height=\"200\" srcset=\"https:\/\/sven-ove.nu\/wp-content\/uploads\/2012\/06\/I-v\u00e4ntan-p\u00e5-nattsk\u00e4rran1-300x200.jpg 300w, https:\/\/sven-ove.nu\/wp-content\/uploads\/2012\/06\/I-v\u00e4ntan-p\u00e5-nattsk\u00e4rran1-1024x682.jpg 1024w\" sizes=\"auto, (max-width: 300px) 100vw, 300px\" \/><\/a>F\u00f6rst kommer morkullan. Varv efter varv patrullerar hon av luftrummet. Visslar, orpar och ber\u00e4ttar att hon vill leva vidare. Det vill g\u00f6ken ocks\u00e5, p\u00e5pekar han. Flera stycken g\u00f6kar gal. Borta fr\u00e5n den n\u00e4rmaste tj\u00e4rnen ropar en lom, A h\u00f6r den f\u00f6rst. Vi lyssnar till vemodet som h\u00e4lsar oss i natten.<\/p>\n<p>Fyra m\u00e4nniskor, tysta i v\u00e5r sluttning. B\u00e4ttrar p\u00e5 med myggstiftet en aning. Tar s\u00e5 sm\u00e5ningom fram kaffet och sm\u00f6rg\u00e5sarna. Aldrig smakar kaffe b\u00e4ttre \u00e4n halv elva p\u00e5 kv\u00e4llen i en tallbacke p\u00e5 nattsk\u00e4rrans hed. Taltrastarna f\u00f6rs\u00f6ker st\u00e4nga dagen, men det \u00e4r inte l\u00e4tt i det nordiska ljuset. Borta vid sj\u00f6n n\u00e5gonstans skriar tranorna.<\/p>\n<p>Fyra m\u00e4nniskor, tysta.<br \/>\nTysta l\u00e4nge.<\/p>\n<p style=\"padding-left: 30px;\"><strong>A h\u00f6r det f\u00f6rst. Ja, h\u00f6r, d\u00e4r \u00e4r det! Det magiska surret, som en v\u00e4rml\u00e4ndsk cikada men inte riktigt. Snart kommer nattsk\u00e4rran n\u00e4rmare. Nu \u2013 ser jag f\u00e5geln! H\u00f6gt p\u00e5 en gren p\u00e5 en torraka sitter hanen. Spelar upp det l\u00e4te han \u00e4r helt ensam om, bland allt det som lever i min v\u00e4rld.<\/strong><\/p>\n<p>Det blir en magisk natt igen. I fjol var f\u00f6rsta g\u00e5ngen, i natt en bra repris. I kikaren ser jag hur han lyfter fr\u00e5n grenen, klatschar ihop med vingarna ovanf\u00f6r kroppen p\u00e5 det karakt\u00e4ristiska nattsk\u00e4rreviset. Lycka! Inte undra p\u00e5 att folk trodde p\u00e5 oknytt f\u00f6rr, med r\u00f6ster som lommen och sk\u00e4rran i natten. Magiskt!<\/p>\n<p>&#8211; Nu fl\u00f6g han bort\u00e5t hygget. Ska vi f\u00f6rs\u00f6ka ta oss n\u00e4rmare?<\/p>\n<p>Ja, det g\u00f6r vi.<\/p>\n<p style=\"padding-left: 30px;\">&nbsp;<\/p>\n<p style=\"padding-left: 30px;\"><em>H\u00e4r \u00e4r en film p\u00e5 youtube, fr\u00e5n en annan <\/em><a href=\"http:\/\/www.youtube.com\/watch?v=UDmpL6P3Djg\"><em>nattsk\u00e4rresk\u00e5dare<\/em><\/a><em>. Jag tycker han har f\u00e5ngat b\u00e5de f\u00e5geln och k\u00e4nslan v\u00e4l.<\/em><\/p>\n","protected":false},"excerpt":{"rendered":"<p>Vi blir fyra personer i bilen, p\u00e5 v\u00e4g till tallheden som inlandsisen skapade. A som \u00e4r 85 \u00e5r \u00e4r \u00e4ldst, men han \u00e4r den som h\u00f6r f\u00e5glarna b\u00e4st ska det visa sig. Klockan \u00e4r tio p\u00e5 kv\u00e4llen n\u00e4r vi kommer fram. Sista tv\u00e5hundra meterna g\u00e5r vi. Kryssar mellan sandv\u00e4gens vattenp\u00f6lar, sl\u00e5r oss ner i lingonriset &hellip; <a href=\"https:\/\/sven-ove.nu\/?p=2406\" class=\"more-link\">Forts\u00e4tt l\u00e4sa <span class=\"screen-reader-text\">I en tallbacke p\u00e5 nattsk\u00e4rrans hed<\/span><\/a><\/p>\n","protected":false},"author":1,"featured_media":0,"comment_status":"open","ping_status":"open","sticky":false,"template":"","format":"standard","meta":{"_crdt_document":"","_monsterinsights_skip_tracking":false,"_monsterinsights_sitenote_active":false,"_monsterinsights_sitenote_note":"","_monsterinsights_sitenote_category":0,"footnotes":""},"categories":[10,6],"tags":[7,26],"class_list":["post-2406","post","type-post","status-publish","format-standard","hentry","category-familjen","category-natur","tag-miljo","tag-natur-2"],"_links":{"self":[{"href":"https:\/\/sven-ove.nu\/index.php?rest_route=\/wp\/v2\/posts\/2406","targetHints":{"allow":["GET"]}}],"collection":[{"href":"https:\/\/sven-ove.nu\/index.php?rest_route=\/wp\/v2\/posts"}],"about":[{"href":"https:\/\/sven-ove.nu\/index.php?rest_route=\/wp\/v2\/types\/post"}],"author":[{"embeddable":true,"href":"https:\/\/sven-ove.nu\/index.php?rest_route=\/wp\/v2\/users\/1"}],"replies":[{"embeddable":true,"href":"https:\/\/sven-ove.nu\/index.php?rest_route=%2Fwp%2Fv2%2Fcomments&post=2406"}],"version-history":[{"count":4,"href":"https:\/\/sven-ove.nu\/index.php?rest_route=\/wp\/v2\/posts\/2406\/revisions"}],"predecessor-version":[{"id":2412,"href":"https:\/\/sven-ove.nu\/index.php?rest_route=\/wp\/v2\/posts\/2406\/revisions\/2412"}],"wp:attachment":[{"href":"https:\/\/sven-ove.nu\/index.php?rest_route=%2Fwp%2Fv2%2Fmedia&parent=2406"}],"wp:term":[{"taxonomy":"category","embeddable":true,"href":"https:\/\/sven-ove.nu\/index.php?rest_route=%2Fwp%2Fv2%2Fcategories&post=2406"},{"taxonomy":"post_tag","embeddable":true,"href":"https:\/\/sven-ove.nu\/index.php?rest_route=%2Fwp%2Fv2%2Ftags&post=2406"}],"curies":[{"name":"wp","href":"https:\/\/api.w.org\/{rel}","templated":true}]}}