{"id":24092,"date":"2021-07-14T04:43:00","date_gmt":"2021-07-14T03:43:00","guid":{"rendered":"http:\/\/sven-ove.nu\/?p=24092"},"modified":"2021-07-13T07:49:55","modified_gmt":"2021-07-13T06:49:55","slug":"pekbildens-aterkomst","status":"publish","type":"post","link":"https:\/\/sven-ove.nu\/?p=24092","title":{"rendered":"Pekbildens \u00e5terkomst"},"content":{"rendered":"\n<figure class=\"wp-block-image size-large is-resized\"><a href=\"https:\/\/sven-ove.nu\/wp-content\/uploads\/2021\/07\/Pekbild.jpg\"><img loading=\"lazy\" decoding=\"async\" src=\"https:\/\/sven-ove.nu\/wp-content\/uploads\/2021\/07\/Pekbild.jpg\" alt=\"\" class=\"wp-image-24094\" width=\"314\" height=\"277\" srcset=\"https:\/\/sven-ove.nu\/wp-content\/uploads\/2021\/07\/Pekbild.jpg 767w, https:\/\/sven-ove.nu\/wp-content\/uploads\/2021\/07\/Pekbild-300x264.jpg 300w\" sizes=\"auto, (max-width: 314px) 100vw, 314px\" \/><\/a><\/figure>\n\n\n\n<p class=\"wp-block-paragraph\"><\/p>\n\n\n\n<p class=\"wp-block-paragraph\">F\u00f6r en tid sedan undrade jag var forna tiders pekbilder tagit v\u00e4gen. D\u00e5 kom svaret. \u00c4ntligen \u00e4r de tillbaka, h\u00e4r (i en fin version) i Nya Wermlands-Tidningen.<\/p>\n\n\n\n<p class=\"wp-block-paragraph\">Kanske g\u00e5r det att ge gamla hederliga \u201dtre gubbar och ett papper\u201d ocks\u00e5 nytt friskt liv? Eller gruppbilden p\u00e5 nya styrelsen.<\/p>\n\n\n\n<p class=\"wp-block-paragraph\">Karlstad har blivit en skitstad, tycker Bengt Alsterlind och pekar p\u00e5 den bajsn\u00f6diga g\u00e5sflocken. Det driter f\u00e5glarna fullst\u00e4ndigt i.<\/p>\n\n\n\n<p class=\"wp-block-paragraph\"><strong>Skyller ifr\u00e5n sig<\/strong><br><em>\u201dI dag ska vi tala om krukor<\/em><br><em>men inte vilka krukor som helst<\/em><br><em>utan ankrukor\u201d<\/em>&nbsp;ropar g\u00e4ssen och f\u00f6rs\u00f6ker skylla ifr\u00e5n sig. Vem vill vara kvarterets belastning, den som tvingar cyklister att \u00e5ka ambulans?<\/p>\n\n\n\n<p class=\"wp-block-paragraph\"><em>\u201dI dag ska vi prata om l\u00e4genheter<\/em><br><em>men inte vilka l\u00e4genheter som helst<\/em><br><em>utan sanit\u00e4ra o-l\u00e4genheter\u201d<\/em>&nbsp;svarar g\u00e4ssens grannar och f\u00f6rs\u00f6ker kryssa mellan f\u00f4ggelbajs, skit och dret.<\/p>\n\n\n\n<p class=\"wp-block-paragraph\"><strong>H\u00f6jda n\u00e4ven<\/strong><br>V\u00e4nta, vi har ju fotot med arg knytn\u00e4ve mot kameran ocks\u00e5. N\u00e4r f\u00e5r vi se den i tidningen igen?<\/p>\n\n\n\n<p class=\"wp-block-paragraph\">Tjipp.<\/p>\n\n\n\n<p class=\"has-light-gray-background-color has-background wp-block-paragraph\"><a href=\"https:\/\/sven-ove.nu\/\">Hem<\/a>&nbsp;|&nbsp;<a href=\"https:\/\/sven-ove.nu\/?page_id=170\">Om mig<\/a>&nbsp;|&nbsp;<a href=\"https:\/\/sven-ove.nu\/?page_id=1385\">Skriva &amp; prata<\/a>&nbsp;|&nbsp;<a href=\"https:\/\/sven-ove.nu\/?page_id=100\">Politik<\/a>&nbsp;|&nbsp;<a href=\"https:\/\/sven-ove.nu\/?page_id=102\">L\u00f6pa<\/a>&nbsp;|&nbsp;<a href=\"https:\/\/sven-ove.nu\/?page_id=108\">Viktor Root<\/a>&nbsp;&nbsp;<br><em>Inl\u00e4gg nr 2 166. (c) Sven-Ove Svensson (men dela g\u00e4rna).<\/em><\/p>\n","protected":false},"excerpt":{"rendered":"<p>F\u00f6r en tid sedan undrade jag var forna tiders pekbilder tagit v\u00e4gen. D\u00e5 kom svaret. \u00c4ntligen \u00e4r de tillbaka, h\u00e4r (i en fin version) i Nya Wermlands-Tidningen. Kanske g\u00e5r det att ge gamla hederliga \u201dtre gubbar och ett papper\u201d ocks\u00e5 nytt friskt liv? Eller gruppbilden p\u00e5 nya styrelsen. Karlstad har blivit en skitstad, tycker Bengt &hellip; <a href=\"https:\/\/sven-ove.nu\/?p=24092\" class=\"more-link\">Forts\u00e4tt l\u00e4sa <span class=\"screen-reader-text\">Pekbildens \u00e5terkomst<\/span><\/a><\/p>\n","protected":false},"author":1,"featured_media":0,"comment_status":"closed","ping_status":"open","sticky":false,"template":"","format":"standard","meta":{"_crdt_document":"","_monsterinsights_skip_tracking":false,"_monsterinsights_sitenote_active":false,"_monsterinsights_sitenote_note":"","_monsterinsights_sitenote_category":0,"footnotes":""},"categories":[34,28,6],"tags":[],"class_list":["post-24092","post","type-post","status-publish","format-standard","hentry","category-foto","category-kreativt-folk","category-natur"],"_links":{"self":[{"href":"https:\/\/sven-ove.nu\/index.php?rest_route=\/wp\/v2\/posts\/24092","targetHints":{"allow":["GET"]}}],"collection":[{"href":"https:\/\/sven-ove.nu\/index.php?rest_route=\/wp\/v2\/posts"}],"about":[{"href":"https:\/\/sven-ove.nu\/index.php?rest_route=\/wp\/v2\/types\/post"}],"author":[{"embeddable":true,"href":"https:\/\/sven-ove.nu\/index.php?rest_route=\/wp\/v2\/users\/1"}],"replies":[{"embeddable":true,"href":"https:\/\/sven-ove.nu\/index.php?rest_route=%2Fwp%2Fv2%2Fcomments&post=24092"}],"version-history":[{"count":4,"href":"https:\/\/sven-ove.nu\/index.php?rest_route=\/wp\/v2\/posts\/24092\/revisions"}],"predecessor-version":[{"id":24099,"href":"https:\/\/sven-ove.nu\/index.php?rest_route=\/wp\/v2\/posts\/24092\/revisions\/24099"}],"wp:attachment":[{"href":"https:\/\/sven-ove.nu\/index.php?rest_route=%2Fwp%2Fv2%2Fmedia&parent=24092"}],"wp:term":[{"taxonomy":"category","embeddable":true,"href":"https:\/\/sven-ove.nu\/index.php?rest_route=%2Fwp%2Fv2%2Fcategories&post=24092"},{"taxonomy":"post_tag","embeddable":true,"href":"https:\/\/sven-ove.nu\/index.php?rest_route=%2Fwp%2Fv2%2Ftags&post=24092"}],"curies":[{"name":"wp","href":"https:\/\/api.w.org\/{rel}","templated":true}]}}