{"id":24209,"date":"2021-09-09T04:03:00","date_gmt":"2021-09-09T03:03:00","guid":{"rendered":"http:\/\/sven-ove.nu\/?p=24209"},"modified":"2021-09-08T14:16:04","modified_gmt":"2021-09-08T13:16:04","slug":"24209","status":"publish","type":"post","link":"https:\/\/sven-ove.nu\/?p=24209","title":{"rendered":"V\u00e4rldens viktigaste ljud i t\u00f6liga h\u00f6gen"},"content":{"rendered":"\n<figure class=\"wp-block-image size-full\"><a href=\"https:\/\/sven-ove.nu\/wp-content\/uploads\/2021\/09\/Sv-Natur.jpg\"><img loading=\"lazy\" decoding=\"async\" width=\"552\" height=\"640\" src=\"https:\/\/sven-ove.nu\/wp-content\/uploads\/2021\/09\/Sv-Natur.jpg\" alt=\"\" class=\"wp-image-24213\" srcset=\"https:\/\/sven-ove.nu\/wp-content\/uploads\/2021\/09\/Sv-Natur.jpg 552w, https:\/\/sven-ove.nu\/wp-content\/uploads\/2021\/09\/Sv-Natur-259x300.jpg 259w\" sizes=\"auto, (max-width: 552px) 100vw, 552px\" \/><\/a><\/figure>\n\n\n\n<blockquote class=\"wp-block-quote is-layout-flow wp-block-quote-is-layout-flow\"><p>Det finns tidskrifter och tidskrifter. En del kastar du dig dreglande \u00f6ver s\u00e5 fort de landar i l\u00e5dan eller mobilen. \u00c5tminstone g\u00f6r jag det.<\/p><p>Andra kastar du dig definitivt inte \u00f6ver. De hamnar i samvetsh\u00f6gen, den tr\u00e5kiga.<\/p><\/blockquote>\n\n\n\n<p class=\"wp-block-paragraph\">T\u00f6liga h\u00f6gen handlar om plikt och samvete. Du har prenumererat eftersom du tycker att du b\u00f6r. Fr\u00e5gan \u00e4r viktig, f\u00f6reningen beh\u00f6vs, du borde l\u00e4ra dig mer.<\/p>\n\n\n\n<p class=\"wp-block-paragraph\">Borde. Plikt. Samvete. De orden \u00e4r ingen bra grund att bygga ett l\u00e5ngvarigt f\u00f6rh\u00e5llande p\u00e5.<\/p>\n\n\n\n<p class=\"wp-block-paragraph\">D\u00e5 tror jag mer p\u00e5 lusten.<\/p>\n\n\n\n<h3 class=\"wp-block-heading\"><strong>Tv\u00e5 teser f\u00f6r tidskriftsmakare<\/strong><\/h3>\n\n\n\n<p class=\"wp-block-paragraph\">Varje god journalist har tre uppgifter, som jag ser det. Hon ska informera, hon ska granska kritiskt och hon ska underh\u00e5lla. Proportionerna mellan de tre m\u00e5ste f\u00e5 variera men sammantaget beh\u00f6vs de allihop.<\/p>\n\n\n\n<p class=\"wp-block-paragraph\">Det \u00e4r min ena tes.<\/p>\n\n\n\n<p class=\"wp-block-paragraph\">Den andra \u00e4r att alla journalister och tidnings- eller tidskriftsmakare m\u00e5ste l\u00e4ra sig att varje l\u00e4sare \u00e4r m\u00e5nga l\u00e4sare. Du \u00e4r en sorts l\u00e4sare p\u00e5 jobbet klockan \u00e5tta p\u00e5 m\u00e5ndag morgon och en helt annan d\u00e4r hemma p\u00e5 fredag kv\u00e4ll. Eller i solen i h\u00e4ngmattan efter en l\u00e4tt lunch den 18 juli.<\/p>\n\n\n\n<h3 class=\"wp-block-heading\"><strong>S\u00e5 g\u00f6r du<\/strong><\/h3>\n\n\n\n<p class=\"wp-block-paragraph\">Tillverkar du publikationer m\u00e5ste du begripa allt detta.<\/p>\n\n\n\n<p class=\"wp-block-paragraph\">Du m\u00e5ste informera: \u201dDe h\u00e4r restriktionerna tas bort den 29 september.\u201d<br>Du m\u00e5ste granska kritiskt: \u201dVarf\u00f6r just nu? Varf\u00f6r vaccinerar sig inte alla?<br>Du m\u00e5ste underh\u00e5lla: texten m\u00e5ste vara l\u00e4sv\u00e4rd, bilden ber\u00e4tta, rubrik och layout ge lust att h\u00e4lsa p\u00e5. Sedan f\u00e5r du lov att f\u00f6rs\u00f6ka bel\u00f6na den som tr\u00e4nger \u00f6ver tr\u00f6skeln.<\/p>\n\n\n\n<p class=\"wp-block-paragraph\">Allt detta ska du f\u00f6rst\u00e5. Skriv inte \u201dEtt rungande slagskott och ett-noll var ett faktum\u201d f\u00f6r hundraelfte g\u00e5ngen. Skriv inte \u201dDet var p\u00e5 tisdagskv\u00e4llen som olyckan intr\u00e4ffade\u201d f\u00f6r hundratolfte g\u00e5ngen och inte \u201dBrandk\u00e5ren var snabbt p\u00e5 plats\u201d. Hur vet du det f\u00f6rresten?<\/p>\n\n\n\n<p class=\"wp-block-paragraph\">Skriv inte som du brukar, skriv en ny artikel.<\/p>\n\n\n\n<h3 class=\"wp-block-heading\"><strong>Bel\u00f6na l\u00e4saren \u00e4r sv\u00e5rast<\/strong><\/h3>\n\n\n\n<p class=\"wp-block-paragraph\">De f\u00f6rsta tv\u00e5 uppgifterna \u00e4r s\u00e5dana som du l\u00e4r dig efter en m\u00e5nad p\u00e5 Journalisth\u00f6gskolan om du \u00e4r vaken.&nbsp;<\/p>\n\n\n\n<p class=\"wp-block-paragraph\">D\u00e5 \u00e4r den tredje sv\u00e5rare, att skriva underh\u00e5llande. Allra sv\u00e5rast \u00e4r att krydda l\u00e5nga texter (eller viktiga bilder) med en och annan bel\u00f6ning. Somliga l\u00e4r sig aldrig.<\/p>\n\n\n\n<p class=\"wp-block-paragraph\">Det ov\u00e4ntade. Det lustiga. Det finurliga. Det som ger l\u00e4saren lust att l\u00e4sa vidare.<\/p>\n\n\n\n<p class=\"wp-block-paragraph\">Kanske du ska kl\u00e4mma in en provocerande formulering nu: \u201dH\u00e5ller ovaccinerade utlandsf\u00f6dda p\u00e5 och g\u00f6r h\u00f6stens covid till en invandrarpest?\u201d Kanske v\u00e4ljer du det lite f\u00f6rsiktigare: \u201dInformation \u00e4r den n\u00e4st b\u00e4sta medicinen.\u201d<\/p>\n\n\n\n<p class=\"wp-block-paragraph\">Varf\u00f6r inte b\u00e5da? Prova om du tycker det fungerar. Att skriva personligt \u00e4r att balansera. Ibland trillar du ner, ibland f\u00e5r \u00e4ven du din bel\u00f6ning. Den \u00e4r v\u00e4rd risken.<\/p>\n\n\n\n<h3 class=\"wp-block-heading\"><strong>G\u00f6ra tidskrift \u00e4r som fartlek<\/strong><\/h3>\n\n\n\n<p class=\"wp-block-paragraph\">Tidningsmakeriet kr\u00e4ver \u00e4nnu k\u00e4nsligare sinnen. Nu ska du g\u00f6ra en hel tidning eller tidskrift. D\u00e5 m\u00e5ste du v\u00e5ga sl\u00e4ppa loss. Vore du l\u00f6pare skulle jag s\u00e4ga: t\u00e4nk fartlek. D\u00e5 g\u00e5r det fort ibland och sakta ibland. Ena stunden g\u00e5r pulsen ner, n\u00e4sta \u00f6kar den.<\/p>\n\n\n\n<p class=\"wp-block-paragraph\">S\u00e5 ska en bra tidning eller tidskrift se ut. Jag vill m\u00f6ta m\u00e4nniskor. Jag vill l\u00e4ra nytt. Olika stunder av ditt tidskriftsnummers liv vill jag vara den ambiti\u00f6sa m\u00e5ndagsmorgonen, den spralliga fredagskv\u00e4llen eller den loja h\u00e4ngmattestunden. Skriv s\u00e5. Redigera s\u00e5. Varva inslagen s\u00e5. Det finns notiser. Det finns personliga kr\u00f6nikor, f\u00f6rv\u00e5nande foton, sk\u00e4mtbitar, dretl\u00e5nga j\u00e4tteartiklar som bubblar av ber\u00e4ttargl\u00e4dje.&nbsp;<\/p>\n\n\n\n<p class=\"wp-block-paragraph\">Men mest av allt vill jag sm\u00e5le (eller skratta) och f\u00e5 lust att l\u00e4sa. L\u00e4sa mer och mer och mer. Skriv s\u00e5.<\/p>\n\n\n\n<h3 class=\"wp-block-heading\"><strong>Den bytte h\u00f6g<\/strong><\/h3>\n\n\n\n<p class=\"wp-block-paragraph\">Alla dessa funderingar beror p\u00e5 att en tidskrift alldeles nyss tog klivet fr\u00e5n t\u00f6liga h\u00f6gen till kn\u00f6liga h\u00f6gen. Den d\u00e4r de s\u00f6nderl\u00e4sta ligger. Jag pratar om sommarnumret av Sveriges Natur. En pliktprenumeration. P\u00e5 senare \u00e5r har jag l\u00e4st mycket lite i tidskriften, trots att jag \u00e4r gammal milj\u00f6aktivist och varm naturv\u00e4n.&nbsp;<\/p>\n\n\n\n<p class=\"wp-block-paragraph\">N\u00e5v\u00e4l, en kv\u00e4ll har jag l\u00e4st f\u00e4rdigt b\u00e5de senaste recensionsboken, nyaste romanen, det f\u00e4rskaste fr\u00e5n mina v\u00e4nner p\u00e5 Facebook samt dagens ETC.<\/p>\n\n\n\n<p class=\"wp-block-paragraph\">D\u00e5 tittar en pigg pollinerare fram p\u00e5 nattduksbordet. Det \u00e4r omslaget till Naturskyddsf\u00f6reningens tidskrift. Ja ja, jag tar v\u00e4l den d\u00e5. Jag ska \u00e4nd\u00e5 snart sl\u00e4cka.<\/p>\n\n\n\n<h3 class=\"wp-block-heading\"><strong>Jas\u00e5 det ljudet<\/strong><\/h3>\n\n\n\n<p class=\"wp-block-paragraph\">Men inte hundan sl\u00e4cker jag. Sveriges Natur har gjort sin l\u00e4xa. Visste du att namnet kabbeleka kommer av kalvlek (som i kosl\u00e4pp) och att blomman har det vackra namnet bekkeblom i Norge? Visste du att h\u00f6ns kan r\u00e4kna plus och minus upp till 15? Har du h\u00f6rt talas om den 100 mil l\u00e5nga blomster\u00e4ngen?<\/p>\n\n\n\n<p class=\"wp-block-paragraph\">Det hade inte jag. Hur det nu g\u00e5r till \u00e4r jag snart inne i pliktl\u00e4sningen &#8211; men h\u00e4r \u00e4r den fylld av lust.<\/p>\n\n\n\n<p class=\"wp-block-paragraph\">F\u00f6rst ett sex sidor vackert och upplysande fotoreportage om pollinerare av Bj\u00f6rn Albinson. (Han har satt rekord i antal noterade f\u00e5glar p\u00e5 ett \u00e5r och blev samtidigt nordisk m\u00e4stare och VM-tv\u00e5a i bodybuilding, bara en s\u00e5\u2019n sak). Visste du att honan av flyttblomfluga p\u00e5 \u00e4ngsv\u00e4dden, hon som liknar en geting, kan ha flugit hit \u00e4nda fr\u00e5n Sydeuropa? Eller att hennes ungar flyger till samma sydliga trakter p\u00e5 sensommaren?<\/p>\n\n\n\n<p class=\"wp-block-paragraph\">Sedan hamnar jag i ett l\u00e5ngt intressant reportage om bristen p\u00e5 den livsviktiga kl\u00f6vern, om jordbrukets felsteg och m\u00f6jligheter. D\u00e4r \u00e4r jag nu, st\u00f6r inte. V\u00e4nta f\u00f6rresten, vet du vad som \u00e4r min b\u00e4sta bel\u00f6ning hittills i numret? Det \u00e4r uttrycket \u201dV\u00e4rldens viktigaste ljud\u201d.<\/p>\n\n\n\n<p class=\"wp-block-paragraph\">Surret av pollinerare.<\/p>\n\n\n\n<p class=\"has-light-gray-background-color has-background wp-block-paragraph\"><strong><em>###<\/em><\/strong><em>\u00a0Ordf\u00f6rklaring: T\u00f6lig \u00e4r v\u00e4rml\u00e4ndska f\u00f6r tjatig, tr\u00e5kig.<\/em><br><strong><em>###<\/em><\/strong><em>\u00a0T\u00f6liga h\u00f6gen: d\u00e4r skulle Flamman ligga om jag hade haft prenumerationen kvar. V\u00e4lment, korrekt, mycket plikt och s\u00e4llan ett leende.<\/em><br><strong><em>###<\/em><\/strong><em>\u00a0Kn\u00f6liga h\u00f6gen (av s\u00f6nderl\u00e4sta blad): d\u00e4r hittar jag dagstidningen Dagens ETC.<\/em><\/p>\n\n\n\n<p class=\"wp-block-paragraph\"><strong>Fotnot<\/strong>: Fartlek \u00e4r n\u00e4r du springer en str\u00e4cka i varierande fart, fr\u00e5n jogg till 80-90 procent av max. Du best\u00e4mmer sj\u00e4lv farten under de olika delstr\u00e4ckorna, helt utifr\u00e5n vad du har lust med, din egen k\u00e4nsla och naturens skiftningar.<\/p>\n\n\n\n<p class=\"wp-block-paragraph\">Fr\u00e5ga inte vad det heter p\u00e5 engelska. Fr\u00e5ga inte.<br>Jo.<br>Okej d\u00e5. Det heter:\u00a0<em>fartlek<\/em> d\u00e4r med.<\/p>\n\n\n\n<p class=\"has-light-blue-background-color has-background wp-block-paragraph\"><a href=\"https:\/\/sven-ove.nu\/\">Hem<\/a>&nbsp;|&nbsp;<a href=\"https:\/\/sven-ove.nu\/?page_id=170\">Om mig<\/a>&nbsp;|&nbsp;<a href=\"https:\/\/sven-ove.nu\/?page_id=1385\">Skriva &amp; prata<\/a>&nbsp;|&nbsp;<a href=\"https:\/\/sven-ove.nu\/?page_id=100\">Politik<\/a>&nbsp;|&nbsp;<a href=\"https:\/\/sven-ove.nu\/?page_id=102\">L\u00f6pa<\/a>&nbsp;|&nbsp;<a href=\"https:\/\/sven-ove.nu\/?page_id=108\">Viktor Root<\/a>&nbsp;&nbsp;<br><em>Inl\u00e4gg nr 2 175. (c) Sven-Ove Svensson (men dela g\u00e4rna).<\/em><\/p>\n","protected":false},"excerpt":{"rendered":"<p>Det finns tidskrifter och tidskrifter. En del kastar du dig dreglande \u00f6ver s\u00e5 fort de landar i l\u00e5dan eller mobilen. \u00c5tminstone g\u00f6r jag det. Andra kastar du dig definitivt inte \u00f6ver. De hamnar i samvetsh\u00f6gen, den tr\u00e5kiga. T\u00f6liga h\u00f6gen handlar om plikt och samvete. Du har prenumererat eftersom du tycker att du b\u00f6r. Fr\u00e5gan \u00e4r &hellip; <a href=\"https:\/\/sven-ove.nu\/?p=24209\" class=\"more-link\">Forts\u00e4tt l\u00e4sa <span class=\"screen-reader-text\">V\u00e4rldens viktigaste ljud i t\u00f6liga h\u00f6gen<\/span><\/a><\/p>\n","protected":false},"author":1,"featured_media":0,"comment_status":"closed","ping_status":"open","sticky":false,"template":"","format":"standard","meta":{"_crdt_document":"","_monsterinsights_skip_tracking":false,"_monsterinsights_sitenote_active":false,"_monsterinsights_sitenote_note":"","_monsterinsights_sitenote_category":0,"footnotes":""},"categories":[28,5,6,4],"tags":[42],"class_list":["post-24209","post","type-post","status-publish","format-standard","hentry","category-kreativt-folk","category-lopning","category-natur","category-skrivande","tag-karlek-arbete"],"_links":{"self":[{"href":"https:\/\/sven-ove.nu\/index.php?rest_route=\/wp\/v2\/posts\/24209","targetHints":{"allow":["GET"]}}],"collection":[{"href":"https:\/\/sven-ove.nu\/index.php?rest_route=\/wp\/v2\/posts"}],"about":[{"href":"https:\/\/sven-ove.nu\/index.php?rest_route=\/wp\/v2\/types\/post"}],"author":[{"embeddable":true,"href":"https:\/\/sven-ove.nu\/index.php?rest_route=\/wp\/v2\/users\/1"}],"replies":[{"embeddable":true,"href":"https:\/\/sven-ove.nu\/index.php?rest_route=%2Fwp%2Fv2%2Fcomments&post=24209"}],"version-history":[{"count":7,"href":"https:\/\/sven-ove.nu\/index.php?rest_route=\/wp\/v2\/posts\/24209\/revisions"}],"predecessor-version":[{"id":24220,"href":"https:\/\/sven-ove.nu\/index.php?rest_route=\/wp\/v2\/posts\/24209\/revisions\/24220"}],"wp:attachment":[{"href":"https:\/\/sven-ove.nu\/index.php?rest_route=%2Fwp%2Fv2%2Fmedia&parent=24209"}],"wp:term":[{"taxonomy":"category","embeddable":true,"href":"https:\/\/sven-ove.nu\/index.php?rest_route=%2Fwp%2Fv2%2Fcategories&post=24209"},{"taxonomy":"post_tag","embeddable":true,"href":"https:\/\/sven-ove.nu\/index.php?rest_route=%2Fwp%2Fv2%2Ftags&post=24209"}],"curies":[{"name":"wp","href":"https:\/\/api.w.org\/{rel}","templated":true}]}}