{"id":2426,"date":"2012-06-10T04:00:28","date_gmt":"2012-06-10T03:00:28","guid":{"rendered":"http:\/\/sven-ove.nu\/?p=2426"},"modified":"2012-06-10T07:33:01","modified_gmt":"2012-06-10T06:33:01","slug":"sallsynt-dragning","status":"publish","type":"post","link":"https:\/\/sven-ove.nu\/?p=2426","title":{"rendered":"S\u00e4llsynt dragning"},"content":{"rendered":"<p>P\u00e5 facebook och twitter p\u00e5g\u00e5r en diskussion om tv-kommentatorn <strong>Henrik Larsson<\/strong>. Nej, fel. Det \u00e4r ingen diskussion, alla tycks \u00f6verens:<\/p>\n<p style=\"padding-left: 30px;\"><strong>Av alla dragningar den karln har gjort genom \u00e5ren \u00e4r den n\u00e4r han ska f\u00f6rs\u00f6ka dra p\u00e5 munnen s\u00e4mst. Samt s\u00e4llsyntast. R\u00f6sten ett tr\u00e4ningspass p\u00e5 grus en afton i slutet av mars.<\/strong><\/p>\n<p><a href=\"https:\/\/sven-ove.nu\/wp-content\/uploads\/2012\/06\/Edward-Henrik1.jpg\"><img loading=\"lazy\" decoding=\"async\" class=\"alignleft size-full wp-image-2431\" title=\"Junior igen\" src=\"https:\/\/sven-ove.nu\/wp-content\/uploads\/2012\/06\/Edward-Henrik1.jpg\" alt=\"\" width=\"142\" height=\"137\" \/><\/a>S\u00e5 blev han junior igen, den fantastiske <a href=\"http:\/\/sv.wikipedia.org\/wiki\/Henrik_Larsson\">Henke<\/a>. Ska bli intressant att se om han h\u00e5ller f\u00f6r h\u00f6gre divisioner som pratare. <a href=\"http:\/\/sverigesradio.se\/sida\/artikel.aspx?programid=2071&amp;artikel=4548119\">Sommarprogrammet<\/a> i fjol var i alla fall ingen juniorinsats.<\/p>\n<p>Men ett ska du veta, Edward Henrik Larsson: fotbollspubliken framf\u00f6r tv \u00e4r h\u00e5rdare \u00e4n n\u00e5gon tr\u00e4nare. H\u00e4r \u00e4r det ingen som s\u00e4ger att du m\u00e5ste f\u00e5 ha r\u00e4tt att prova och misslyckas.<\/p>\n","protected":false},"excerpt":{"rendered":"<p>P\u00e5 facebook och twitter p\u00e5g\u00e5r en diskussion om tv-kommentatorn Henrik Larsson. Nej, fel. Det \u00e4r ingen diskussion, alla tycks \u00f6verens: Av alla dragningar den karln har gjort genom \u00e5ren \u00e4r den n\u00e4r han ska f\u00f6rs\u00f6ka dra p\u00e5 munnen s\u00e4mst. Samt s\u00e4llsyntast. R\u00f6sten ett tr\u00e4ningspass p\u00e5 grus en afton i slutet av mars. S\u00e5 blev han &hellip; <a href=\"https:\/\/sven-ove.nu\/?p=2426\" class=\"more-link\">Forts\u00e4tt l\u00e4sa <span class=\"screen-reader-text\">S\u00e4llsynt dragning<\/span><\/a><\/p>\n","protected":false},"author":1,"featured_media":0,"comment_status":"open","ping_status":"open","sticky":false,"template":"","format":"standard","meta":{"_crdt_document":"","_monsterinsights_skip_tracking":false,"_monsterinsights_sitenote_active":false,"_monsterinsights_sitenote_note":"","_monsterinsights_sitenote_category":0,"footnotes":""},"categories":[5],"tags":[15],"class_list":["post-2426","post","type-post","status-publish","format-standard","hentry","category-lopning","tag-mediedjungeln"],"_links":{"self":[{"href":"https:\/\/sven-ove.nu\/index.php?rest_route=\/wp\/v2\/posts\/2426","targetHints":{"allow":["GET"]}}],"collection":[{"href":"https:\/\/sven-ove.nu\/index.php?rest_route=\/wp\/v2\/posts"}],"about":[{"href":"https:\/\/sven-ove.nu\/index.php?rest_route=\/wp\/v2\/types\/post"}],"author":[{"embeddable":true,"href":"https:\/\/sven-ove.nu\/index.php?rest_route=\/wp\/v2\/users\/1"}],"replies":[{"embeddable":true,"href":"https:\/\/sven-ove.nu\/index.php?rest_route=%2Fwp%2Fv2%2Fcomments&post=2426"}],"version-history":[{"count":8,"href":"https:\/\/sven-ove.nu\/index.php?rest_route=\/wp\/v2\/posts\/2426\/revisions"}],"predecessor-version":[{"id":2435,"href":"https:\/\/sven-ove.nu\/index.php?rest_route=\/wp\/v2\/posts\/2426\/revisions\/2435"}],"wp:attachment":[{"href":"https:\/\/sven-ove.nu\/index.php?rest_route=%2Fwp%2Fv2%2Fmedia&parent=2426"}],"wp:term":[{"taxonomy":"category","embeddable":true,"href":"https:\/\/sven-ove.nu\/index.php?rest_route=%2Fwp%2Fv2%2Fcategories&post=2426"},{"taxonomy":"post_tag","embeddable":true,"href":"https:\/\/sven-ove.nu\/index.php?rest_route=%2Fwp%2Fv2%2Ftags&post=2426"}],"curies":[{"name":"wp","href":"https:\/\/api.w.org\/{rel}","templated":true}]}}