{"id":24331,"date":"2021-10-06T04:46:00","date_gmt":"2021-10-06T03:46:00","guid":{"rendered":"http:\/\/sven-ove.nu\/?p=24331"},"modified":"2021-10-05T19:03:27","modified_gmt":"2021-10-05T18:03:27","slug":"24331","status":"publish","type":"post","link":"https:\/\/sven-ove.nu\/?p=24331","title":{"rendered":"Myten om de unga och Facebook"},"content":{"rendered":"\n<figure class=\"wp-block-image size-large is-resized\"><a href=\"https:\/\/sven-ove.nu\/wp-content\/uploads\/2015\/08\/Fb-like.jpg\"><img loading=\"lazy\" decoding=\"async\" src=\"https:\/\/sven-ove.nu\/wp-content\/uploads\/2015\/08\/Fb-like-1024x889.jpg\" alt=\"\" class=\"wp-image-12643\" width=\"546\" height=\"474\" srcset=\"https:\/\/sven-ove.nu\/wp-content\/uploads\/2015\/08\/Fb-like-1024x889.jpg 1024w, https:\/\/sven-ove.nu\/wp-content\/uploads\/2015\/08\/Fb-like-300x260.jpg 300w\" sizes=\"auto, (max-width: 546px) 100vw, 546px\" \/><\/a><\/figure>\n\n\n\n<blockquote class=\"wp-block-quote is-layout-flow wp-block-quote-is-layout-flow\"><p>Majoriteten prenumererar allts\u00e5 inte p\u00e5 n\u00e5gon dagstidning. Men vi har ju alltid Facebook? Det \u00e4r stort.<br>\u201dJa, fast man n\u00e5r ju inte ungdomarna.\u201d<br><br>Det d\u00e4r \u00e4r en myt, har jag sagt.<\/p><\/blockquote>\n\n\n\n<p class=\"has-large-font-size wp-block-paragraph\">Del 2<\/p>\n\n\n\n<p class=\"wp-block-paragraph\">I f\u00f6rra inl\u00e4gget presenterade jag dagstidningssiffror. I dag \u00e4r det bara 43 procent som prenumererar p\u00e5 en dagstidning. Det g\u00f6r att demokratin hotas n\u00e4r redaktionerna krymper och den lokala granskningen l\u00e4ggs ner i kommun efter kommun.<\/p>\n\n\n\n<p class=\"wp-block-paragraph\">Synd. Fast vi har ju alltid de sociala medierna?<\/p>\n\n\n\n<p class=\"wp-block-paragraph\"><strong>58 procent finns p\u00e5 Facebook varje dag<\/strong><br>Internet, allts\u00e5. Det f\u00e5r bli lite siffror igen. I fjol hade 97 procent av svenskarna tillg\u00e5ng till internet. 81 procent anv\u00e4nde Facebook, 58 procent varje dag. Bland 26 &#8211; 45-\u00e5ringarna var det n\u00e4stan 90 procent som anv\u00e4nde Facebook. Det \u00e4r det st\u00f6rsta sociala mediet inom alla \u00e5ldersgrupper \u00e4ldre \u00e4n 26 \u00e5r.<\/p>\n\n\n\n<p class=\"wp-block-paragraph\">L\u00e4s siffrorna ovan en g\u00e5ng till. Vad det st\u00e5r \u00e4r att: bara 43 procent prenumererar p\u00e5 en dagstidning men 58 procent \u00e4r aktiva p\u00e5 Facebook varje dag.<\/p>\n\n\n\n<p class=\"wp-block-paragraph\">Aha! Det finns allts\u00e5 ett bra komplement till den krympande dagstidningen. Inte n\u00e4r det g\u00e4ller den professionella, dagliga granskningen, tyv\u00e4rr. Men n\u00e4r det g\u00e4ller f\u00f6r oss i v\u00e5r idrottsklubb, kulturf\u00f6rening eller partif\u00f6rening att n\u00e5 ut med v\u00e5r egen information.<\/p>\n\n\n\n<p class=\"wp-block-paragraph\">Du n\u00e5r inte alla forshagabor med en av dessa s\u00e4llsynta artiklar i de tv\u00e5 l\u00e4nstidningarna. Den m\u00f6jligheten \u00e4r historia. Du f\u00e5r lov att l\u00e4ra dig anv\u00e4nda sociala medier som komplement. St\u00f6rst av dem alla \u00e4r Facebook.<\/p>\n\n\n\n<p class=\"wp-block-paragraph\"><strong>De sociala medierna \u00f6kar<\/strong><br>\u201dJamen, vi n\u00e5r faktiskt inte de unga genom Facebook.\u201d<br>Jas\u00e5 du. \u00c4r du riktigt s\u00e4ker p\u00e5 det?<\/p>\n\n\n\n<p class=\"has-dark-gray-color has-text-color wp-block-paragraph\">Jag g\u00f6r som jag brukar. Googlar och grunnar. De flesta av mina siffror hittar jag i den \u00e5rliga, oberoende unders\u00f6kningen&nbsp;<a href=\"https:\/\/svenskarnaochinternet.se\/rapporter\/svenskarna-och-internet-2020\/\"><strong>Svenskarna och internet.<\/strong><\/a><\/p>\n\n\n\n<p class=\"wp-block-paragraph\">D\u00e4r, i siffrorna fr\u00e5n i fjol (de \u00e4r f\u00e4rskast) hittar jag svar. Till exempel att 74 procent av alla \u00f6ver 16 \u00e5r anv\u00e4nder sociala medier varje dag. N\u00e4r det g\u00e4ller alla \u00f6ver 25 \u00e5r \u00e4r Facebook st\u00f6rst.<\/p>\n\n\n\n<p class=\"wp-block-paragraph\">De sociala medierna \u00f6kar, de minskar inte.<\/p>\n\n\n\n<p class=\"wp-block-paragraph\"><strong>Sl\u00e4pp myten<\/strong><br>I gruppen 16 &#8211; 25 \u00e5r \u00e4r inte Facebook st\u00f6rst, det \u00e4r sant. D\u00e4r \u00e4r det Snapchat och Instagram som leder med 77 procent, det har b\u00e5da medierna. S\u00e5 m\u00e5nga anv\u00e4nde dessa sociala medier dagligen tredje kvartalet i fjol.<\/p>\n\n\n\n<p class=\"wp-block-paragraph\">Hur \u00e4r det d\u00e5 med Facebook bland de yngsta? Dem n\u00e5r vi v\u00e4l som sagt icke? Jod\u00e5, vi g\u00f6r ju det. V\u00e4ldigt m\u00e5nga n\u00e5r vi, fler \u00e4n du n\u00e5r vuxna procentuellt sett i en dagstidning med en blyg liten ins\u00e4ndare. Tredje kvartalet i fjol var 48 procent av 16 &#8211; 25-\u00e5ringarna aktiva varje dag p\u00e5 Facebook.<\/p>\n\n\n\n<p class=\"wp-block-paragraph\">Sl\u00e4pp myten. De yngsta har inte alls l\u00e4mnat Facebook helt och h\u00e5llet. 84 procent av dem var aktiva p\u00e5 Facebook n\u00e5gon g\u00e5ng i fjol, och som sagt n\u00e4stan h\u00e4lften varje dag. D\u00e4r ((och p\u00e5 Instagram) har vi en stor m\u00f6jlighet att n\u00e5 de yngsta.&nbsp;<\/p>\n\n\n\n<p class=\"wp-block-paragraph\"><strong>L\u00e4r dig knepen och var en m\u00e4nniska<\/strong><br>Vi m\u00e5ste bara bli duktigare p\u00e5 det vi g\u00f6r.<br>Vi m\u00e5ste l\u00e4ra oss knepen, de d\u00e4r som g\u00f6r att vi n\u00e5r fler. Gilla, kommentera, dela, tagga, och ibland annonsera.&nbsp;<br>Vi m\u00e5ste bli intressantare. Det kanske till och med \u00e4r till\u00e5tet att varva allvar och humor, gullighet, fakta och trams?<\/p>\n\n\n\n<p class=\"wp-block-paragraph\">S\u00e5 d\u00e4r som vi g\u00f6r n\u00e4r vi \u00e4r m\u00e4nniskor.<\/p>\n\n\n\n<p class=\"has-text-color wp-block-paragraph\" style=\"color:#20586f\"><strong>L\u00e4nk<\/strong><br>Del 1:\u00a0<a href=\"https:\/\/sven-ove.nu\/?p=24316\"><strong>Vad h\u00e4nde med ett av v\u00e4rldens mest tidningsl\u00e4sande folk?<\/strong><\/a><\/p>\n\n\n\n<p class=\"has-background wp-block-paragraph\" style=\"background-color:#b9d9e7\"><em>### Sedan finns det f\u00f6rst\u00e5s en annan pappersv\u00e4g att v\u00e4lja, samtidigt.<\/em><br><em>### I min kommun har vi ett annonsblad, Forshaga-Deje-bladet.&nbsp;<\/em><br><em>### En annons d\u00e4r n\u00e5r alla hush\u00e5ll. Det \u00e4r fler medm\u00e4nniskor \u00e4n du n\u00e5r med DN i hela l\u00e4net.<\/em><\/p>\n\n\n\n<p class=\"has-light-gray-background-color has-background wp-block-paragraph\"><a href=\"https:\/\/sven-ove.nu\/\">Hem<\/a>&nbsp;|&nbsp;<a href=\"https:\/\/sven-ove.nu\/?page_id=170\">Om mig<\/a>&nbsp;|&nbsp;<a href=\"https:\/\/sven-ove.nu\/?page_id=1385\">Skriva &amp; prata<\/a>&nbsp;|&nbsp;<a href=\"https:\/\/sven-ove.nu\/?page_id=100\">Politik<\/a>&nbsp;|&nbsp;<a href=\"https:\/\/sven-ove.nu\/?page_id=102\">L\u00f6pa<\/a>&nbsp;|&nbsp;<a href=\"https:\/\/sven-ove.nu\/?page_id=108\">Viktor Root<\/a>&nbsp;&nbsp;<br><em>Inl\u00e4gg nr 2 182. (c) Sven-Ove Svensson (men dela g\u00e4rna).<\/em><\/p>\n","protected":false},"excerpt":{"rendered":"<p>Majoriteten prenumererar allts\u00e5 inte p\u00e5 n\u00e5gon dagstidning. Men vi har ju alltid Facebook? Det \u00e4r stort.\u201dJa, fast man n\u00e5r ju inte ungdomarna.\u201d Det d\u00e4r \u00e4r en myt, har jag sagt. Del 2 I f\u00f6rra inl\u00e4gget presenterade jag dagstidningssiffror. I dag \u00e4r det bara 43 procent som prenumererar p\u00e5 en dagstidning. Det g\u00f6r att demokratin hotas &hellip; <a href=\"https:\/\/sven-ove.nu\/?p=24331\" class=\"more-link\">Forts\u00e4tt l\u00e4sa <span class=\"screen-reader-text\">Myten om de unga och Facebook<\/span><\/a><\/p>\n","protected":false},"author":1,"featured_media":0,"comment_status":"closed","ping_status":"open","sticky":false,"template":"","format":"standard","meta":{"_crdt_document":"","_monsterinsights_skip_tracking":false,"_monsterinsights_sitenote_active":false,"_monsterinsights_sitenote_note":"","_monsterinsights_sitenote_category":0,"footnotes":""},"categories":[28],"tags":[],"class_list":["post-24331","post","type-post","status-publish","format-standard","hentry","category-kreativt-folk"],"_links":{"self":[{"href":"https:\/\/sven-ove.nu\/index.php?rest_route=\/wp\/v2\/posts\/24331","targetHints":{"allow":["GET"]}}],"collection":[{"href":"https:\/\/sven-ove.nu\/index.php?rest_route=\/wp\/v2\/posts"}],"about":[{"href":"https:\/\/sven-ove.nu\/index.php?rest_route=\/wp\/v2\/types\/post"}],"author":[{"embeddable":true,"href":"https:\/\/sven-ove.nu\/index.php?rest_route=\/wp\/v2\/users\/1"}],"replies":[{"embeddable":true,"href":"https:\/\/sven-ove.nu\/index.php?rest_route=%2Fwp%2Fv2%2Fcomments&post=24331"}],"version-history":[{"count":12,"href":"https:\/\/sven-ove.nu\/index.php?rest_route=\/wp\/v2\/posts\/24331\/revisions"}],"predecessor-version":[{"id":24347,"href":"https:\/\/sven-ove.nu\/index.php?rest_route=\/wp\/v2\/posts\/24331\/revisions\/24347"}],"wp:attachment":[{"href":"https:\/\/sven-ove.nu\/index.php?rest_route=%2Fwp%2Fv2%2Fmedia&parent=24331"}],"wp:term":[{"taxonomy":"category","embeddable":true,"href":"https:\/\/sven-ove.nu\/index.php?rest_route=%2Fwp%2Fv2%2Fcategories&post=24331"},{"taxonomy":"post_tag","embeddable":true,"href":"https:\/\/sven-ove.nu\/index.php?rest_route=%2Fwp%2Fv2%2Ftags&post=24331"}],"curies":[{"name":"wp","href":"https:\/\/api.w.org\/{rel}","templated":true}]}}