{"id":24348,"date":"2021-10-13T06:23:00","date_gmt":"2021-10-13T05:23:00","guid":{"rendered":"http:\/\/sven-ove.nu\/?p=24348"},"modified":"2021-10-13T06:46:20","modified_gmt":"2021-10-13T05:46:20","slug":"pudersno-mitt-emellan-elsa-beskow-och-kriget","status":"publish","type":"post","link":"https:\/\/sven-ove.nu\/?p=24348","title":{"rendered":"Pudersn\u00f6 mitt emellan Elsa Beskow och kriget"},"content":{"rendered":"\n<blockquote class=\"wp-block-quote is-layout-flow wp-block-quote-is-layout-flow\"><p>Jag f\u00f6rst\u00e5r inte folk som s\u00e4ger att de hatar vintern.<br>Det \u00e4r som att s\u00e4ga att man hatar m\u00e5nen.<\/p><\/blockquote>\n\n\n\n<figure class=\"wp-block-image size-full is-resized\"><a href=\"https:\/\/sven-ove.nu\/wp-content\/uploads\/2021\/10\/Olmans-raviner.jpg\"><img loading=\"lazy\" decoding=\"async\" src=\"https:\/\/sven-ove.nu\/wp-content\/uploads\/2021\/10\/Olmans-raviner.jpg\" alt=\"\" class=\"wp-image-24349\" width=\"600\" height=\"283\" srcset=\"https:\/\/sven-ove.nu\/wp-content\/uploads\/2021\/10\/Olmans-raviner.jpg 762w, https:\/\/sven-ove.nu\/wp-content\/uploads\/2021\/10\/Olmans-raviner-300x142.jpg 300w\" sizes=\"auto, (max-width: 600px) 100vw, 600px\" \/><\/a><\/figure>\n\n\n\n<p class=\"wp-block-paragraph\">Djupt i minnet ligger v\u00e5r barndom g\u00f6md. En av mina minnesbilder \u00e4r fr\u00e5n den lilla \u00e4lvens raviner. Hon ska bli bredare sedan \u00d6lman, n\u00e4r hon kommer n\u00e4rmare V\u00e4nern, men \u00e4n \u00e4r hon smal och vig. Upp och ner vandrar h\u00f6jdkurvorna som hon ritat, uppf\u00f6r och nerf\u00f6r b\u00e4r mitt nyfikna ensamma skidsp\u00e5r.<\/p>\n\n\n\n<p class=\"wp-block-paragraph\">Ensam? Jag \u00e4r inte ensam. Uppe p\u00e5 platten s\u00e5g jag ett \u00e4lgsp\u00e5r nyss, i den packade drivningsv\u00e4gen i backen jag passerade hade en hare tassat. Granskogen susar stilla i vinden, i morgon ska Pelle, v\u00e5r arm\u00e9h\u00e4st, dra virke ut ur skogen igen. Det ljudet, den \u00e5ngande h\u00e4stkroppen, de kafferasterna med pappa p\u00e5 varsin stubbe p\u00e5 fastigheten \u00c4ngeb\u00e4ckstorp 1:3, mitt emellan Elsa Beskow och Vietnamkriget.<\/p>\n\n\n\n<p class=\"wp-block-paragraph\">\u00c4n har inte amerikanarna gett sig p\u00e5 det fattiga bondelandet, \u00e4n vet jag mer om svensk sm\u00e5brukarvardag \u00e4n om v\u00e4rlden.<\/p>\n\n\n\n<p class=\"wp-block-paragraph\">Just nu&nbsp;<em>\u00e4r<\/em>&nbsp;detta v\u00e4rlden. Ett par skidor p\u00e5 f\u00f6tterna, ett par stavar i h\u00e4nderna. Ryggs\u00e4ck med kaffe och ostsm\u00f6rg\u00e5s, kniv i b\u00e4ltet, femgradig kyla mot kinden.<\/p>\n\n\n\n<p class=\"wp-block-paragraph\">Trettio centimeter pudersn\u00f6.<\/p>\n\n\n\n<figure class=\"wp-block-image size-large is-resized\"><a href=\"https:\/\/sven-ove.nu\/wp-content\/uploads\/2018\/04\/Harsp\u00e5r-i-sn\u00f6n.jpg\"><img loading=\"lazy\" decoding=\"async\" src=\"https:\/\/sven-ove.nu\/wp-content\/uploads\/2018\/04\/Harsp\u00e5r-i-sn\u00f6n-1024x1024.jpg\" alt=\"\" class=\"wp-image-19739\" width=\"114\" height=\"114\" srcset=\"https:\/\/sven-ove.nu\/wp-content\/uploads\/2018\/04\/Harsp\u00e5r-i-sn\u00f6n-1024x1024.jpg 1024w, https:\/\/sven-ove.nu\/wp-content\/uploads\/2018\/04\/Harsp\u00e5r-i-sn\u00f6n-150x150.jpg 150w, https:\/\/sven-ove.nu\/wp-content\/uploads\/2018\/04\/Harsp\u00e5r-i-sn\u00f6n-300x300.jpg 300w, https:\/\/sven-ove.nu\/wp-content\/uploads\/2018\/04\/Harsp\u00e5r-i-sn\u00f6n-768x768.jpg 768w, https:\/\/sven-ove.nu\/wp-content\/uploads\/2018\/04\/Harsp\u00e5r-i-sn\u00f6n.jpg 1280w\" sizes=\"auto, (max-width: 114px) 100vw, 114px\" \/><\/a><\/figure>\n\n\n\n<p class=\"has-light-gray-background-color has-background wp-block-paragraph\"><a href=\"https:\/\/sven-ove.nu\/\">Hem<\/a>&nbsp;|&nbsp;<a href=\"https:\/\/sven-ove.nu\/?page_id=170\">Om mig<\/a>&nbsp;|&nbsp;<a href=\"https:\/\/sven-ove.nu\/?page_id=1385\">Skriva &amp; prata<\/a>&nbsp;|&nbsp;<a href=\"https:\/\/sven-ove.nu\/?page_id=100\">Politik<\/a>&nbsp;|&nbsp;<a href=\"https:\/\/sven-ove.nu\/?page_id=102\">L\u00f6pa<\/a>&nbsp;|&nbsp;<a href=\"https:\/\/sven-ove.nu\/?page_id=108\">Viktor Root<\/a>&nbsp;&nbsp;<br><em>Inl\u00e4gg nr 2 183. (c) Sven-Ove Svensson (men dela g\u00e4rna).<\/em><\/p>\n","protected":false},"excerpt":{"rendered":"<p>Jag f\u00f6rst\u00e5r inte folk som s\u00e4ger att de hatar vintern.Det \u00e4r som att s\u00e4ga att man hatar m\u00e5nen. Djupt i minnet ligger v\u00e5r barndom g\u00f6md. En av mina minnesbilder \u00e4r fr\u00e5n den lilla \u00e4lvens raviner. Hon ska bli bredare sedan \u00d6lman, n\u00e4r hon kommer n\u00e4rmare V\u00e4nern, men \u00e4n \u00e4r hon smal och vig. Upp och &hellip; <a href=\"https:\/\/sven-ove.nu\/?p=24348\" class=\"more-link\">Forts\u00e4tt l\u00e4sa <span class=\"screen-reader-text\">Pudersn\u00f6 mitt emellan Elsa Beskow och kriget<\/span><\/a><\/p>\n","protected":false},"author":1,"featured_media":0,"comment_status":"closed","ping_status":"open","sticky":false,"template":"","format":"standard","meta":{"_crdt_document":"","_monsterinsights_skip_tracking":false,"_monsterinsights_sitenote_active":false,"_monsterinsights_sitenote_note":"","_monsterinsights_sitenote_category":0,"footnotes":""},"categories":[10,6],"tags":[],"class_list":["post-24348","post","type-post","status-publish","format-standard","hentry","category-familjen","category-natur"],"_links":{"self":[{"href":"https:\/\/sven-ove.nu\/index.php?rest_route=\/wp\/v2\/posts\/24348","targetHints":{"allow":["GET"]}}],"collection":[{"href":"https:\/\/sven-ove.nu\/index.php?rest_route=\/wp\/v2\/posts"}],"about":[{"href":"https:\/\/sven-ove.nu\/index.php?rest_route=\/wp\/v2\/types\/post"}],"author":[{"embeddable":true,"href":"https:\/\/sven-ove.nu\/index.php?rest_route=\/wp\/v2\/users\/1"}],"replies":[{"embeddable":true,"href":"https:\/\/sven-ove.nu\/index.php?rest_route=%2Fwp%2Fv2%2Fcomments&post=24348"}],"version-history":[{"count":2,"href":"https:\/\/sven-ove.nu\/index.php?rest_route=\/wp\/v2\/posts\/24348\/revisions"}],"predecessor-version":[{"id":24351,"href":"https:\/\/sven-ove.nu\/index.php?rest_route=\/wp\/v2\/posts\/24348\/revisions\/24351"}],"wp:attachment":[{"href":"https:\/\/sven-ove.nu\/index.php?rest_route=%2Fwp%2Fv2%2Fmedia&parent=24348"}],"wp:term":[{"taxonomy":"category","embeddable":true,"href":"https:\/\/sven-ove.nu\/index.php?rest_route=%2Fwp%2Fv2%2Fcategories&post=24348"},{"taxonomy":"post_tag","embeddable":true,"href":"https:\/\/sven-ove.nu\/index.php?rest_route=%2Fwp%2Fv2%2Ftags&post=24348"}],"curies":[{"name":"wp","href":"https:\/\/api.w.org\/{rel}","templated":true}]}}