{"id":24353,"date":"2021-10-14T04:34:00","date_gmt":"2021-10-14T03:34:00","guid":{"rendered":"http:\/\/sven-ove.nu\/?p=24353"},"modified":"2021-10-14T12:42:36","modified_gmt":"2021-10-14T11:42:36","slug":"ett-stycke-lycka-pa-cafe-gjuteriet","status":"publish","type":"post","link":"https:\/\/sven-ove.nu\/?p=24353","title":{"rendered":"Ett stycke lycka p\u00e5 Caf\u00e9 Gjuteriet"},"content":{"rendered":"\n<figure class=\"wp-block-image size-large is-resized\"><a href=\"https:\/\/sven-ove.nu\/wp-content\/uploads\/2021\/10\/Bokenombokcafet.jpg\"><img loading=\"lazy\" decoding=\"async\" src=\"https:\/\/sven-ove.nu\/wp-content\/uploads\/2021\/10\/Bokenombokcafet-832x1024.jpg\" alt=\"\" class=\"wp-image-24354\" width=\"539\" height=\"663\" srcset=\"https:\/\/sven-ove.nu\/wp-content\/uploads\/2021\/10\/Bokenombokcafet-832x1024.jpg 832w, https:\/\/sven-ove.nu\/wp-content\/uploads\/2021\/10\/Bokenombokcafet-244x300.jpg 244w, https:\/\/sven-ove.nu\/wp-content\/uploads\/2021\/10\/Bokenombokcafet-768x945.jpg 768w, https:\/\/sven-ove.nu\/wp-content\/uploads\/2021\/10\/Bokenombokcafet-1248x1536.jpg 1248w, https:\/\/sven-ove.nu\/wp-content\/uploads\/2021\/10\/Bokenombokcafet.jpg 1512w\" sizes=\"auto, (max-width: 539px) 100vw, 539px\" \/><\/a><\/figure>\n\n\n\n<p class=\"wp-block-paragraph\">S\u00e5 fick jag den i n\u00e4ven, den 27:e \u201dantologin\u201d jag medverkar i. Det \u00e4r alltid samma pirriga lycka att \u00f6ppna boken, k\u00e4nna doften, bl\u00e4ddra lite l\u00e5tsas-f\u00f6rstr\u00f6tt, h\u00e4ndelsevis r\u00e5ka hamna vid den egna texten, kolla layouten, korrekturl\u00e4sa (igen), l\u00e4sa, bl\u00e4ddra vidare slumpm\u00e4ssigt.<\/p>\n\n\n\n<p class=\"wp-block-paragraph\">Trivas.<\/p>\n\n\n\n<p class=\"wp-block-paragraph\">Eftersom boken handlar om Karlstad Bokcaf\u00e9s 40 \u00e5r h\u00e4mtar jag l\u00e4mpligt nog mitt exemplar vid Caf\u00e9 Gjuteriet. D\u00e4r sitter jag sedan med kaffet och morotskakan, tr\u00e4ffar Rigmor Lindel\u00f6f, en av de legendariska styrelseledam\u00f6terna, l\u00e4ser hennes fina text om G\u00f6ran Greiders tv\u00e5 bes\u00f6k, bl\u00e4ddrar vidare och l\u00e4r mig mer om historien.<\/p>\n\n\n\n<p class=\"wp-block-paragraph\">Det blev en bra bok, vacker och l\u00e4sv\u00e4rd. Jag \u00e4r fortfarande lycklig \u00f6ver att ha f\u00e5tt upptr\u00e4da hos bokcaf\u00e9t flera g\u00e5nger och minst lika hedrad \u00f6ver att f\u00e5 ber\u00e4tta om den lyckan i boken.<\/p>\n\n\n\n<p class=\"wp-block-paragraph\">\u00c4n \u00e4r Sverige ett klassamh\u00e4lle.<\/p>\n\n\n\n<p class=\"has-light-gray-background-color has-background wp-block-paragraph\"><strong>### Skrytnotis om mitt skrivande<\/strong>. 27 antologier, 23 egna skrifter, 1 100 kr\u00f6nikor och 700 framtr\u00e4danden. 1 nyfikenhet och 1 skrivlust kvar.<br><strong>### Skrytnotis om Bokcaf\u00e9isterna<\/strong>. De har ordnat omkring 350 program genom \u00e5ren. Mina favoriter hittills \u00e4r&nbsp;Rebecka Bohlin \u201dFem h\u00e4rskartekniker &#8211; femtio motst\u00e5ndsstrategier\u201d, Daniel Suhonen \u201dEn klassanalys f\u00f6r det 21:a \u00e5rhundradet\u201d och P\u00e4r Holmgren \u201dDet minsta vi kan g\u00f6ra \u00e4r s\u00e5 mycket som m\u00f6jligt\u201d.<br><strong>###&nbsp;<\/strong>Se d\u00e4r ett politiskt program.<\/p>\n\n\n\n<figure class=\"wp-block-image size-medium\"><a href=\"https:\/\/sven-ove.nu\/wp-content\/uploads\/2018\/11\/Daniel-Suhonen.jpg\"><img loading=\"lazy\" decoding=\"async\" width=\"300\" height=\"300\" src=\"https:\/\/sven-ove.nu\/wp-content\/uploads\/2018\/11\/Daniel-Suhonen-300x300.jpg\" alt=\"\" class=\"wp-image-20278\" srcset=\"https:\/\/sven-ove.nu\/wp-content\/uploads\/2018\/11\/Daniel-Suhonen-300x300.jpg 300w, https:\/\/sven-ove.nu\/wp-content\/uploads\/2018\/11\/Daniel-Suhonen-150x150.jpg 150w, https:\/\/sven-ove.nu\/wp-content\/uploads\/2018\/11\/Daniel-Suhonen-768x768.jpg 768w, https:\/\/sven-ove.nu\/wp-content\/uploads\/2018\/11\/Daniel-Suhonen-1024x1024.jpg 1024w, https:\/\/sven-ove.nu\/wp-content\/uploads\/2018\/11\/Daniel-Suhonen.jpg 1280w\" sizes=\"auto, (max-width: 300px) 100vw, 300px\" \/><\/a><\/figure>\n\n\n\n<p class=\"has-background wp-block-paragraph\" style=\"background-color:#bfd9e9\"><a href=\"https:\/\/sven-ove.nu\/\">Hem<\/a>&nbsp;|&nbsp;<a href=\"https:\/\/sven-ove.nu\/?page_id=170\">Om mig<\/a>&nbsp;|&nbsp;<a href=\"https:\/\/sven-ove.nu\/?page_id=1385\">Skriva &amp; prata<\/a>&nbsp;|&nbsp;<a href=\"https:\/\/sven-ove.nu\/?page_id=100\">Politik<\/a>&nbsp;|&nbsp;<a href=\"https:\/\/sven-ove.nu\/?page_id=102\">L\u00f6pa<\/a>&nbsp;|&nbsp;<a href=\"https:\/\/sven-ove.nu\/?page_id=108\">Viktor Root<\/a>&nbsp;&nbsp;<br><em>Inl\u00e4gg nr 2 184. (c) Sven-Ove Svensson (men dela g\u00e4rna).<\/em><\/p>\n","protected":false},"excerpt":{"rendered":"<p>S\u00e5 fick jag den i n\u00e4ven, den 27:e \u201dantologin\u201d jag medverkar i. Det \u00e4r alltid samma pirriga lycka att \u00f6ppna boken, k\u00e4nna doften, bl\u00e4ddra lite l\u00e5tsas-f\u00f6rstr\u00f6tt, h\u00e4ndelsevis r\u00e5ka hamna vid den egna texten, kolla layouten, korrekturl\u00e4sa (igen), l\u00e4sa, bl\u00e4ddra vidare slumpm\u00e4ssigt. Trivas. Eftersom boken handlar om Karlstad Bokcaf\u00e9s 40 \u00e5r h\u00e4mtar jag l\u00e4mpligt nog mitt &hellip; <a href=\"https:\/\/sven-ove.nu\/?p=24353\" class=\"more-link\">Forts\u00e4tt l\u00e4sa <span class=\"screen-reader-text\">Ett stycke lycka p\u00e5 Caf\u00e9 Gjuteriet<\/span><\/a><\/p>\n","protected":false},"author":1,"featured_media":0,"comment_status":"closed","ping_status":"open","sticky":false,"template":"","format":"standard","meta":{"_crdt_document":"","_monsterinsights_skip_tracking":false,"_monsterinsights_sitenote_active":false,"_monsterinsights_sitenote_note":"","_monsterinsights_sitenote_category":0,"footnotes":""},"categories":[28,9,4],"tags":[8,14,17],"class_list":["post-24353","post","type-post","status-publish","format-standard","hentry","category-kreativt-folk","category-politik","category-skrivande","tag-historia","tag-lasning","tag-solidaritet"],"_links":{"self":[{"href":"https:\/\/sven-ove.nu\/index.php?rest_route=\/wp\/v2\/posts\/24353","targetHints":{"allow":["GET"]}}],"collection":[{"href":"https:\/\/sven-ove.nu\/index.php?rest_route=\/wp\/v2\/posts"}],"about":[{"href":"https:\/\/sven-ove.nu\/index.php?rest_route=\/wp\/v2\/types\/post"}],"author":[{"embeddable":true,"href":"https:\/\/sven-ove.nu\/index.php?rest_route=\/wp\/v2\/users\/1"}],"replies":[{"embeddable":true,"href":"https:\/\/sven-ove.nu\/index.php?rest_route=%2Fwp%2Fv2%2Fcomments&post=24353"}],"version-history":[{"count":5,"href":"https:\/\/sven-ove.nu\/index.php?rest_route=\/wp\/v2\/posts\/24353\/revisions"}],"predecessor-version":[{"id":24361,"href":"https:\/\/sven-ove.nu\/index.php?rest_route=\/wp\/v2\/posts\/24353\/revisions\/24361"}],"wp:attachment":[{"href":"https:\/\/sven-ove.nu\/index.php?rest_route=%2Fwp%2Fv2%2Fmedia&parent=24353"}],"wp:term":[{"taxonomy":"category","embeddable":true,"href":"https:\/\/sven-ove.nu\/index.php?rest_route=%2Fwp%2Fv2%2Fcategories&post=24353"},{"taxonomy":"post_tag","embeddable":true,"href":"https:\/\/sven-ove.nu\/index.php?rest_route=%2Fwp%2Fv2%2Ftags&post=24353"}],"curies":[{"name":"wp","href":"https:\/\/api.w.org\/{rel}","templated":true}]}}