{"id":24364,"date":"2021-10-17T04:33:00","date_gmt":"2021-10-17T03:33:00","guid":{"rendered":"http:\/\/sven-ove.nu\/?p=24364"},"modified":"2021-10-17T07:56:15","modified_gmt":"2021-10-17T06:56:15","slug":"24364","status":"publish","type":"post","link":"https:\/\/sven-ove.nu\/?p=24364","title":{"rendered":"Vad v\u00e4ger en dr\u00f6m?"},"content":{"rendered":"\n<figure class=\"wp-block-image size-full is-resized\"><a href=\"https:\/\/sven-ove.nu\/wp-content\/uploads\/2021\/10\/Vager.jpg\"><img loading=\"lazy\" decoding=\"async\" src=\"https:\/\/sven-ove.nu\/wp-content\/uploads\/2021\/10\/Vager.jpg\" alt=\"\" class=\"wp-image-24374\" width=\"549\" height=\"549\" srcset=\"https:\/\/sven-ove.nu\/wp-content\/uploads\/2021\/10\/Vager.jpg 900w, https:\/\/sven-ove.nu\/wp-content\/uploads\/2021\/10\/Vager-300x300.jpg 300w, https:\/\/sven-ove.nu\/wp-content\/uploads\/2021\/10\/Vager-150x150.jpg 150w, https:\/\/sven-ove.nu\/wp-content\/uploads\/2021\/10\/Vager-768x768.jpg 768w\" sizes=\"auto, (max-width: 549px) 100vw, 549px\" \/><\/a><\/figure>\n\n\n\n<p class=\"wp-block-paragraph\">En v\u00e4n var anst\u00e4lld som tidig dataexpert p\u00e5 lokal statlig myndighet med dragning \u00e5t det ordentliga. D\u00e5 kom det p\u00e5bud att allt som den prydliga myndigheten \u00e4gde och anv\u00e4nde skulle inventeras.<\/p>\n\n\n\n<p class=\"wp-block-paragraph\">Snart gick en karl omkring i korridorerna med block och penna, intervjuade, r\u00e4knade och noterade.<br>&#8211; N\u00e5, vad har ni h\u00e4r d\u00e5? sa han till min v\u00e4n.<br>&#8211; Dataprogram.<br>&#8211; \u00c5h\u00e5.<\/p>\n\n\n\n<p class=\"wp-block-paragraph\">Min v\u00e4n ber\u00e4ttade vilka program myndigheten anv\u00e4nde och varf\u00f6r. Karlen noterade noga.<br>&#8211; N\u00e4sta fr\u00e5ga: vad v\u00e4ger dom?<br>&#8211; V\u00e4ger?<\/p>\n\n\n\n<p class=\"wp-block-paragraph\">Nu s\u00e5g min v\u00e4n konfunderad ut, ty detta var p\u00e5 den tiden n\u00e4r disketten och usb-minnet inte fanns. I st\u00e4llet tog han fram en pappersremsa och visade karlen.&nbsp;<br>&#8211; Ser du h\u00e5len i den h\u00e4r remsan? Det \u00e4r dom som \u00e4r minnet. Ett h\u00e5l i en pappersremsa v\u00e4ger ingenting.<\/p>\n\n\n\n<p class=\"wp-block-paragraph\"><strong>Klyftorna, klimatet och talartiden<\/strong><br>Jag sitter p\u00e5 heldagskurs i det vackra stadshotellet i Kristinehamn n\u00e4r tanken sl\u00e5r mig. V\u00e5ra visioner \u00e4r som Bennys dataprogram p\u00e5 1900-talet. J\u00e4mst\u00e4lldhet, t\u00e4nker de kloka m\u00e4nniskorna i kurslokalen. Minskade klyftor, t\u00e4nker vi. R\u00e4dda klimatet.<\/p>\n\n\n\n<p class=\"wp-block-paragraph\">Vad v\u00e4ger en dr\u00f6m?<\/p>\n\n\n\n<p class=\"wp-block-paragraph\">Vad v\u00e4ger r\u00e4ttvisa inkomster, d\u00e4r en b\u00f6rs-vd inte tj\u00e4nar lika mycket som 66,8 undersk\u00f6terskor? Vad v\u00e4ger ett r\u00e4ddat klimat d\u00e4r glaci\u00e4ren f\u00e5r vara glaci\u00e4r och granskogen granskog? Vad v\u00e4ger en l\u00f6rdagskurs d\u00e4r kvinnor och m\u00e4n talar lika mycket?<\/p>\n\n\n\n<p class=\"wp-block-paragraph\">Om det nu hade varit s\u00e5.<\/p>\n\n\n\n<p class=\"wp-block-paragraph\"><strong>T\u00e4nk om han hade r\u00e4tt?<\/strong><br>Jag b\u00f6rjar undra om inte karln i statens korridor var klokare \u00e4n jag trott. \u00c4ven det som vi inte kan l\u00e4gga p\u00e5 v\u00e5g kan v\u00e4ga tungt.<\/p>\n\n\n\n<p class=\"wp-block-paragraph\">Dr\u00f6mmen om en vackrare v\u00e4rld v\u00e4ger.<\/p>\n\n\n\n<p class=\"has-dark-gray-color has-text-color has-background wp-block-paragraph\" style=\"background-color:#f87e7e\"><strong><em>L\u00c4NK<\/em><\/strong><br><a href=\"https:\/\/sven-ove.nu\/?p=23822\"><em>Fullst\u00e4ndigt vansinne att det kr\u00e4vs 66,8 undersk\u00f6terskor f\u00f6r att tj\u00e4na lika mycket som en b\u00f6rs-vd<\/em><\/a><em> (1 maj 2021)<\/em><\/p>\n\n\n\n<p class=\"has-light-gray-background-color has-background wp-block-paragraph\"><a href=\"https:\/\/sven-ove.nu\/\">Hem<\/a>&nbsp;|&nbsp;<a href=\"https:\/\/sven-ove.nu\/?page_id=170\">Om mig<\/a>&nbsp;|&nbsp;<a href=\"https:\/\/sven-ove.nu\/?page_id=1385\">Skriva &amp; prata<\/a>&nbsp;|&nbsp;<a href=\"https:\/\/sven-ove.nu\/?page_id=100\">Politik<\/a>&nbsp;|&nbsp;<a href=\"https:\/\/sven-ove.nu\/?page_id=102\">L\u00f6pa<\/a>&nbsp;|&nbsp;<a href=\"https:\/\/sven-ove.nu\/?page_id=108\">Viktor Root<\/a>&nbsp;&nbsp;<br><em>Inl\u00e4gg nr 2 185. (c) Sven-Ove Svensson (men dela g\u00e4rna).<\/em><\/p>\n","protected":false},"excerpt":{"rendered":"<p>En v\u00e4n var anst\u00e4lld som tidig dataexpert p\u00e5 lokal statlig myndighet med dragning \u00e5t det ordentliga. D\u00e5 kom det p\u00e5bud att allt som den prydliga myndigheten \u00e4gde och anv\u00e4nde skulle inventeras. Snart gick en karl omkring i korridorerna med block och penna, intervjuade, r\u00e4knade och noterade.&#8211; N\u00e5, vad har ni h\u00e4r d\u00e5? sa han till &hellip; <a href=\"https:\/\/sven-ove.nu\/?p=24364\" class=\"more-link\">Forts\u00e4tt l\u00e4sa <span class=\"screen-reader-text\">Vad v\u00e4ger en dr\u00f6m?<\/span><\/a><\/p>\n","protected":false},"author":1,"featured_media":0,"comment_status":"closed","ping_status":"open","sticky":false,"template":"","format":"standard","meta":{"_crdt_document":"","_monsterinsights_skip_tracking":false,"_monsterinsights_sitenote_active":false,"_monsterinsights_sitenote_note":"","_monsterinsights_sitenote_category":0,"footnotes":""},"categories":[28],"tags":[17],"class_list":["post-24364","post","type-post","status-publish","format-standard","hentry","category-kreativt-folk","tag-solidaritet"],"_links":{"self":[{"href":"https:\/\/sven-ove.nu\/index.php?rest_route=\/wp\/v2\/posts\/24364","targetHints":{"allow":["GET"]}}],"collection":[{"href":"https:\/\/sven-ove.nu\/index.php?rest_route=\/wp\/v2\/posts"}],"about":[{"href":"https:\/\/sven-ove.nu\/index.php?rest_route=\/wp\/v2\/types\/post"}],"author":[{"embeddable":true,"href":"https:\/\/sven-ove.nu\/index.php?rest_route=\/wp\/v2\/users\/1"}],"replies":[{"embeddable":true,"href":"https:\/\/sven-ove.nu\/index.php?rest_route=%2Fwp%2Fv2%2Fcomments&post=24364"}],"version-history":[{"count":12,"href":"https:\/\/sven-ove.nu\/index.php?rest_route=\/wp\/v2\/posts\/24364\/revisions"}],"predecessor-version":[{"id":24380,"href":"https:\/\/sven-ove.nu\/index.php?rest_route=\/wp\/v2\/posts\/24364\/revisions\/24380"}],"wp:attachment":[{"href":"https:\/\/sven-ove.nu\/index.php?rest_route=%2Fwp%2Fv2%2Fmedia&parent=24364"}],"wp:term":[{"taxonomy":"category","embeddable":true,"href":"https:\/\/sven-ove.nu\/index.php?rest_route=%2Fwp%2Fv2%2Fcategories&post=24364"},{"taxonomy":"post_tag","embeddable":true,"href":"https:\/\/sven-ove.nu\/index.php?rest_route=%2Fwp%2Fv2%2Ftags&post=24364"}],"curies":[{"name":"wp","href":"https:\/\/api.w.org\/{rel}","templated":true}]}}