{"id":2437,"date":"2012-06-11T04:00:16","date_gmt":"2012-06-11T03:00:16","guid":{"rendered":"http:\/\/sven-ove.nu\/?p=2437"},"modified":"2012-06-11T05:22:22","modified_gmt":"2012-06-11T04:22:22","slug":"2437","status":"publish","type":"post","link":"https:\/\/sven-ove.nu\/?p=2437","title":{"rendered":"Rena \u00e5terb\u00e4ringen"},"content":{"rendered":"<p><a href=\"https:\/\/sven-ove.nu\/wp-content\/uploads\/2012\/06\/Vindkraft-G\u00e4sslingen.jpg\"><img loading=\"lazy\" decoding=\"async\" class=\"alignright size-thumbnail wp-image-2438\" title=\"Vindkraft G\u00e4sslingen\" src=\"https:\/\/sven-ove.nu\/wp-content\/uploads\/2012\/06\/Vindkraft-G\u00e4sslingen-150x150.jpg\" alt=\"\" width=\"150\" height=\"150\" \/><\/a>V\u00e5r nya platt-tv \u00e4r rena \u00e5terb\u00e4ringen. K\u00f6pt som den \u00e4r f\u00f6r skatte\u00e5terb\u00e4ringen, konsum\u00e5terb\u00e4ringen och pengarna vi fick fr\u00e5n <a href=\"http:\/\/www.vindparkvanern.se\/default.asp?ownerid=2\">vindkraftsf\u00f6reningen<\/a>. Vinner Sverige fotbolls-EM f\u00e5r vi dessutom k\u00f6peskillingen tillbaka.<\/p>\n<p>V\u00e4nta nu. Jag \u00e4r inte ens s\u00e4rskilt intresserad av pengar. Mera d\u00e5 av <a href=\"http:\/\/www.timeanddate.com\/worldclock\/\"><strong>tid<\/strong><\/a>.\u00a0Den b\u00e4r ingen tillbaka till oss.<\/p>\n<p>Annars vet jag n\u00e5gra \u00f6gonblick jag g\u00e4rna skulle k\u00f6ra i repris.<\/p>\n","protected":false},"excerpt":{"rendered":"<p>V\u00e5r nya platt-tv \u00e4r rena \u00e5terb\u00e4ringen. K\u00f6pt som den \u00e4r f\u00f6r skatte\u00e5terb\u00e4ringen, konsum\u00e5terb\u00e4ringen och pengarna vi fick fr\u00e5n vindkraftsf\u00f6reningen. Vinner Sverige fotbolls-EM f\u00e5r vi dessutom k\u00f6peskillingen tillbaka. V\u00e4nta nu. Jag \u00e4r inte ens s\u00e4rskilt intresserad av pengar. Mera d\u00e5 av tid.\u00a0Den b\u00e4r ingen tillbaka till oss. Annars vet jag n\u00e5gra \u00f6gonblick jag g\u00e4rna skulle k\u00f6ra &hellip; <a href=\"https:\/\/sven-ove.nu\/?p=2437\" class=\"more-link\">Forts\u00e4tt l\u00e4sa <span class=\"screen-reader-text\">Rena \u00e5terb\u00e4ringen<\/span><\/a><\/p>\n","protected":false},"author":1,"featured_media":0,"comment_status":"open","ping_status":"open","sticky":false,"template":"","format":"standard","meta":{"_crdt_document":"","_monsterinsights_skip_tracking":false,"_monsterinsights_sitenote_active":false,"_monsterinsights_sitenote_note":"","_monsterinsights_sitenote_category":0,"footnotes":""},"categories":[10],"tags":[13],"class_list":["post-2437","post","type-post","status-publish","format-standard","hentry","category-familjen","tag-utrustning"],"_links":{"self":[{"href":"https:\/\/sven-ove.nu\/index.php?rest_route=\/wp\/v2\/posts\/2437","targetHints":{"allow":["GET"]}}],"collection":[{"href":"https:\/\/sven-ove.nu\/index.php?rest_route=\/wp\/v2\/posts"}],"about":[{"href":"https:\/\/sven-ove.nu\/index.php?rest_route=\/wp\/v2\/types\/post"}],"author":[{"embeddable":true,"href":"https:\/\/sven-ove.nu\/index.php?rest_route=\/wp\/v2\/users\/1"}],"replies":[{"embeddable":true,"href":"https:\/\/sven-ove.nu\/index.php?rest_route=%2Fwp%2Fv2%2Fcomments&post=2437"}],"version-history":[{"count":7,"href":"https:\/\/sven-ove.nu\/index.php?rest_route=\/wp\/v2\/posts\/2437\/revisions"}],"predecessor-version":[{"id":2446,"href":"https:\/\/sven-ove.nu\/index.php?rest_route=\/wp\/v2\/posts\/2437\/revisions\/2446"}],"wp:attachment":[{"href":"https:\/\/sven-ove.nu\/index.php?rest_route=%2Fwp%2Fv2%2Fmedia&parent=2437"}],"wp:term":[{"taxonomy":"category","embeddable":true,"href":"https:\/\/sven-ove.nu\/index.php?rest_route=%2Fwp%2Fv2%2Fcategories&post=2437"},{"taxonomy":"post_tag","embeddable":true,"href":"https:\/\/sven-ove.nu\/index.php?rest_route=%2Fwp%2Fv2%2Ftags&post=2437"}],"curies":[{"name":"wp","href":"https:\/\/api.w.org\/{rel}","templated":true}]}}