{"id":24397,"date":"2021-10-26T05:46:00","date_gmt":"2021-10-26T04:46:00","guid":{"rendered":"http:\/\/sven-ove.nu\/?p=24397"},"modified":"2021-10-26T05:57:54","modified_gmt":"2021-10-26T04:57:54","slug":"jag-tycker-om-manniskor","status":"publish","type":"post","link":"https:\/\/sven-ove.nu\/?p=24397","title":{"rendered":"Jag tycker om m\u00e4nniskor"},"content":{"rendered":"\n<figure class=\"wp-block-image size-large is-resized\"><a href=\"https:\/\/sven-ove.nu\/wp-content\/uploads\/2019\/03\/Hunnegubbens-barack.jpg\"><img loading=\"lazy\" decoding=\"async\" src=\"https:\/\/sven-ove.nu\/wp-content\/uploads\/2019\/03\/Hunnegubbens-barack-745x1024.jpg\" alt=\"\" class=\"wp-image-20666\" width=\"534\" height=\"733\" srcset=\"https:\/\/sven-ove.nu\/wp-content\/uploads\/2019\/03\/Hunnegubbens-barack-745x1024.jpg 745w, https:\/\/sven-ove.nu\/wp-content\/uploads\/2019\/03\/Hunnegubbens-barack-218x300.jpg 218w, https:\/\/sven-ove.nu\/wp-content\/uploads\/2019\/03\/Hunnegubbens-barack-768x1056.jpg 768w, https:\/\/sven-ove.nu\/wp-content\/uploads\/2019\/03\/Hunnegubbens-barack.jpg 931w\" sizes=\"auto, (max-width: 534px) 100vw, 534px\" \/><\/a><\/figure>\n\n\n\n<blockquote class=\"wp-block-quote is-layout-flow wp-block-quote-is-layout-flow\"><p>Jag tycker om m\u00e4nniskor. Det har jag vetat l\u00e4nge.<\/p><\/blockquote>\n\n\n\n<p class=\"wp-block-paragraph\">Jag tycker om farmor och han som var ordf\u00f6rande i f\u00f6rsta idrottsf\u00f6reningen och han som var v\u00e5r l\u00e4rare i femman och l\u00e4rde mig \u00e4lska kartor och EWK som visade mig sv\u00e4lten i tredje v\u00e4rlden och svenska kalhyggens \u00f6dslighet med sina teckningar och Karl Marx som l\u00e4rde mig att vi bara fick betalt f\u00f6r var tredje br\u00e4da vi kapade p\u00e5 s\u00e5gen och Nils Ferlin f\u00f6r barfotabarnet och Gustaf Fr\u00f6ding f\u00f6r den gamla goda tiden som inte var s\u00e5 god och Karin Boye f\u00f6r knopparna och Kerstin Thorvall f\u00f6r det mest f\u00f6rbjudna och Selma Lagerl\u00f6f, alltid min \u00e4lskade kloka Selma Lagerl\u00f6f, och Moa Martinsson och min svenskl\u00e4rare p\u00e5 \u00c5svallaskolan som lovade mig skriva fritt n\u00e4r de andra skrev uppsats och han p\u00e5 gymnasiet som ocks\u00e5 l\u00e4t mig h\u00e5llas med bokst\u00e4vlarna och G\u00f6sta p\u00e5 s\u00e5gen som l\u00e4rde mig l\u00e4gga j\u00e4mnkant p\u00e5 virkespaketen och skratta p\u00e5 allvar och dom h\u00e4rliga radikala tjejerna i FNL-gruppen och dom enskilda personer som blev mina b\u00e4sta v\u00e4nner inom idrotten, elevr\u00e5det, Clart\u00e9, SSU Haga-Annedal, Sm\u00e5lands Folkblad, Sunne Milj\u00f6grupp, V\u00e4rml\u00e4ndska F\u00f6rfattars\u00e4llskapet, SOS-centralen, R\u00e4ddningsverket och V\u00e4rmlandstrafik samt alla som sett till att jag f\u00e5tt skriva kr\u00f6nikor och sedan komma och prata allvar med glimten i \u00f6gat och alla skrivarkurselever och duktiga arbetskamrater och konkurrenter och sp\u00e4nnande grannar och er p\u00e5 Facebook som jag blivit n\u00e4ra v\u00e4n med fast vi aldrig tr\u00e4ffats och ni som tycker som jag i politiken och ni som inte riktigt tycker som jag men g\u00e5r att prata med i alla fall och mamma och pappa och syskonen och han, den r\u00e4ttvisaste jag tr\u00e4ffat, och hon som jag \u00e4lskar och v\u00e5ra barn och deras barn och resten av sl\u00e4kten och Nooshi Dadgostar och Jonas Sj\u00f6stedt och Bengt G\u00f6ransson och Mikael Wiehe och Woody Guthrie och Joe Hill och ultral\u00f6paren Rune Larsson och Werner Aspenstr\u00f6m och Astrid Lindgren och Laleh och Bengt Cidden Andersson och fotbollslandslaget (s\u00e4rskilt damerna) och Tove Alexandersson i skogen, Torbj\u00f6rn Nilsson p\u00e5 planen, Ingemar Unge i spalterna, Kjell Eriksson i b\u00f6ckerna, Lars Lerin i akvarellerna och ni i Deje som jobbar med landets f\u00f6rsta fritidsbank och du som hittade p\u00e5 Fritidsbanken och gubbarna jag babblar med p\u00e5 m\u00e5ndagarna och de jag vandrar med p\u00e5 torsdagarna och alla styrelserna och b\u00e5da bokcirklarna och dom goa slitvargarna jag fick vara chef \u00f6ver och G\u00f6sta p\u00e5 s\u00e5gen, n\u00e4mnde jag honom?<\/p>\n\n\n\n<p class=\"wp-block-paragraph\">Det \u00e4r m\u00e5nga jag inte n\u00e4mnt. A som mitt land tvingade flytta till \u00d6sterrike i g\u00e5r. M som brukar sitta utanf\u00f6r Konsum med sin mugg. Kamraterna som l\u00e4rde mig surfa p\u00e5 n\u00e4tet och Claes Eriksson och han som l\u00e4rde mig \u00e5ka nerf\u00f6r st\u00e5ngen p\u00e5 St. John\u2019s East brandstation i Brooklyn.<\/p>\n\n\n\n<p class=\"wp-block-paragraph\">Jag tycker om m\u00e4nniskor.<br>M\u00e4nniskor och f\u00e5glar.<\/p>\n\n\n\n<p class=\"has-background wp-block-paragraph\" style=\"background-color:#94dcfb\"><a href=\"https:\/\/sven-ove.nu\/\">Hem<\/a>&nbsp;|&nbsp;<a href=\"https:\/\/sven-ove.nu\/?page_id=170\">Om mig<\/a>&nbsp;|&nbsp;<a href=\"https:\/\/sven-ove.nu\/?page_id=1385\">Skriva &amp; prata<\/a>&nbsp;|&nbsp;<a href=\"https:\/\/sven-ove.nu\/?page_id=100\">Politik<\/a>&nbsp;|&nbsp;<a href=\"https:\/\/sven-ove.nu\/?page_id=102\">L\u00f6pa<\/a>&nbsp;|&nbsp;<a href=\"https:\/\/sven-ove.nu\/?page_id=108\">Viktor Root<\/a>&nbsp;&nbsp;<br><em>Inl\u00e4gg nr 2 187. (c) Sven-Ove Svensson (men dela g\u00e4rna).<\/em><\/p>\n","protected":false},"excerpt":{"rendered":"<p>Jag tycker om m\u00e4nniskor. Det har jag vetat l\u00e4nge. Jag tycker om farmor och han som var ordf\u00f6rande i f\u00f6rsta idrottsf\u00f6reningen och han som var v\u00e5r l\u00e4rare i femman och l\u00e4rde mig \u00e4lska kartor och EWK som visade mig sv\u00e4lten i tredje v\u00e4rlden och svenska kalhyggens \u00f6dslighet med sina teckningar och Karl Marx som l\u00e4rde &hellip; <a href=\"https:\/\/sven-ove.nu\/?p=24397\" class=\"more-link\">Forts\u00e4tt l\u00e4sa <span class=\"screen-reader-text\">Jag tycker om m\u00e4nniskor<\/span><\/a><\/p>\n","protected":false},"author":1,"featured_media":0,"comment_status":"closed","ping_status":"open","sticky":false,"template":"","format":"standard","meta":{"_crdt_document":"","_monsterinsights_skip_tracking":false,"_monsterinsights_sitenote_active":false,"_monsterinsights_sitenote_note":"","_monsterinsights_sitenote_category":0,"footnotes":""},"categories":[10,28,5,6,9,4],"tags":[3,24,18,14,21,17],"class_list":["post-24397","post","type-post","status-publish","format-standard","hentry","category-familjen","category-kreativt-folk","category-lopning","category-natur","category-politik","category-skrivande","tag-arbete","tag-karlek","tag-lardomar","tag-lasning","tag-ord","tag-solidaritet"],"_links":{"self":[{"href":"https:\/\/sven-ove.nu\/index.php?rest_route=\/wp\/v2\/posts\/24397","targetHints":{"allow":["GET"]}}],"collection":[{"href":"https:\/\/sven-ove.nu\/index.php?rest_route=\/wp\/v2\/posts"}],"about":[{"href":"https:\/\/sven-ove.nu\/index.php?rest_route=\/wp\/v2\/types\/post"}],"author":[{"embeddable":true,"href":"https:\/\/sven-ove.nu\/index.php?rest_route=\/wp\/v2\/users\/1"}],"replies":[{"embeddable":true,"href":"https:\/\/sven-ove.nu\/index.php?rest_route=%2Fwp%2Fv2%2Fcomments&post=24397"}],"version-history":[{"count":6,"href":"https:\/\/sven-ove.nu\/index.php?rest_route=\/wp\/v2\/posts\/24397\/revisions"}],"predecessor-version":[{"id":24405,"href":"https:\/\/sven-ove.nu\/index.php?rest_route=\/wp\/v2\/posts\/24397\/revisions\/24405"}],"wp:attachment":[{"href":"https:\/\/sven-ove.nu\/index.php?rest_route=%2Fwp%2Fv2%2Fmedia&parent=24397"}],"wp:term":[{"taxonomy":"category","embeddable":true,"href":"https:\/\/sven-ove.nu\/index.php?rest_route=%2Fwp%2Fv2%2Fcategories&post=24397"},{"taxonomy":"post_tag","embeddable":true,"href":"https:\/\/sven-ove.nu\/index.php?rest_route=%2Fwp%2Fv2%2Ftags&post=24397"}],"curies":[{"name":"wp","href":"https:\/\/api.w.org\/{rel}","templated":true}]}}