{"id":24460,"date":"2021-11-24T04:25:00","date_gmt":"2021-11-24T03:25:00","guid":{"rendered":"http:\/\/sven-ove.nu\/?p=24460"},"modified":"2021-11-23T23:37:27","modified_gmt":"2021-11-23T22:37:27","slug":"du-ar-fin-som-du-ar","status":"publish","type":"post","link":"https:\/\/sven-ove.nu\/?p=24460","title":{"rendered":"Du \u00e4r fin som du \u00e4r!"},"content":{"rendered":"\n<figure class=\"wp-block-image size-large is-resized\"><a href=\"https:\/\/sven-ove.nu\/wp-content\/uploads\/2021\/11\/Pinoberget-rotated.jpg\"><img loading=\"lazy\" decoding=\"async\" src=\"https:\/\/sven-ove.nu\/wp-content\/uploads\/2021\/11\/Pinoberget-768x1024.jpg\" alt=\"\" class=\"wp-image-24461\" width=\"646\" height=\"861\" srcset=\"https:\/\/sven-ove.nu\/wp-content\/uploads\/2021\/11\/Pinoberget-768x1024.jpg 768w, https:\/\/sven-ove.nu\/wp-content\/uploads\/2021\/11\/Pinoberget-225x300.jpg 225w, https:\/\/sven-ove.nu\/wp-content\/uploads\/2021\/11\/Pinoberget-1152x1536.jpg 1152w, https:\/\/sven-ove.nu\/wp-content\/uploads\/2021\/11\/Pinoberget-rotated.jpg 1512w\" sizes=\"auto, (max-width: 646px) 100vw, 646px\" \/><\/a><\/figure>\n\n\n\n<blockquote class=\"wp-block-quote is-layout-flow wp-block-quote-is-layout-flow\"><p>En v\u00e4n skriver om den gr\u00e5 november. Han \u00e4r en lysande skribent och jag \u00e4lskar hans texter.<br>\u00c4nd\u00e5. Tyst tyst f\u00f6r mig sj\u00e4lv viskar jag till november att hon \u00e4r fin som hon \u00e4r.&nbsp;<\/p><\/blockquote>\n\n\n\n<p class=\"wp-block-paragraph\">Aldrig flammar soluppg\u00e5ngarna vackrare \u00f6ver De bl\u00e5 bergen borta vid v\u00e5r horisont. Aldrig \u00e4r det s\u00e5 roligt att tr\u00e4 p\u00e5 sig n\u00e5got nytt blinkande reflexarmband p\u00e5 kv\u00e4llen n\u00e4r jag ska p\u00e5 Hittaut-m\u00f6te vid v\u00e5r friluftsg\u00e5rd. Aldrig k\u00e4nns f\u00e4rgerna i naturen mer avskalat rena om mornarna \u00e4n nu.<\/p>\n\n\n\n<p class=\"wp-block-paragraph\">Vi \u00e4r f\u00e4rdiga f\u00f6r s\u00e4songen i tr\u00e4dg\u00e5rden. I h\u00f6st f\u00e4llde vi ett \u00e4ppeltr\u00e4d som inte trivdes och ett p\u00e4rontr\u00e4d som vi inte trivdes med. Nyss kunde vi t\u00f6mma komposten p\u00e5 allt det riset. Tr\u00e4dg\u00e5rdslandet \u00e4r gr\u00e4vt, ena stubben uppbruten, diverse rabattkanter friserade, lagom mycket l\u00f6v krattade, \u00e4ngen har f\u00e5tt en del nya l\u00f6kar och fr\u00f6n och alla f\u00e5gelmatarna \u00e4r uppsatta och p\u00e5fyllda. Nu f\u00e5r mikroorganismerna och tiden g\u00f6ra sitt.<\/p>\n\n\n\n<p class=\"wp-block-paragraph\"><strong>17 arter hittills<\/strong><br>Den f\u00f6rsta arten vi s\u00e5g vid matarna fredagen den 15 oktober n\u00e4r \u00e5rets f\u00e5gelt\u00e4vling startade var en skata. Sedan dess har vi noterat talgoxe, pilfink, gr\u00f6nfink, bl\u00e5mes, kaja, talltita, koltrast, bj\u00f6rktrast, kr\u00e5ka, n\u00f6tv\u00e4cka, bergfink, stenkn\u00e4ck, sidensvans, domherre, gr\u00e5siska och gulsparv. En normal start.&nbsp;<\/p>\n\n\n\n<p class=\"wp-block-paragraph\">\u00c4n s\u00e5 l\u00e4nge \u00e4r pilfinken karakt\u00e4rsf\u00e5gel utanf\u00f6r k\u00f6ksf\u00f6nstret. I g\u00e5r kom gulsparven. Kikaren bredvid kaffekoppen l\u00e4ngtar efter stj\u00e4rtmes, hackspett och n\u00f6tskrika.<\/p>\n\n\n\n<p class=\"wp-block-paragraph\"><strong>N\u00e4sta sommars stolpar<\/strong><br>I \u00e5r tog jag ledigt fr\u00e5n arbetet med Hittaut-stolparna. De klarade sig bra utan mig. 721 personer passade p\u00e5 att registrera checkpoints, vilket \u00e4r rekord. N\u00e5gra av dem l\u00e5ngv\u00e4ga. Under pandemin har stolpletarna blivit dubbelt s\u00e5 m\u00e5nga i v\u00e5r kommun, precis som p\u00e5 m\u00e5nga andra h\u00e5ll. Det k\u00e4nns fint trots allt och i forts\u00e4ttningen \u00e4r jag med igen.<\/p>\n\n\n\n<p class=\"wp-block-paragraph\">Vid m\u00f6tet h\u00e4rom kv\u00e4llen fick jag tre kartprov av banl\u00e4ggare Bj\u00f6rn med planerade stolpkontroller inf\u00f6r s\u00e4songen 2022. Det vattnas i munnen n\u00e4r jag t\u00e4nker p\u00e5 att jag snart ska ge mig ut och rekognosera dem. Inte f\u00f6r att jag m\u00e5ste men f\u00f6r att jag vill. I februari ska kartan l\u00e4mnas till tryck.<br><br>Skorna luktar skog och lycka.<\/p>\n\n\n\n<p class=\"wp-block-paragraph\"><em><strong>###<\/strong> En helt annan lycka: Tack Nooshi Dadgostar (V) f\u00f6r bra jobb med att f\u00f6rb\u00e4ttra f\u00f6r de pension\u00e4rer som har det s\u00e4mst.<\/em><\/p>\n\n\n\n<p class=\"wp-block-paragraph\"><em><strong>###<\/strong> Tack \u00e4ven Magdalena Andersson (S) och M\u00e4rta Stenevi (MP) f\u00f6r f\u00f6rhandlingsresultatet.<\/em><\/p>\n\n\n\n<p class=\"wp-block-paragraph\"><em><strong>###<\/strong> Solidaritet!<\/em><\/p>\n\n\n\n<p class=\"has-light-gray-background-color has-background wp-block-paragraph\"><a href=\"https:\/\/sven-ove.nu\/\">Hem<\/a>&nbsp;|&nbsp;<a href=\"https:\/\/sven-ove.nu\/?page_id=170\">Om mig<\/a>&nbsp;|&nbsp;<a href=\"https:\/\/sven-ove.nu\/?page_id=1385\">Skriva &amp; prata<\/a>&nbsp;|&nbsp;<a href=\"https:\/\/sven-ove.nu\/?page_id=100\">Politik<\/a>&nbsp;|&nbsp;<a href=\"https:\/\/sven-ove.nu\/?page_id=102\">L\u00f6pa<\/a>&nbsp;|&nbsp;<a href=\"https:\/\/sven-ove.nu\/?page_id=108\">Viktor Root<\/a>&nbsp;&nbsp;<br><em>Inl\u00e4gg nr 2 193. (c) Sven-Ove Svensson (men dela g\u00e4rna).<\/em><\/p>\n","protected":false},"excerpt":{"rendered":"<p>En v\u00e4n skriver om den gr\u00e5 november. Han \u00e4r en lysande skribent och jag \u00e4lskar hans texter.\u00c4nd\u00e5. Tyst tyst f\u00f6r mig sj\u00e4lv viskar jag till november att hon \u00e4r fin som hon \u00e4r.&nbsp; Aldrig flammar soluppg\u00e5ngarna vackrare \u00f6ver De bl\u00e5 bergen borta vid v\u00e5r horisont. Aldrig \u00e4r det s\u00e5 roligt att tr\u00e4 p\u00e5 sig n\u00e5got &hellip; <a href=\"https:\/\/sven-ove.nu\/?p=24460\" class=\"more-link\">Forts\u00e4tt l\u00e4sa <span class=\"screen-reader-text\">Du \u00e4r fin som du \u00e4r!<\/span><\/a><\/p>\n","protected":false},"author":1,"featured_media":0,"comment_status":"closed","ping_status":"open","sticky":false,"template":"","format":"standard","meta":{"_crdt_document":"","_monsterinsights_skip_tracking":false,"_monsterinsights_sitenote_active":false,"_monsterinsights_sitenote_note":"","_monsterinsights_sitenote_category":0,"footnotes":""},"categories":[10,28,6],"tags":[24],"class_list":["post-24460","post","type-post","status-publish","format-standard","hentry","category-familjen","category-kreativt-folk","category-natur","tag-karlek"],"_links":{"self":[{"href":"https:\/\/sven-ove.nu\/index.php?rest_route=\/wp\/v2\/posts\/24460","targetHints":{"allow":["GET"]}}],"collection":[{"href":"https:\/\/sven-ove.nu\/index.php?rest_route=\/wp\/v2\/posts"}],"about":[{"href":"https:\/\/sven-ove.nu\/index.php?rest_route=\/wp\/v2\/types\/post"}],"author":[{"embeddable":true,"href":"https:\/\/sven-ove.nu\/index.php?rest_route=\/wp\/v2\/users\/1"}],"replies":[{"embeddable":true,"href":"https:\/\/sven-ove.nu\/index.php?rest_route=%2Fwp%2Fv2%2Fcomments&post=24460"}],"version-history":[{"count":12,"href":"https:\/\/sven-ove.nu\/index.php?rest_route=\/wp\/v2\/posts\/24460\/revisions"}],"predecessor-version":[{"id":24475,"href":"https:\/\/sven-ove.nu\/index.php?rest_route=\/wp\/v2\/posts\/24460\/revisions\/24475"}],"wp:attachment":[{"href":"https:\/\/sven-ove.nu\/index.php?rest_route=%2Fwp%2Fv2%2Fmedia&parent=24460"}],"wp:term":[{"taxonomy":"category","embeddable":true,"href":"https:\/\/sven-ove.nu\/index.php?rest_route=%2Fwp%2Fv2%2Fcategories&post=24460"},{"taxonomy":"post_tag","embeddable":true,"href":"https:\/\/sven-ove.nu\/index.php?rest_route=%2Fwp%2Fv2%2Ftags&post=24460"}],"curies":[{"name":"wp","href":"https:\/\/api.w.org\/{rel}","templated":true}]}}