{"id":24478,"date":"2021-12-01T04:05:00","date_gmt":"2021-12-01T03:05:00","guid":{"rendered":"http:\/\/sven-ove.nu\/?p=24478"},"modified":"2021-11-30T17:40:11","modified_gmt":"2021-11-30T16:40:11","slug":"sveriges-grinigaste-gubbe","status":"publish","type":"post","link":"https:\/\/sven-ove.nu\/?p=24478","title":{"rendered":"Bland kloka kvinnor"},"content":{"rendered":"\n<figure class=\"wp-block-image size-large\"><a href=\"https:\/\/sven-ove.nu\/wp-content\/uploads\/2021\/11\/Snogubbe.jpg\"><img loading=\"lazy\" decoding=\"async\" width=\"1011\" height=\"1024\" src=\"https:\/\/sven-ove.nu\/wp-content\/uploads\/2021\/11\/Snogubbe-1011x1024.jpg\" alt=\"\" class=\"wp-image-24479\" srcset=\"https:\/\/sven-ove.nu\/wp-content\/uploads\/2021\/11\/Snogubbe-1011x1024.jpg 1011w, https:\/\/sven-ove.nu\/wp-content\/uploads\/2021\/11\/Snogubbe-296x300.jpg 296w, https:\/\/sven-ove.nu\/wp-content\/uploads\/2021\/11\/Snogubbe-768x778.jpg 768w, https:\/\/sven-ove.nu\/wp-content\/uploads\/2021\/11\/Snogubbe.jpg 1512w\" sizes=\"auto, (max-width: 1011px) 100vw, 1011px\" \/><\/a><figcaption><em>Den glada sn\u00f6gubben nere p\u00e5 byn i Forshaga har inget samband med texten. Han h\u00e4lsar.<\/em><\/figcaption><\/figure>\n\n\n\n<p class=\"wp-block-paragraph\"><\/p>\n\n\n\n<p class=\"has-large-font-size wp-block-paragraph\"><\/p>\n\n\n<h1>1.<\/h1>\n<p>Dagarna g\u00e5r och jag hamnar p\u00e5 politiskt m\u00f6te,&nbsp;<br>\u00e5ker p\u00e5 kurs i ledarskap, strategi och kommunikation,&nbsp;<br>sitter och pratar b\u00f6cker i f\u00e4rsk bokcirkel,&nbsp;<br>h\u00f6r Sveriges f\u00f6rsta kvinnliga statsminister presentera sin politik och sina ministrar,&nbsp;<br>f\u00f6ljer det allm\u00e4nna fl\u00f6det p\u00e5 Facebook och Instagram,&nbsp;<br>ser Sveriges damer spela fotboll och innebandy,&nbsp;<br>l\u00e4ser den senaste opinionsunders\u00f6kningen om partisympatier.<\/p>\n<p><!-- \/wp:post-content --><\/p>\n<p><!-- wp:paragraph --><\/p>\n<p>Dagarna g\u00e5r.<\/p>\n<p><!-- \/wp:paragraph --><\/p>\n<p><!-- wp:paragraph --><\/p>\n<p>Det \u00e4r bra m\u00f6ten, entusiasmerande kursdagar, kloka bokinl\u00e4gg, fart och fl\u00e4kt \u00f6ver f\u00e4rska ministerkvinnor, fina fotbollsmatcher, hoppfulla opinionssiffror &#8211; och dystra gubbar i fl\u00f6det.<\/p>\n<p>Det \u00e4r s\u00e5dana dagar jag t\u00e4nker att det vore bra om bara kvinnorna hade r\u00f6str\u00e4tt.<\/p>\n<p><!-- \/wp:paragraph --><\/p>\n<p><!-- wp:paragraph --><\/p>\n<p><!-- \/wp:paragraph --><\/p>\n<p><!-- wp:paragraph {\"fontSize\":\"large\"} --><\/p>\n<h1>2.<\/h1>\n<p>D\u00e5 dyker Ebba Busch upp i rutan.<br>Sveriges grinigaste gubbe.<\/p>\n<p><!-- \/wp:paragraph --><\/p>\n<p><!-- \/wp:paragraph --><\/p>\n<p><!-- wp:paragraph {\"backgroundColor\":\"light-gray\"} --><\/p>\n<p class=\"has-light-gray-background-color has-background\"><a href=\"https:\/\/sven-ove.nu\/\">Hem<\/a>&nbsp;|&nbsp;<a href=\"https:\/\/sven-ove.nu\/?page_id=170\">Om mig<\/a>&nbsp;|&nbsp;<a href=\"https:\/\/sven-ove.nu\/?page_id=1385\">Skriva &amp; prata<\/a>&nbsp;|&nbsp;<a href=\"https:\/\/sven-ove.nu\/?page_id=100\">Politik<\/a>&nbsp;|&nbsp;<a href=\"https:\/\/sven-ove.nu\/?page_id=102\">L\u00f6pa<\/a>&nbsp;|&nbsp;<a href=\"https:\/\/sven-ove.nu\/?page_id=108\">Viktor Root<\/a>&nbsp;&nbsp;<br><em>Inl\u00e4gg nr 2 194. (c) Sven-Ove Svensson (men dela g\u00e4rna).<\/em><\/p>\n<p><!-- \/wp:paragraph --><\/p>","protected":false},"excerpt":{"rendered":"<p>1. Dagarna g\u00e5r och jag hamnar p\u00e5 politiskt m\u00f6te,&nbsp;\u00e5ker p\u00e5 kurs i ledarskap, strategi och kommunikation,&nbsp;sitter och pratar b\u00f6cker i f\u00e4rsk bokcirkel,&nbsp;h\u00f6r Sveriges f\u00f6rsta kvinnliga statsminister presentera sin politik och sina ministrar,&nbsp;f\u00f6ljer det allm\u00e4nna fl\u00f6det p\u00e5 Facebook och Instagram,&nbsp;ser Sveriges damer spela fotboll och innebandy,&nbsp;l\u00e4ser den senaste opinionsunders\u00f6kningen om partisympatier. Dagarna g\u00e5r. Det \u00e4r bra &hellip; <a href=\"https:\/\/sven-ove.nu\/?p=24478\" class=\"more-link\">Forts\u00e4tt l\u00e4sa <span class=\"screen-reader-text\">Bland kloka kvinnor<\/span><\/a><\/p>\n","protected":false},"author":1,"featured_media":0,"comment_status":"closed","ping_status":"open","sticky":false,"template":"","format":"standard","meta":{"_crdt_document":"","_monsterinsights_skip_tracking":false,"_monsterinsights_sitenote_active":false,"_monsterinsights_sitenote_note":"","_monsterinsights_sitenote_category":0,"footnotes":""},"categories":[28,9,4],"tags":[45],"class_list":["post-24478","post","type-post","status-publish","format-standard","hentry","category-kreativt-folk","category-politik","category-skrivande","tag-solidaritet-dumheter"],"_links":{"self":[{"href":"https:\/\/sven-ove.nu\/index.php?rest_route=\/wp\/v2\/posts\/24478","targetHints":{"allow":["GET"]}}],"collection":[{"href":"https:\/\/sven-ove.nu\/index.php?rest_route=\/wp\/v2\/posts"}],"about":[{"href":"https:\/\/sven-ove.nu\/index.php?rest_route=\/wp\/v2\/types\/post"}],"author":[{"embeddable":true,"href":"https:\/\/sven-ove.nu\/index.php?rest_route=\/wp\/v2\/users\/1"}],"replies":[{"embeddable":true,"href":"https:\/\/sven-ove.nu\/index.php?rest_route=%2Fwp%2Fv2%2Fcomments&post=24478"}],"version-history":[{"count":15,"href":"https:\/\/sven-ove.nu\/index.php?rest_route=\/wp\/v2\/posts\/24478\/revisions"}],"predecessor-version":[{"id":24498,"href":"https:\/\/sven-ove.nu\/index.php?rest_route=\/wp\/v2\/posts\/24478\/revisions\/24498"}],"wp:attachment":[{"href":"https:\/\/sven-ove.nu\/index.php?rest_route=%2Fwp%2Fv2%2Fmedia&parent=24478"}],"wp:term":[{"taxonomy":"category","embeddable":true,"href":"https:\/\/sven-ove.nu\/index.php?rest_route=%2Fwp%2Fv2%2Fcategories&post=24478"},{"taxonomy":"post_tag","embeddable":true,"href":"https:\/\/sven-ove.nu\/index.php?rest_route=%2Fwp%2Fv2%2Ftags&post=24478"}],"curies":[{"name":"wp","href":"https:\/\/api.w.org\/{rel}","templated":true}]}}