{"id":24499,"date":"2021-12-04T04:04:00","date_gmt":"2021-12-04T03:04:00","guid":{"rendered":"http:\/\/sven-ove.nu\/?p=24499"},"modified":"2021-12-04T06:52:20","modified_gmt":"2021-12-04T05:52:20","slug":"24499","status":"publish","type":"post","link":"https:\/\/sven-ove.nu\/?p=24499","title":{"rendered":"Hur m\u00e5nga hockeytr\u00e4narportr\u00e4tt beh\u00f6vs det per dag?"},"content":{"rendered":"\n<figure class=\"wp-block-image size-full is-resized\"><a href=\"https:\/\/sven-ove.nu\/wp-content\/uploads\/2021\/12\/Klick.jpg\"><img loading=\"lazy\" decoding=\"async\" src=\"https:\/\/sven-ove.nu\/wp-content\/uploads\/2021\/12\/Klick.jpg\" alt=\"\" class=\"wp-image-24502\" width=\"542\" height=\"465\"\/><\/a><figcaption>Klickar med NWT.se<\/figcaption><\/figure>\n\n\n\n<p class=\"wp-block-paragraph\"><\/p>\n\n\n\n<blockquote class=\"wp-block-quote is-layout-flow wp-block-quote-is-layout-flow\"><p>Fredag. Hamnar i en diskussion i sociala medier. M\u00e5ste hockeyklubben F\u00e4rjestads tr\u00e4nare vara p\u00e5 bild i de v\u00e4rml\u00e4ndska l\u00e4nstidningarna hela tiden?<br>Ja, tycker ansvarig redakt\u00f6r p\u00e5 den stora tidningen. Hon ser ju att det \u00e4r s\u00e5 l\u00e4sarna vill ha det.<br>Klicken och bes\u00f6ken p\u00e5 n\u00e4tet styr.<\/p><\/blockquote>\n\n\n\n<p class=\"wp-block-paragraph\">Nu tittar n\u00e5gon i arkiven. Nya Wermlands-Tidningen har 1 006 artiklar om tr\u00e4nare Pennerborn i sitt digitala arkiv. V\u00e4rmlands Folkblad har \u00e4nnu fler \u00e4n den stora draken, n\u00e4mligen 1 015. \u00c4r han min provins mest omskrivna person?<\/p>\n\n\n\n<p class=\"wp-block-paragraph\">Klicken och bes\u00f6ken styr.<\/p>\n\n\n\n<p class=\"wp-block-paragraph\">Jag tycker detta \u00e4r en skr\u00e4mmande utveckling. Vill inte tidningscheferna n\u00e5got med sina jobb? K\u00e4nner de inget annat uppdrag \u00e4n att jaga klick?<\/p>\n\n\n\n<p class=\"wp-block-paragraph\"><strong>Bara en sport kvar?<\/strong><br>Kanske borde en och annan redaktion fundera \u00f6ver om man till och med skulle kunna ta ett ansvar f\u00f6r att bredda? Kanske \u00e4r man med och skapar efterfr\u00e5gan sj\u00e4lv? Kanske blir det bara en enda sport kvar till slut i v\u00e4rml\u00e4ndska medier om enbart klickjakten f\u00e5r styra?<\/p>\n\n\n\n<p class=\"wp-block-paragraph\">Sportjournalistiken har varit f\u00f6red\u00f6men p\u00e5 det s\u00e4ttet att den med sin entusiasm \u00f6kat fr\u00e5n enstaka notiser till vr\u00e4km\u00e5nga sidor p\u00e5 drygt hundra \u00e5r. Den har satsat skickligt p\u00e5 bilden och dramatiken, personifieringen och p\u00e5 att skildra b\u00e5de vardagen och festen.<\/p>\n\n\n\n<p class=\"wp-block-paragraph\">Nu \u00e4r man starka. S\u00e5 starka att inte ens vi sportintresserade alltid tycker balansen \u00e4r vettig p\u00e5 m\u00e5ndagarna. Kanske \u00e4r det dags att fundera \u00f6ver det d\u00e4r Astrid Lindgren-citatet fr\u00e5n 1947: \u201dDen som \u00e4r v\u00e4ldigt stark m\u00e5ste ocks\u00e5 vara v\u00e4ldigt sn\u00e4ll\u201d.<\/p>\n\n\n\n<p class=\"wp-block-paragraph\">Kanske \u00e4r det inte flest pennerbornare per spalt- och webbmillimetrar som vinner till sist?<\/p>\n\n\n\n<p class=\"wp-block-paragraph\"><strong>V\u00e5ga springa f\u00f6re<\/strong><br>Peter Franke, f\u00f6re detta chefredakt\u00f6r p\u00e5 VF som ocks\u00e5 deltar i diskussionen, skriver:<\/p>\n\n\n\n<p class=\"wp-block-paragraph\"><em>\u201d\u2019Vi ger folk \u00e4nnu mer av vad folk vill ha.\u2019 I det syns\u00e4ttet finns inga tankar p\u00e5 att f\u00f6r\u00e4ndra vare sig sportsidorna eller v\u00e4rlden.\u201d<\/em><\/p>\n\n\n\n<p class=\"wp-block-paragraph\">Jag h\u00e5ller med, precis s\u00e5 menar \u00e4ven jag. Livet blir roligare f\u00f6r b\u00e5de politiker och redakt\u00f6rer om de har ett st\u00f6rre syfte \u00e4n att h\u00e5lla en bl\u00f6t pekfinger i luften. V\u00e4rlden beh\u00f6ver fler som springer f\u00f6re och visar v\u00e4gen. Vi l\u00e4sare ocks\u00e5.<\/p>\n\n\n\n<p class=\"wp-block-paragraph\">Till och med om det klickar d\u00e5ligt i b\u00f6rjan.<\/p>\n\n\n\n<p class=\"has-light-gray-background-color has-background wp-block-paragraph\"><a href=\"https:\/\/sven-ove.nu\/\">Hem<\/a>&nbsp;|&nbsp;<a href=\"https:\/\/sven-ove.nu\/?page_id=170\">Om mig<\/a>&nbsp;|&nbsp;<a href=\"https:\/\/sven-ove.nu\/?page_id=1385\">Skriva &amp; prata<\/a>&nbsp;|&nbsp;<a href=\"https:\/\/sven-ove.nu\/?page_id=100\">Politik<\/a>&nbsp;|&nbsp;<a href=\"https:\/\/sven-ove.nu\/?page_id=102\">L\u00f6pa<\/a>&nbsp;|&nbsp;<a href=\"https:\/\/sven-ove.nu\/?page_id=108\">Viktor Root<\/a>&nbsp;&nbsp;<br><em>Inl\u00e4gg nr 2 195. (c) Sven-Ove Svensson (men dela g\u00e4rna).<\/em><\/p>\n","protected":false},"excerpt":{"rendered":"<p>Fredag. Hamnar i en diskussion i sociala medier. M\u00e5ste hockeyklubben F\u00e4rjestads tr\u00e4nare vara p\u00e5 bild i de v\u00e4rml\u00e4ndska l\u00e4nstidningarna hela tiden?Ja, tycker ansvarig redakt\u00f6r p\u00e5 den stora tidningen. Hon ser ju att det \u00e4r s\u00e5 l\u00e4sarna vill ha det.Klicken och bes\u00f6ken p\u00e5 n\u00e4tet styr. Nu tittar n\u00e5gon i arkiven. Nya Wermlands-Tidningen har 1 006 artiklar &hellip; <a href=\"https:\/\/sven-ove.nu\/?p=24499\" class=\"more-link\">Forts\u00e4tt l\u00e4sa <span class=\"screen-reader-text\">Hur m\u00e5nga hockeytr\u00e4narportr\u00e4tt beh\u00f6vs det per dag?<\/span><\/a><\/p>\n","protected":false},"author":1,"featured_media":0,"comment_status":"closed","ping_status":"open","sticky":false,"template":"","format":"standard","meta":{"_crdt_document":"","_monsterinsights_skip_tracking":false,"_monsterinsights_sitenote_active":false,"_monsterinsights_sitenote_note":"","_monsterinsights_sitenote_category":0,"footnotes":""},"categories":[9,4],"tags":[3,16,14,15],"class_list":["post-24499","post","type-post","status-publish","format-standard","hentry","category-politik","category-skrivande","tag-arbete","tag-dumheter","tag-lasning","tag-mediedjungeln"],"_links":{"self":[{"href":"https:\/\/sven-ove.nu\/index.php?rest_route=\/wp\/v2\/posts\/24499","targetHints":{"allow":["GET"]}}],"collection":[{"href":"https:\/\/sven-ove.nu\/index.php?rest_route=\/wp\/v2\/posts"}],"about":[{"href":"https:\/\/sven-ove.nu\/index.php?rest_route=\/wp\/v2\/types\/post"}],"author":[{"embeddable":true,"href":"https:\/\/sven-ove.nu\/index.php?rest_route=\/wp\/v2\/users\/1"}],"replies":[{"embeddable":true,"href":"https:\/\/sven-ove.nu\/index.php?rest_route=%2Fwp%2Fv2%2Fcomments&post=24499"}],"version-history":[{"count":9,"href":"https:\/\/sven-ove.nu\/index.php?rest_route=\/wp\/v2\/posts\/24499\/revisions"}],"predecessor-version":[{"id":24512,"href":"https:\/\/sven-ove.nu\/index.php?rest_route=\/wp\/v2\/posts\/24499\/revisions\/24512"}],"wp:attachment":[{"href":"https:\/\/sven-ove.nu\/index.php?rest_route=%2Fwp%2Fv2%2Fmedia&parent=24499"}],"wp:term":[{"taxonomy":"category","embeddable":true,"href":"https:\/\/sven-ove.nu\/index.php?rest_route=%2Fwp%2Fv2%2Fcategories&post=24499"},{"taxonomy":"post_tag","embeddable":true,"href":"https:\/\/sven-ove.nu\/index.php?rest_route=%2Fwp%2Fv2%2Ftags&post=24499"}],"curies":[{"name":"wp","href":"https:\/\/api.w.org\/{rel}","templated":true}]}}